{"id":163137,"date":"2025-04-16T15:22:56","date_gmt":"2025-04-16T12:22:56","guid":{"rendered":"https:\/\/www.tgrthaber.com\/mavikadin\/?p=163137"},"modified":"2025-04-17T08:58:53","modified_gmt":"2025-04-17T05:58:53","slug":"tarkanin-annesi-nese-tevetoglu-kac-yasindaydi-meslegi-ne-nese-tevetoglu-neden-oldu","status":"publish","type":"post","link":"https:\/\/www.tgrthaber.com\/mavikadin\/tarkanin-annesi-nese-tevetoglu-kac-yasindaydi-meslegi-ne-nese-tevetoglu-neden-oldu\/","title":{"rendered":"Tarkan\u2019\u0131n annesi Ne\u015fe Teveto\u011flu ka\u00e7 ya\u015f\u0131ndayd\u0131 mesle\u011fi ne? Ne\u015fe Teveto\u011flu neden \u00f6ld\u00fc?"},"content":{"rendered":"<p>Tarkan\u2019\u0131n annesi Ne\u015fe Teveto\u011flu ka\u00e7 ya\u015f\u0131ndayd\u0131 mesle\u011fi ne? ara\u015ft\u0131r\u0131lmaya ba\u015fland\u0131. Kalp krizi nedeniyle hayat\u0131n\u0131 kaybeden Ne\u015fe Teveto\u011flu ani \u00f6l\u00fcm\u00fcyle ailesini ve yak\u0131n \u00e7evresini h\u00fczne bo\u011fdu.<\/p>\n<h3>NE\u015eE TEVETO\u011eLU K\u0130MD\u0130R?<\/h3>\n<p>Tarkan\u2019\u0131n annesi Almanya do\u011fumlu, babas\u0131 ise T\u00fcrkiye do\u011fumlu. Tarkan Teveto\u011flu&#8217;nun annesi Ne\u015fe Teveto\u011flu hayat\u0131n\u0131 kaybetti. Ac\u0131 haberi alan Tarkan \u0130stanbul&#8217;a d\u00f6nd\u00fc.<\/p>\n<p>\u00dcnl\u00fc ismin Antalya\u2019da ya\u015fayan annesi Ne\u015fe Teveto\u011flu, kalp krizi nedeniyle vefat etti. Anne Ne\u015fe Teveto\u011flu son yolculu\u011funa yar\u0131n \u0130stanbul\u2019da u\u011furlanacak.<\/p>\n<p>Tarkan&#8217;\u0131n annesi Ne\u015fe Teveto\u011flu damar t\u0131kan\u0131kl\u0131\u011f\u0131 y\u00fcz\u00fcnden daha \u00f6nce de tedavi g\u00f6rm\u00fc\u015ft\u00fc. Teveto\u011flu bir s\u00fcredir baca\u011f\u0131ndaki sa\u011fl\u0131k sorunlar\u0131 nedeniyle tedavi g\u00f6r\u00fcyordu.<\/p>\n<p><img loading=\"lazy\" decoding=\"async\" class=\"alignnone size-full wp-image-163139\" src=\"https:\/\/www.tgrthaber.com\/mavikadin\/wp-content\/uploads\/Tarkan-3.png\" alt=\"\" width=\"1208\" height=\"680\" title=\"\" srcset=\"https:\/\/www.tgrthaber.com\/mavikadin\/wp-content\/uploads\/Tarkan-3.png 1208w, https:\/\/www.tgrthaber.com\/mavikadin\/wp-content\/uploads\/Tarkan-3-300x169.png 300w, https:\/\/www.tgrthaber.com\/mavikadin\/wp-content\/uploads\/Tarkan-3-1024x576.png 1024w, https:\/\/www.tgrthaber.com\/mavikadin\/wp-content\/uploads\/Tarkan-3-768x432.png 768w\" sizes=\"(max-width: 1208px) 100vw, 1208px\" \/><\/p>\n<hr \/>\n<h3>NE\u015eE TEVETO\u011eLU MESLE\u011e\u0130 NED\u0130R?<\/h3>\n<p>As\u0131l mesle\u011fi m\u00fczik \u00f6\u011fretmeni olan Ne\u015fe Teveto\u011flu uzun y\u0131llar \u00f6\u011fretmenlik yapt\u0131.<\/p>\n<p>4 karde\u015f olan Ne\u015fe Teveto\u011flu\u2019nun karde\u015flerinin isimleri \u015eule, Ay\u015fe, Mehmet ve Hasan\u2019d\u0131r.<\/p>\n<p>Onur Akay, bu sefer Tarkan\u2019\u0131n annesi Ne\u015fe Teveto\u011flu hakk\u0131nda \u00fcz\u00fcc\u00fc bir haberi payla\u015ft\u0131. Akay, Tarkan\u2019\u0131n annesi Ne\u015fe Teveto\u011flu\u2019nun sa\u011fl\u0131k problemleri nedeniyle hastaneye kald\u0131r\u0131ld\u0131\u011f\u0131n\u0131 a\u00e7\u0131klam\u0131\u015ft\u0131.<\/p>\n<p><img loading=\"lazy\" decoding=\"async\" class=\"alignnone size-full wp-image-163140\" src=\"https:\/\/www.tgrthaber.com\/mavikadin\/wp-content\/uploads\/Tarkan-2.png\" alt=\"\" width=\"1208\" height=\"680\" title=\"\" srcset=\"https:\/\/www.tgrthaber.com\/mavikadin\/wp-content\/uploads\/Tarkan-2.png 1208w, https:\/\/www.tgrthaber.com\/mavikadin\/wp-content\/uploads\/Tarkan-2-300x169.png 300w, https:\/\/www.tgrthaber.com\/mavikadin\/wp-content\/uploads\/Tarkan-2-1024x576.png 1024w, https:\/\/www.tgrthaber.com\/mavikadin\/wp-content\/uploads\/Tarkan-2-768x432.png 768w\" sizes=\"(max-width: 1208px) 100vw, 1208px\" \/><\/p>\n<hr \/>\n<p>Akay, \u201cDe\u011ferli sanat\u00e7\u0131m\u0131z Tarkan Teveto\u011flu zor g\u00fcnler ge\u00e7iriyor. Tarkan\u2019\u0131n annesi Ne\u015fe Teveto\u011flu han\u0131mefendi sa\u011fl\u0131k problemleri nedeniyle \u00f6zel bir hastaneye kald\u0131r\u0131ld\u0131. \u00dcsk\u00fcdar\u2019da bulunan \u00f6zel bir hastanede tedavi g\u00f6ren Ne\u015fe Han\u0131m\u2019\u0131n, aileye yak\u0131n ki\u015filerden kalple ilgili sorunlar ya\u015fad\u0131\u011f\u0131n\u0131 \u00f6\u011frendim\u201d ifadelerini kullanm\u0131\u015ft\u0131.<br \/>\nTarkan\u2019\u0131n annesi Ne\u015fe Teveto\u011flu aya\u011f\u0131ndaki damar t\u0131kan\u0131kl\u0131\u011f\u0131 nedeniyle ameliyat olmu\u015ftu.<\/p>\n<p><img loading=\"lazy\" decoding=\"async\" class=\"alignnone size-full wp-image-163141\" src=\"https:\/\/www.tgrthaber.com\/mavikadin\/wp-content\/uploads\/Tarkan-4.png\" alt=\"\" width=\"1208\" height=\"680\" title=\"\" srcset=\"https:\/\/www.tgrthaber.com\/mavikadin\/wp-content\/uploads\/Tarkan-4.png 1208w, https:\/\/www.tgrthaber.com\/mavikadin\/wp-content\/uploads\/Tarkan-4-300x169.png 300w, https:\/\/www.tgrthaber.com\/mavikadin\/wp-content\/uploads\/Tarkan-4-1024x576.png 1024w, https:\/\/www.tgrthaber.com\/mavikadin\/wp-content\/uploads\/Tarkan-4-768x432.png 768w\" sizes=\"(max-width: 1208px) 100vw, 1208px\" \/><\/p>\n<hr \/>\n<p><strong>Taburcu edilen Teveto\u011flu\u2019nun sa\u011fl\u0131k durumu hakk\u0131nda hastaneden \u015fu a\u00e7\u0131klama yap\u0131lm\u0131\u015ft\u0131:<\/strong><\/p>\n<p>\u201cNe\u015fe Teveto\u011flu ani ba\u015flayan sa\u011f bacak a\u011fr\u0131s\u0131, uyu\u015fma ve his kayb\u0131 \u015fik\u00e2yetleriyle hastanemize ba\u015fvurdu. Yap\u0131lan incelemeler sonucunda sa\u011f bacak ana atardamar\u0131nda y\u00fczde 100 t\u0131kan\u0131kl\u0131k oldu\u011fu g\u00f6r\u00fcld\u00fc ve acilen ameliyata al\u0131nd\u0131. Ameliyat sonras\u0131 ikinci g\u00fcnde yap\u0131lan atardamar doppler ultrasonografi kontrol\u00fc ile bacak kan dola\u015f\u0131m\u0131nda sorun olmad\u0131\u011f\u0131 g\u00f6r\u00fclm\u00fc\u015ft\u00fcr ve taburcu edilmi\u015ftir.\u201d<br \/>\nAnnesinin sa\u011fl\u0131\u011f\u0131na kavu\u015ftu\u011funu sosyal medya hesab\u0131ndan duyuran Tarkan, hastanenin doktorlar\u0131na te\u015fekk\u00fcr etti. 10 y\u0131l sonra karde\u015fleriyle bir araya geldi\u011fini anlatan \u00fcnl\u00fc \u015fark\u0131c\u0131 \u015fu notu d\u00fc\u015ft\u00fc;<\/p>\n<p>\u201cGe\u00e7ti\u011fimiz g\u00fcnlerde annemizin ge\u00e7irdi\u011fi bir rahats\u0131zl\u0131k nedeniyle b\u00fct\u00fcn karde\u015fler seferber olduk. Anneci\u011fimiz \u00e7ok \u015f\u00fck\u00fcr tekrar sa\u011fl\u0131\u011f\u0131na kavu\u015funca da bu hat\u0131ra foto\u011fraf\u0131 \u00e7ektirmeden olmazd\u0131. \u00c7\u00fcnk\u00fc 10 y\u0131l sonra 6 karde\u015f ilk kez tekrar bir araya gelmi\u015ftik. Bu vesileyle annemin sa\u011fl\u0131\u011f\u0131na kavu\u015fmas\u0131n\u0131 sa\u011flayan doktorumuza sonsuz te\u015fekk\u00fcrler. Ayr\u0131ca katk\u0131s\u0131, eme\u011fi olan t\u00fcm di\u011fer doktorlara, hem\u015firelere ve hastane \u00e7al\u0131\u015fanlar\u0131na da \u00e7ok te\u015fekk\u00fcrler.\u201d<\/p>\n<h3>NE\u015eE TEVETO\u011eLU NE ZAMAN DEFNED\u0130LECEK?<\/h3>\n<p>Ne\u015fe Teveto\u011flu&#8217;nun cenazesi, 17 Nisan&#8217;da Maltepe Cumhuriyet Camii&#8217;nde \u00f6\u011fle namaz\u0131na m\u00fcteakip k\u0131l\u0131nacak cenaze namaz\u0131 sonras\u0131nda Maltepe Mezarl\u0131\u011f\u0131&#8217;na defnedilecek.<\/p>\n","protected":false},"excerpt":{"rendered":"<p>Tarkan\u2019\u0131n annesi Ne\u015fe Teveto\u011flu ka\u00e7 ya\u015f\u0131ndayd\u0131 mesle\u011fi ne? merak ediliyor. Ani vefat\u0131yla sevenlerini h\u00fczne bo\u011fan Ne\u015fe Teveto\u011flu\u2019nun kim oldu\u011fu ara\u015ft\u0131r\u0131l\u0131yor.<\/p>\n","protected":false},"author":5,"featured_media":163138,"comment_status":"closed","ping_status":"closed","sticky":false,"template":"","format":"standard","meta":{"rank_math_lock_modified_date":false,"footnotes":""},"categories":[491],"tags":[3374,18182,2941],"class_list":["post-163137","post","type-post","status-publish","format-standard","has-post-thumbnail","hentry","category-biyografi","tag-biyografi","tag-nese-tevetoglu","tag-tarkan"],"_links":{"self":[{"href":"https:\/\/www.tgrthaber.com\/mavikadin\/wp-json\/wp\/v2\/posts\/163137"}],"collection":[{"href":"https:\/\/www.tgrthaber.com\/mavikadin\/wp-json\/wp\/v2\/posts"}],"about":[{"href":"https:\/\/www.tgrthaber.com\/mavikadin\/wp-json\/wp\/v2\/types\/post"}],"author":[{"embeddable":true,"href":"https:\/\/www.tgrthaber.com\/mavikadin\/wp-json\/wp\/v2\/users\/5"}],"replies":[{"embeddable":true,"href":"https:\/\/www.tgrthaber.com\/mavikadin\/wp-json\/wp\/v2\/comments?post=163137"}],"version-history":[{"count":5,"href":"https:\/\/www.tgrthaber.com\/mavikadin\/wp-json\/wp\/v2\/posts\/163137\/revisions"}],"predecessor-version":[{"id":163521,"href":"https:\/\/www.tgrthaber.com\/mavikadin\/wp-json\/wp\/v2\/posts\/163137\/revisions\/163521"}],"wp:featuredmedia":[{"embeddable":true,"href":"https:\/\/www.tgrthaber.com\/mavikadin\/wp-json\/wp\/v2\/media\/163138"}],"wp:attachment":[{"href":"https:\/\/www.tgrthaber.com\/mavikadin\/wp-json\/wp\/v2\/media?parent=163137"}],"wp:term":[{"taxonomy":"category","embeddable":true,"href":"https:\/\/www.tgrthaber.com\/mavikadin\/wp-json\/wp\/v2\/categories?post=163137"},{"taxonomy":"post_tag","embeddable":true,"href":"https:\/\/www.tgrthaber.com\/mavikadin\/wp-json\/wp\/v2\/tags?post=163137"}],"curies":[{"name":"wp","href":"https:\/\/api.w.org\/{rel}","templated":true}]}}