{"id":163147,"date":"2025-04-16T16:18:30","date_gmt":"2025-04-16T13:18:30","guid":{"rendered":"https:\/\/www.tgrthaber.com\/mavikadin\/?p=163147"},"modified":"2025-09-18T17:03:21","modified_gmt":"2025-09-18T14:03:21","slug":"tarkan-kac-kardes-tarkanin-babasi-kim","status":"publish","type":"post","link":"https:\/\/www.tgrthaber.com\/mavikadin\/tarkan-kac-kardes-tarkanin-babasi-kim\/","title":{"rendered":"Tarkan ka\u00e7 karde\u015f? Tarkan\u2019\u0131n babas\u0131 kim?"},"content":{"rendered":"<p>T\u00fcrk pop m\u00fczi\u011finin megastar\u0131 Tarkan, sadece m\u00fczi\u011fiyle de\u011fil, ayn\u0131 zamanda \u00f6zel hayat\u0131yla da her zaman merak konusu olmu\u015ftur. Onun sahne \u0131\u015f\u0131klar\u0131n\u0131n ard\u0131ndaki hayat\u0131, ailesiyle olan ili\u015fkileri ve ge\u00e7mi\u015fi de hayranlar\u0131 taraf\u0131ndan s\u0131k\u00e7a ara\u015ft\u0131r\u0131l\u0131yor. Peki, Tarkan ka\u00e7 karde\u015ftir? Babas\u0131 kimdir? sorular\u0131 ara\u015ft\u0131r\u0131lmaya ba\u015fland\u0131.<\/p>\n<h3>TARKAN KA\u00c7 KARDE\u015e?<\/h3>\n<p>Tarkan Tevetog\u0306lu, 17 Ekim 1972 tarihinde Almanya\u2019n\u0131n Frankfurt kentinde d\u00fcnyaya geldi. Ailesi, Tarkan daha k\u00fc\u00e7\u00fck ya\u015ftayken Almanya\u2019ya i\u015f\u00e7i olarak g\u00f6\u00e7 etmi\u015fti. K\u00fc\u00e7\u00fck ya\u015flarda ilgi duydu\u011fu m\u00fczikle piyasaya ad\u0131m atm\u0131\u015ft\u0131r. Tarkan, 1992&#8217;nin son aylar\u0131nda ilk st\u00fcdyo alb\u00fcm\u00fc Yine Sensiz&#8217;i piyasaya s\u00fcrd\u00fc ve alb\u00fcmdeki &#8220;K\u0131l Oldum&#8221; \u015fark\u0131s\u0131yla \u00e7\u0131k\u0131\u015f yapt\u0131. Aslen Rize, \u0130kizdereli olan Tarkan Teveto\u011flu, Ne\u015fe ve Ali Teveto\u011flu \u00e7iftinin \u00e7ocu\u011fu olarak Bat\u0131 Almanya&#8217;n\u0131n Renanya-Palatina eyaletinde yer alan Alzey kasabas\u0131nda d\u00fcnyaya gelmi\u015f annesi Ne\u015fe Teveto\u011flu, Tarkan adl\u0131 \u00e7izgi roman karakterinden etkilenerek o\u011fluna bu ad\u0131 vermi\u015f.<\/p>\n<p><img loading=\"lazy\" decoding=\"async\" class=\"alignnone wp-image-163163\" src=\"https:\/\/www.tgrthaber.com\/mavikadin\/wp-content\/uploads\/haber-gorselleri-fotoshop-88-4-1024x576.jpg\" alt=\"Tarkan ka\u00e7 karde\u015f? Tarkan\u2019\u0131n babas\u0131 kim?\" width=\"1208\" height=\"680\" title=\"\" srcset=\"https:\/\/www.tgrthaber.com\/mavikadin\/wp-content\/uploads\/haber-gorselleri-fotoshop-88-4-1024x576.jpg 1024w, https:\/\/www.tgrthaber.com\/mavikadin\/wp-content\/uploads\/haber-gorselleri-fotoshop-88-4-300x169.jpg 300w, https:\/\/www.tgrthaber.com\/mavikadin\/wp-content\/uploads\/haber-gorselleri-fotoshop-88-4-768x432.jpg 768w, https:\/\/www.tgrthaber.com\/mavikadin\/wp-content\/uploads\/haber-gorselleri-fotoshop-88-4-1536x864.jpg 1536w, https:\/\/www.tgrthaber.com\/mavikadin\/wp-content\/uploads\/haber-gorselleri-fotoshop-88-4.jpg 1600w\" sizes=\"(max-width: 1208px) 100vw, 1208px\" \/><\/p>\n<hr \/>\n<p>\u0130lerleyen y\u0131llarda ailesinin \u0130stanbul&#8217;a ta\u015f\u0131nmas\u0131 \u00fczerinde \u00dcsk\u00fcdar Musiki Cemiyeti&#8217;nde e\u011fitimine devam etmi\u015f ve \u00e7e\u015fitli mekanlarda sahne almaya ba\u015flam\u0131\u015ft\u0131r. Lise bitiminde, istedi\u011fi \u00fcniversite b\u00f6l\u00fcm\u00fcn\u00fc kazanamamas\u0131 \u00fczerine Almanya&#8217;ya gitme planlar\u0131 yapt\u0131\u011f\u0131 s\u0131rada \u0130stanbul Plak \u015firketinin sahibi Mehmet S\u00f6\u011f\u00fcto\u011flu ile tan\u0131\u015ft\u0131 ve bir alb\u00fcm anla\u015fmas\u0131 imzalam\u0131\u015f.<\/p>\n<p><img loading=\"lazy\" decoding=\"async\" class=\"alignnone wp-image-163161\" src=\"https:\/\/www.tgrthaber.com\/mavikadin\/wp-content\/uploads\/haber-gorselleri-fotoshop-90-4-1024x576.jpg\" alt=\"Tarkan ka\u00e7 karde\u015f? Tarkan\u2019\u0131n babas\u0131 kim?\" width=\"1208\" height=\"680\" title=\"\" srcset=\"https:\/\/www.tgrthaber.com\/mavikadin\/wp-content\/uploads\/haber-gorselleri-fotoshop-90-4-1024x576.jpg 1024w, https:\/\/www.tgrthaber.com\/mavikadin\/wp-content\/uploads\/haber-gorselleri-fotoshop-90-4-300x169.jpg 300w, https:\/\/www.tgrthaber.com\/mavikadin\/wp-content\/uploads\/haber-gorselleri-fotoshop-90-4-768x432.jpg 768w, https:\/\/www.tgrthaber.com\/mavikadin\/wp-content\/uploads\/haber-gorselleri-fotoshop-90-4-1536x864.jpg 1536w, https:\/\/www.tgrthaber.com\/mavikadin\/wp-content\/uploads\/haber-gorselleri-fotoshop-90-4.jpg 1600w\" sizes=\"(max-width: 1208px) 100vw, 1208px\" \/><\/p>\n<hr \/>\n<p>Ba\u015far\u0131l\u0131 sanat\u00e7\u0131, toplamda 6 karde\u015ftir. Yani onun d\u0131\u015f\u0131nda 5 karde\u015fi daha bulunmaktad\u0131r. Her biri farkl\u0131 hayatlar s\u00fcrse de Tarkan\u2019\u0131n ailesine olan d\u00fc\u015fk\u00fcnl\u00fc\u011f\u00fc ve \u00f6zellikle karde\u015fleriyle olan s\u0131cak ili\u015fkisi dikkat \u00e7eker. Karde\u015flerinin isimleri \u00e7ok fazla kamuoyuna yans\u0131masa da Tarkan\u2019\u0131n her f\u0131rsatta aile ba\u011flar\u0131na verdi\u011fi \u00f6nem bilinir.<\/p>\n<h3><img loading=\"lazy\" decoding=\"async\" class=\"alignnone wp-image-163165\" src=\"https:\/\/www.tgrthaber.com\/mavikadin\/wp-content\/uploads\/haber-gorselleri-fotoshop-87-4-1024x576.jpg\" alt=\"Tarkan ka\u00e7 karde\u015f? Tarkan\u2019\u0131n babas\u0131 kim?\" width=\"1208\" height=\"680\" title=\"\" srcset=\"https:\/\/www.tgrthaber.com\/mavikadin\/wp-content\/uploads\/haber-gorselleri-fotoshop-87-4-1024x576.jpg 1024w, https:\/\/www.tgrthaber.com\/mavikadin\/wp-content\/uploads\/haber-gorselleri-fotoshop-87-4-300x169.jpg 300w, https:\/\/www.tgrthaber.com\/mavikadin\/wp-content\/uploads\/haber-gorselleri-fotoshop-87-4-768x432.jpg 768w, https:\/\/www.tgrthaber.com\/mavikadin\/wp-content\/uploads\/haber-gorselleri-fotoshop-87-4-1536x864.jpg 1536w, https:\/\/www.tgrthaber.com\/mavikadin\/wp-content\/uploads\/haber-gorselleri-fotoshop-87-4.jpg 1600w\" sizes=\"(max-width: 1208px) 100vw, 1208px\" \/><\/h3>\n<hr \/>\n<h3>TARKAN\u2019IN BABASI K\u0130M?<\/h3>\n<p>Tarkan\u2019\u0131n babas\u0131, Ali Teveto\u011flu, ailesiyle birlikte Almanya\u2019da \u00e7al\u0131\u015fmak i\u00e7in g\u00f6\u00e7 eden emek\u00e7i bir babayd\u0131. Ali Teveto\u011flu, Almanya\u2019da i\u015f\u00e7i olarak \u00e7al\u0131\u015farak \u00e7ocuklar\u0131na daha iyi bir gelecek sunmay\u0131 hedeflemi\u015fti. Tarkan, babas\u0131 hakk\u0131nda verdi\u011fi r\u00f6portajlarda, onun disiplinli, \u00e7al\u0131\u015fkan ve aileye ba\u011fl\u0131 biri oldu\u011funu s\u0131k s\u0131k dile getirmi\u015ftir. Ne yaz\u0131k ki, Tarkan 1995 y\u0131l\u0131nda babas\u0131n\u0131 kaybetti. Bu kay\u0131p, hen\u00fcz kariyerinin ba\u015f\u0131nda olan gen\u00e7 bir sanat\u00e7\u0131 i\u00e7in olduk\u00e7a sars\u0131c\u0131yd\u0131.<\/p>\n","protected":false},"excerpt":{"rendered":"<p>M\u00fczi\u011fin usta seslerinden Tarkan merak edildi. Annesinin vefat\u0131ndan sonra \u015fark\u0131c\u0131n\u0131n hayat\u0131 ve ailesi merak edildi. Merak edilen konulardan ise Tarkan\u2019\u0131n ka\u00e7 karde\u015f oldu\u011fu ve babas\u0131n\u0131n kim oldu\u011fu ara\u015ft\u0131r\u0131lan sorular oldu. Peki, Tarkan ka\u00e7 karde\u015f? Tarkan\u2019\u0131n babas\u0131 kim? Sorular\u0131n\u0131 sizler i\u00e7in ara\u015ft\u0131rd\u0131k. \u0130\u015fte Tarkan hakk\u0131nda merak edilenler\u2026<\/p>\n","protected":false},"author":34,"featured_media":163162,"comment_status":"closed","ping_status":"closed","sticky":false,"template":"","format":"standard","meta":{"rank_math_lock_modified_date":false,"footnotes":""},"categories":[491],"tags":[16521,2941,18188,18189],"class_list":["post-163147","post","type-post","status-publish","format-standard","has-post-thumbnail","hentry","category-biyografi","tag-biyografi-haberleri","tag-tarkan","tag-tarkan-babasi","tag-tarkan-kardesleri"],"_links":{"self":[{"href":"https:\/\/www.tgrthaber.com\/mavikadin\/wp-json\/wp\/v2\/posts\/163147"}],"collection":[{"href":"https:\/\/www.tgrthaber.com\/mavikadin\/wp-json\/wp\/v2\/posts"}],"about":[{"href":"https:\/\/www.tgrthaber.com\/mavikadin\/wp-json\/wp\/v2\/types\/post"}],"author":[{"embeddable":true,"href":"https:\/\/www.tgrthaber.com\/mavikadin\/wp-json\/wp\/v2\/users\/34"}],"replies":[{"embeddable":true,"href":"https:\/\/www.tgrthaber.com\/mavikadin\/wp-json\/wp\/v2\/comments?post=163147"}],"version-history":[{"count":2,"href":"https:\/\/www.tgrthaber.com\/mavikadin\/wp-json\/wp\/v2\/posts\/163147\/revisions"}],"predecessor-version":[{"id":163168,"href":"https:\/\/www.tgrthaber.com\/mavikadin\/wp-json\/wp\/v2\/posts\/163147\/revisions\/163168"}],"wp:featuredmedia":[{"embeddable":true,"href":"https:\/\/www.tgrthaber.com\/mavikadin\/wp-json\/wp\/v2\/media\/163162"}],"wp:attachment":[{"href":"https:\/\/www.tgrthaber.com\/mavikadin\/wp-json\/wp\/v2\/media?parent=163147"}],"wp:term":[{"taxonomy":"category","embeddable":true,"href":"https:\/\/www.tgrthaber.com\/mavikadin\/wp-json\/wp\/v2\/categories?post=163147"},{"taxonomy":"post_tag","embeddable":true,"href":"https:\/\/www.tgrthaber.com\/mavikadin\/wp-json\/wp\/v2\/tags?post=163147"}],"curies":[{"name":"wp","href":"https:\/\/api.w.org\/{rel}","templated":true}]}}