{"id":163172,"date":"2025-04-16T16:40:26","date_gmt":"2025-04-16T13:40:26","guid":{"rendered":"https:\/\/www.tgrthaber.com\/mavikadin\/?p=163172"},"modified":"2025-04-17T08:59:27","modified_gmt":"2025-04-17T05:59:27","slug":"tarkanin-annesi-aslen-nereli-tarkanin-annesi-kiminle-evli","status":"publish","type":"post","link":"https:\/\/www.tgrthaber.com\/mavikadin\/tarkanin-annesi-aslen-nereli-tarkanin-annesi-kiminle-evli\/","title":{"rendered":"Tarkan\u2019\u0131n annesi aslen nereli? Tarkan\u2019\u0131n annesi kiminle evli?"},"content":{"rendered":"<p>Tarkan\u2019\u0131n annesi aslen nereli? merak konusu oldu. Aniden kalp krizi ge\u00e7irerek vefat eden Ne\u015fe Teveto\u011flu, ailesini ve yak\u0131n \u00e7evresini \u00fczd\u00fc. Peki Tarkan\u2019\u0131n annesi aslen nereli? Tarkan\u2019\u0131n annesi kiminle evli?<\/p>\n<h3>TARKAN\u2019IN ANNES\u0130 ASLEN NEREL\u0130?<\/h3>\n<p>Almanya do\u011fumlu olan Ne\u015fe Teveto\u011flu \u00f6l\u00fcm\u00fcyle yak\u0131n \u00e7evresini h\u00fczne bo\u011fdu. Alman vatanda\u015f\u0131 olan Teveto\u011flu bug\u00fcn hayat\u0131n\u0131 kaybetti.<\/p>\n<p><img loading=\"lazy\" decoding=\"async\" class=\"alignnone wp-image-75431\" src=\"https:\/\/www.tgrthaber.com\/mavikadin\/wp-content\/uploads\/2024\/09\/tarkandan-filistin-cagrisi-durdurun-bu-zulmu-yeter-artik.jpg\" alt=\"\" width=\"1208\" height=\"680\" title=\"\" srcset=\"https:\/\/www.tgrthaber.com\/mavikadin\/wp-content\/uploads\/2024\/09\/tarkandan-filistin-cagrisi-durdurun-bu-zulmu-yeter-artik.jpg 1600w, https:\/\/www.tgrthaber.com\/mavikadin\/wp-content\/uploads\/2024\/09\/tarkandan-filistin-cagrisi-durdurun-bu-zulmu-yeter-artik-300x169.jpg 300w, https:\/\/www.tgrthaber.com\/mavikadin\/wp-content\/uploads\/2024\/09\/tarkandan-filistin-cagrisi-durdurun-bu-zulmu-yeter-artik-1024x576.jpg 1024w, https:\/\/www.tgrthaber.com\/mavikadin\/wp-content\/uploads\/2024\/09\/tarkandan-filistin-cagrisi-durdurun-bu-zulmu-yeter-artik-768x432.jpg 768w, https:\/\/www.tgrthaber.com\/mavikadin\/wp-content\/uploads\/2024\/09\/tarkandan-filistin-cagrisi-durdurun-bu-zulmu-yeter-artik-1536x864.jpg 1536w, https:\/\/www.tgrthaber.com\/mavikadin\/wp-content\/uploads\/2024\/09\/tarkandan-filistin-cagrisi-durdurun-bu-zulmu-yeter-artik-533x300.jpg 533w, https:\/\/www.tgrthaber.com\/mavikadin\/wp-content\/uploads\/2024\/09\/tarkandan-filistin-cagrisi-durdurun-bu-zulmu-yeter-artik-600x338.jpg 600w, https:\/\/www.tgrthaber.com\/mavikadin\/wp-content\/uploads\/2024\/09\/tarkandan-filistin-cagrisi-durdurun-bu-zulmu-yeter-artik-30x16.jpg 30w, https:\/\/www.tgrthaber.com\/mavikadin\/wp-content\/uploads\/2024\/09\/tarkandan-filistin-cagrisi-durdurun-bu-zulmu-yeter-artik-18x10.jpg 18w\" sizes=\"(max-width: 1208px) 100vw, 1208px\" \/><\/p>\n<hr \/>\n<h3>NE\u015eE TEVETO\u011eLU K\u0130MD\u0130R?<\/h3>\n<p>Tarkan\u2019\u0131n annesi Ne\u015fe Teveto\u011flu\u2019nun do\u011fum tarihi hakk\u0131nda bilgi bulunmuyor. \u00dcnl\u00fc \u015fark\u0131c\u0131 Tarkan\u2019\u0131n annesi Almanya do\u011fumlu, babas\u0131 ise T\u00fcrkiye do\u011fumludur. Ani vefat\u0131yla sevenlerini \u00fczen Ne\u015fe Teveto\u011flu bug\u00fcn hayat\u0131n\u0131 kaybetti. Ac\u0131 haberi alan megastar Tarkan ise \u0130stanbul\u2019a d\u00f6nd\u00fc.<\/p>\n<p>Antalya\u2019da ya\u015fayan Ne\u015fe Teveto\u011flu\u2019nun, ge\u00e7irdi\u011fi kalp krizi y\u00fcz\u00fcnden \u00f6ld\u00fc\u011f\u00fc belirlendi. Tarkan\u2019\u0131n annesi Ne\u015fe Teveto\u011flu\u2019nun son yolculu\u011funa yar\u0131n \u0130stanbul\u2019da u\u011furlanmas\u0131 planlan\u0131yor.<br \/>\nNe\u015fe Teveto\u011flu daha \u00f6nce damar t\u0131kan\u0131kl\u0131\u011f\u0131 y\u00fcz\u00fcnden tedavi g\u00f6rm\u00fc\u015ft\u00fc. Teveto\u011flu bir s\u00fcredir baca\u011f\u0131ndaki sorunlar y\u00fcz\u00fcnden tedavi g\u00f6rm\u00fc\u015f ve iyile\u015fmi\u015fti.<\/p>\n<p><img loading=\"lazy\" decoding=\"async\" class=\"alignnone size-full wp-image-163179\" src=\"https:\/\/www.tgrthaber.com\/mavikadin\/wp-content\/uploads\/tarkan-annesi-1.png\" alt=\"\" width=\"1208\" height=\"680\" title=\"\" srcset=\"https:\/\/www.tgrthaber.com\/mavikadin\/wp-content\/uploads\/tarkan-annesi-1.png 1208w, https:\/\/www.tgrthaber.com\/mavikadin\/wp-content\/uploads\/tarkan-annesi-1-300x169.png 300w, https:\/\/www.tgrthaber.com\/mavikadin\/wp-content\/uploads\/tarkan-annesi-1-1024x576.png 1024w, https:\/\/www.tgrthaber.com\/mavikadin\/wp-content\/uploads\/tarkan-annesi-1-768x432.png 768w\" sizes=\"(max-width: 1208px) 100vw, 1208px\" \/><\/p>\n<hr \/>\n<h3>TARKAN\u2019IN ANNES\u0130 K\u0130M\u0130NLE EVL\u0130?<\/h3>\n<p>16 Nisan 2025 tarihinde Antalya\u2019da tedavi g\u00f6rd\u00fc\u011f\u00fc hastanede ge\u00e7irdi\u011fi kalp krizi sonucu hayat\u0131n\u0131 kaybeden Ne\u015fe Teveto\u011flu Tarkan\u2019\u0131n babas\u0131 Ali Teveto\u011flu ile evliydi. Aile ya\u015fam\u0131n\u0131 \u00f6n planda tutan \u00e7ift \u00e7ocuklar\u0131n\u0131n e\u011fitimine ve k\u00fclt\u00fcrel geli\u015fimine her zaman b\u00fcy\u00fck \u00f6nem verdi.<\/p>\n<p>\u00d6\u011fretmen olan Ne\u015fe Teveto\u011flu uzun y\u0131llar \u00f6\u011fretmenlik yapt\u0131. 4 karde\u015fi bulunan Ne\u015fe Teveto\u011flu\u2019nun karde\u015flerinin isimleri \u015eule, Ay\u015fe, Mehmet ve Hasan\u2019d\u0131r.<\/p>\n<p><img loading=\"lazy\" decoding=\"async\" class=\"alignnone size-full wp-image-163180\" src=\"https:\/\/www.tgrthaber.com\/mavikadin\/wp-content\/uploads\/tarkan-annesi-3.png\" alt=\"\" width=\"1208\" height=\"680\" title=\"\" srcset=\"https:\/\/www.tgrthaber.com\/mavikadin\/wp-content\/uploads\/tarkan-annesi-3.png 1208w, https:\/\/www.tgrthaber.com\/mavikadin\/wp-content\/uploads\/tarkan-annesi-3-300x169.png 300w, https:\/\/www.tgrthaber.com\/mavikadin\/wp-content\/uploads\/tarkan-annesi-3-1024x576.png 1024w, https:\/\/www.tgrthaber.com\/mavikadin\/wp-content\/uploads\/tarkan-annesi-3-768x432.png 768w\" sizes=\"(max-width: 1208px) 100vw, 1208px\" \/><\/p>\n<hr \/>\n<h3>DAMAR TIKANIKLI\u011eI YA\u015eAMI\u015eTI<\/h3>\n<p>Ne\u015fe Teveto\u011flu aya\u011f\u0131ndaki damar t\u0131kan\u0131kl\u0131\u011f\u0131 y\u00fcz\u00fcnden ameliyat olmu\u015ftu. Taburcu edilen Teveto\u011flu\u2019nun sa\u011fl\u0131k durumu hakk\u0131nda hastaneden \u015fu a\u00e7\u0131klama yap\u0131lm\u0131\u015ft\u0131:<\/p>\n<p>\u201cNe\u015fe Teveto\u011flu ani ba\u015flayan sa\u011f bacak a\u011fr\u0131s\u0131, uyu\u015fma ve his kayb\u0131 \u015fik\u00e2yetleriyle hastanemize ba\u015fvurdu. Yap\u0131lan incelemeler sonucunda sa\u011f bacak ana atardamar\u0131nda y\u00fczde 100 t\u0131kan\u0131kl\u0131k oldu\u011fu g\u00f6r\u00fcld\u00fc ve acilen ameliyata al\u0131nd\u0131. Ameliyat sonras\u0131 ikinci g\u00fcnde yap\u0131lan atardamar doppler ultrasonografi kontrol\u00fc ile bacak kan dola\u015f\u0131m\u0131nda sorun olmad\u0131\u011f\u0131 g\u00f6r\u00fclm\u00fc\u015ft\u00fcr ve taburcu edilmi\u015ftir.\u201d<br \/>\nTarkan ise hastanenin doktorlar\u0131na te\u015fekk\u00fcr ederek \u015fu a\u00e7\u0131klamay\u0131 yapm\u0131\u015ft\u0131;<\/p>\n<p><img loading=\"lazy\" decoding=\"async\" class=\"alignnone size-full wp-image-163138\" src=\"https:\/\/www.tgrthaber.com\/mavikadin\/wp-content\/uploads\/Tarkan-1.png\" alt=\"\" width=\"1208\" height=\"680\" title=\"\" srcset=\"https:\/\/www.tgrthaber.com\/mavikadin\/wp-content\/uploads\/Tarkan-1.png 1208w, https:\/\/www.tgrthaber.com\/mavikadin\/wp-content\/uploads\/Tarkan-1-300x169.png 300w, https:\/\/www.tgrthaber.com\/mavikadin\/wp-content\/uploads\/Tarkan-1-1024x576.png 1024w, https:\/\/www.tgrthaber.com\/mavikadin\/wp-content\/uploads\/Tarkan-1-768x432.png 768w\" sizes=\"(max-width: 1208px) 100vw, 1208px\" \/><\/p>\n<hr \/>\n<p>\u201cGe\u00e7ti\u011fimiz g\u00fcnlerde annemizin ge\u00e7irdi\u011fi bir rahats\u0131zl\u0131k nedeniyle b\u00fct\u00fcn karde\u015fler seferber olduk. Anneci\u011fimiz \u00e7ok \u015f\u00fck\u00fcr tekrar sa\u011fl\u0131\u011f\u0131na kavu\u015funca da bu hat\u0131ra foto\u011fraf\u0131 \u00e7ektirmeden olmazd\u0131. \u00c7\u00fcnk\u00fc 10 y\u0131l sonra 6 karde\u015f ilk kez tekrar bir araya gelmi\u015ftik. Bu vesileyle annemin sa\u011fl\u0131\u011f\u0131na kavu\u015fmas\u0131n\u0131 sa\u011flayan doktorumuza sonsuz te\u015fekk\u00fcrler. Ayr\u0131ca katk\u0131s\u0131, eme\u011fi olan t\u00fcm di\u011fer doktorlara, hem\u015firelere ve hastane \u00e7al\u0131\u015fanlar\u0131na da \u00e7ok te\u015fekk\u00fcrler.\u201d<\/p>\n<h3>NE\u015eE TEVETO\u011eLU NE ZAMAN DEFNED\u0130LECEK?<\/h3>\n<p>Ne\u015fe Teveto\u011flu&#8217;nun cenazesi, 17 Nisan&#8217;da Maltepe Cumhuriyet Camii&#8217;nde \u00f6\u011fle namaz\u0131na m\u00fcteakip k\u0131l\u0131nacak cenaze namaz\u0131 sonras\u0131nda Maltepe Mezarl\u0131\u011f\u0131&#8217;na defnedilecek.<\/p>\n","protected":false},"excerpt":{"rendered":"<p>Ani bir kalp kriziyle vefat eden Tarkan\u2019\u0131n annesi yak\u0131n \u00e7evresini h\u00fczne bo\u011fdu. Kalp krizi y\u00fcz\u00fcnden hayat\u0131n\u0131 kaybeden Ne\u015fe Teveto\u011flu\u2019nun kiminle evli oldu\u011fu ve mesle\u011fi gibi bilgiler ara\u015ft\u0131r\u0131lmaya ba\u015fland\u0131.<\/p>\n","protected":false},"author":5,"featured_media":163181,"comment_status":"closed","ping_status":"closed","sticky":false,"template":"","format":"standard","meta":{"rank_math_lock_modified_date":false,"footnotes":""},"categories":[491],"tags":[3374,18182,2941,18190],"class_list":["post-163172","post","type-post","status-publish","format-standard","has-post-thumbnail","hentry","category-biyografi","tag-biyografi","tag-nese-tevetoglu","tag-tarkan","tag-tarkan-annesi"],"_links":{"self":[{"href":"https:\/\/www.tgrthaber.com\/mavikadin\/wp-json\/wp\/v2\/posts\/163172"}],"collection":[{"href":"https:\/\/www.tgrthaber.com\/mavikadin\/wp-json\/wp\/v2\/posts"}],"about":[{"href":"https:\/\/www.tgrthaber.com\/mavikadin\/wp-json\/wp\/v2\/types\/post"}],"author":[{"embeddable":true,"href":"https:\/\/www.tgrthaber.com\/mavikadin\/wp-json\/wp\/v2\/users\/5"}],"replies":[{"embeddable":true,"href":"https:\/\/www.tgrthaber.com\/mavikadin\/wp-json\/wp\/v2\/comments?post=163172"}],"version-history":[{"count":4,"href":"https:\/\/www.tgrthaber.com\/mavikadin\/wp-json\/wp\/v2\/posts\/163172\/revisions"}],"predecessor-version":[{"id":163522,"href":"https:\/\/www.tgrthaber.com\/mavikadin\/wp-json\/wp\/v2\/posts\/163172\/revisions\/163522"}],"wp:featuredmedia":[{"embeddable":true,"href":"https:\/\/www.tgrthaber.com\/mavikadin\/wp-json\/wp\/v2\/media\/163181"}],"wp:attachment":[{"href":"https:\/\/www.tgrthaber.com\/mavikadin\/wp-json\/wp\/v2\/media?parent=163172"}],"wp:term":[{"taxonomy":"category","embeddable":true,"href":"https:\/\/www.tgrthaber.com\/mavikadin\/wp-json\/wp\/v2\/categories?post=163172"},{"taxonomy":"post_tag","embeddable":true,"href":"https:\/\/www.tgrthaber.com\/mavikadin\/wp-json\/wp\/v2\/tags?post=163172"}],"curies":[{"name":"wp","href":"https:\/\/api.w.org\/{rel}","templated":true}]}}