{"id":163424,"date":"2025-04-16T23:24:38","date_gmt":"2025-04-16T20:24:38","guid":{"rendered":"https:\/\/www.tgrthaber.com\/mavikadin\/?p=163424"},"modified":"2025-04-16T23:24:38","modified_gmt":"2025-04-16T20:24:38","slug":"survivor-2025ten-elenen-asena-demirbag-hikmet-icin-demedigini-birakmadi","status":"publish","type":"post","link":"https:\/\/www.tgrthaber.com\/mavikadin\/survivor-2025ten-elenen-asena-demirbag-hikmet-icin-demedigini-birakmadi\/","title":{"rendered":"Survivor 2025&#8217;ten elenen Asena Demirba\u011f Hikmet i\u00e7in demedi\u011fini b\u0131rakmad\u0131!"},"content":{"rendered":"<p class=\"p1\">Survivor All Star 2025\u2019te son olarak adaya veda eden isim, K\u0131rm\u0131z\u0131 tak\u0131m yar\u0131\u015fmac\u0131s\u0131 Asena Demirba\u011f oldu. 12 Nisan ak\u015fam\u0131 ger\u00e7ekle\u015fen eleme d\u00fcellosunda P\u0131nar Saka ile kar\u015f\u0131 kar\u015f\u0131ya gelen Asena, m\u00fccadeleyi kaybederek yar\u0131\u015fma ser\u00fcvenine nokta koydu. Elenmesinin ard\u0131ndan ilk kez sessizli\u011fini bozan Asena, \u00f6zellikle tak\u0131m arkada\u015flar\u0131 Hikmet Tu\u011fsuz ve Aycan Yana\u00e7 hakk\u0131nda dikkat \u00e7eken s\u00f6zler s\u00f6yledi. Yar\u0131\u015fmadaki tav\u0131rlar\u0131ndan rahats\u0131zl\u0131k duydu\u011funu dile getiren Asena\u2019n\u0131n bu a\u00e7\u0131klamalar\u0131 sosyal medyada da geni\u015f yank\u0131 buldu.<\/p>\n<h3>SURV\u0130VOR 2025&#8217;TEN ELENEN ASENA DEM\u0130RBA\u011e \u0130LK KEZ KONU\u015eTU<\/h3>\n<p class=\"p1\">Asena Survivor\u2019dan elenirken yapt\u0131\u011f\u0131 veda konu\u015fmas\u0131nda a\u011flayarak<span class=\"Apple-converted-space\">\u00a0 <\/span>&#8221;\u00c7ok yoruldum, elimden geleni yapt\u0131m olmad\u0131.&#8221; dedi. Murat Ceylan&#8217;\u0131n d\u0131\u015f etkenlere bug\u00fcn fazla m\u0131 tak\u0131ld\u0131n sorusuna Asena &#8221;Tak\u0131ld\u0131m, ama ona \u015fu an cevap bile vermeyece\u011fim. \u00c7\u0131kt\u0131\u011f\u0131nda sadece kendisini izlemesini isterim. O konu benim i\u00e7in burada kapand\u0131. Konu hakk\u0131nda daha fazla yorum yapmak istemiyorum. Ben burada sonuna kadar sava\u015ft\u0131m, bu kadar oldu. Elimden gelen bu kadar oldu. Ama olmad\u0131.&#8221; demi\u015fti.<\/p>\n<p><img loading=\"lazy\" decoding=\"async\" class=\"alignnone wp-image-163425 size-large\" src=\"https:\/\/www.tgrthaber.com\/mavikadin\/wp-content\/uploads\/Ekran-Resmi-2025-04-16-23.13.20-1024x553.png\" alt=\"\" width=\"1024\" height=\"553\" title=\"\" srcset=\"https:\/\/www.tgrthaber.com\/mavikadin\/wp-content\/uploads\/Ekran-Resmi-2025-04-16-23.13.20-1024x553.png 1024w, https:\/\/www.tgrthaber.com\/mavikadin\/wp-content\/uploads\/Ekran-Resmi-2025-04-16-23.13.20-300x162.png 300w, https:\/\/www.tgrthaber.com\/mavikadin\/wp-content\/uploads\/Ekran-Resmi-2025-04-16-23.13.20-768x415.png 768w, https:\/\/www.tgrthaber.com\/mavikadin\/wp-content\/uploads\/Ekran-Resmi-2025-04-16-23.13.20.png 1426w\" sizes=\"(max-width: 1024px) 100vw, 1024px\" \/><\/p>\n<hr \/>\n<p class=\"p2\">Haks\u0131z oldu\u011fu yerlerde bulundu\u011funu s\u00f6yleyen Asena<span class=\"Apple-converted-space\">\u00a0 <\/span>&#8216;Benim i\u00e7in Survivor ger\u00e7ekten zor ge\u00e7ti. Do\u011fru bildi\u011fim her \u015feyi savundum, benim de hatalar\u0131m var. Ben di\u011ferleri gibi politik olamad\u0131\u011f\u0131m i\u00e7in \u00f6yle g\u00f6z\u00fckt\u00fcm. Benim burada problemim bana farkl\u0131 konu\u015fup toplum i\u00e7inde dile getirmemeleri problem. Benim de haks\u0131z oldu\u011fum konular illa ki var. Survivor sonu\u00e7ta a\u00e7\u0131z, mentalimiz k\u00f6t\u00fc. Benim s\u00f6yledi\u011fim \u015feyler do\u011fru, yanl\u0131\u015f bir \u015fekilde ifade ettim.&#8217; dedi.<\/p>\n<p><img loading=\"lazy\" decoding=\"async\" class=\"alignnone wp-image-163426 size-large\" src=\"https:\/\/www.tgrthaber.com\/mavikadin\/wp-content\/uploads\/Ekran-Resmi-2025-04-16-23.13.28-1024x645.png\" alt=\"\" width=\"1024\" height=\"645\" title=\"\" srcset=\"https:\/\/www.tgrthaber.com\/mavikadin\/wp-content\/uploads\/Ekran-Resmi-2025-04-16-23.13.28-1024x645.png 1024w, https:\/\/www.tgrthaber.com\/mavikadin\/wp-content\/uploads\/Ekran-Resmi-2025-04-16-23.13.28-300x189.png 300w, https:\/\/www.tgrthaber.com\/mavikadin\/wp-content\/uploads\/Ekran-Resmi-2025-04-16-23.13.28-768x484.png 768w, https:\/\/www.tgrthaber.com\/mavikadin\/wp-content\/uploads\/Ekran-Resmi-2025-04-16-23.13.28.png 1082w\" sizes=\"(max-width: 1024px) 100vw, 1024px\" \/><\/p>\n<hr \/>\n<p class=\"p1\">Asena yar\u0131\u015fmada \u00e7ok fazla hayal k\u0131r\u0131kl\u0131\u011f\u0131na u\u011frad\u0131\u011f\u0131 anlar oldu\u011funu s\u00f6yleyerek &#8216;Son zamanlarda Sedat a\u011fabeyin bana \u00e7ok yard\u0131m\u0131 dokundu. Birazc\u0131k dedi olaylarda kendini frenle. Son zamanlarda bunu biraz daha iyi ba\u015fard\u0131\u011f\u0131m\u0131 d\u00fc\u015f\u00fcn\u00fcyorum. O y\u00fczden de beni g\u00f6ndermek istediler. Ya\u011fmur, Sema, Adem, Batuhan; hepsi hayal k\u0131r\u0131kl\u0131\u011f\u0131na u\u011fratt\u0131. Sema&#8217;dan mesela hi\u00e7 beklemezdim. Ben dostlu\u011fa \u00f6nem veriyorum. Hi\u00e7bir \u015fey ilk zamanki gibi olmad\u0131. Sonraki finalde \u015funu beklerdim; s\u00fcrekli P\u0131nar ile oyuna \u00e7\u0131kt\u0131\u011f\u0131 zaman laf eden Sema var.<\/p>\n<p><img loading=\"lazy\" decoding=\"async\" class=\"alignnone wp-image-163427 \" src=\"https:\/\/www.tgrthaber.com\/mavikadin\/wp-content\/uploads\/Ekran-Resmi-2025-04-16-23.13.43.png\" alt=\"\" width=\"1000\" height=\"581\" title=\"\" srcset=\"https:\/\/www.tgrthaber.com\/mavikadin\/wp-content\/uploads\/Ekran-Resmi-2025-04-16-23.13.43.png 954w, https:\/\/www.tgrthaber.com\/mavikadin\/wp-content\/uploads\/Ekran-Resmi-2025-04-16-23.13.43-300x174.png 300w, https:\/\/www.tgrthaber.com\/mavikadin\/wp-content\/uploads\/Ekran-Resmi-2025-04-16-23.13.43-768x446.png 768w\" sizes=\"(max-width: 1000px) 100vw, 1000px\" \/><\/p>\n<hr \/>\n<p class=\"p1\">Benim d\u00fcellomda yak\u0131n arkada\u015f\u0131 Hikmet&#8217;e niye s\u00f6ylemedi beni rahats\u0131z etmemesini. Sema&#8217;n\u0131n P\u0131nar&#8217;a kar\u015f\u0131 her zaman yorumu var. Sorun e\u011fer P\u0131nar ise, P\u0131nar&#8217;\u0131n Hikmet&#8217;i desteklememesi laz\u0131m. Benim yak\u0131n arkada\u015f\u0131m dedi\u011fim biri orada onu destekleyemez&#8217; diye konu\u015ftu. Survivor&#8217;da kavga etti\u011fi Aycan ile ilgili konu\u015fan Asena; &#8216;Ben Ya\u011fmur&#8217;u ger\u00e7ekten \u00e7ok seviyorum. Ya\u011fmur&#8217;un arkada\u015f\u0131n\u0131n g\u00f6nderdi\u011fi mesaj moralimi bozdu. Bir anda bir bakt\u0131m Aycan ile yak\u0131n oldu.<\/p>\n<p><img loading=\"lazy\" decoding=\"async\" class=\"alignnone wp-image-163428 \" src=\"https:\/\/www.tgrthaber.com\/mavikadin\/wp-content\/uploads\/Ekran-Resmi-2025-04-16-23.13.47.png\" alt=\"\" width=\"993\" height=\"669\" title=\"\" srcset=\"https:\/\/www.tgrthaber.com\/mavikadin\/wp-content\/uploads\/Ekran-Resmi-2025-04-16-23.13.47.png 852w, https:\/\/www.tgrthaber.com\/mavikadin\/wp-content\/uploads\/Ekran-Resmi-2025-04-16-23.13.47-300x202.png 300w, https:\/\/www.tgrthaber.com\/mavikadin\/wp-content\/uploads\/Ekran-Resmi-2025-04-16-23.13.47-768x517.png 768w\" sizes=\"(max-width: 993px) 100vw, 993px\" \/><\/p>\n<hr \/>\n<p class=\"p1\">Arkada\u015fl\u0131\u011f\u0131n\u0131z\u0131 k\u0131skanmaya ba\u015fl\u0131yorum dedim. Benim hakk\u0131mda k\u00f6t\u00fc d\u00fc\u015f\u00fcnen Aycan var onlarla ayn\u0131 d\u00fc\u015f\u00fcnceleri konu\u015fmalar\u0131 beni rahats\u0131z etti. Aycan asla tart\u0131\u015fmas\u0131n\u0131 bilmiyor ve s\u00fcrekli Hikmet&#8217;in manip\u00fcle etti\u011fi bir insan. Ben iyi oldu\u011fum oyunlarda \u00e7\u0131k\u0131p se\u00e7im hakk\u0131 yapamad\u0131m. Hikmet, Aycan&#8217;a yanl\u0131\u015f se\u00e7tiriyor. Durduk yere mesela Hikmet&#8217;in konusu oluyor Aycan devreye giriyor&#8217; ifadelerini kulland\u0131.<\/p>\n<p><img loading=\"lazy\" decoding=\"async\" class=\"alignnone wp-image-163429 \" src=\"https:\/\/www.tgrthaber.com\/mavikadin\/wp-content\/uploads\/Ekran-Resmi-2025-04-16-23.17.33.png\" alt=\"\" width=\"992\" height=\"597\" title=\"\" srcset=\"https:\/\/www.tgrthaber.com\/mavikadin\/wp-content\/uploads\/Ekran-Resmi-2025-04-16-23.17.33.png 950w, https:\/\/www.tgrthaber.com\/mavikadin\/wp-content\/uploads\/Ekran-Resmi-2025-04-16-23.17.33-300x181.png 300w, https:\/\/www.tgrthaber.com\/mavikadin\/wp-content\/uploads\/Ekran-Resmi-2025-04-16-23.17.33-768x462.png 768w\" sizes=\"(max-width: 992px) 100vw, 992px\" \/><\/p>\n<hr \/>\n<h3>SURV\u0130VOR 2025 ASENA H\u0130KMET \u0130\u00c7\u0130N DEMED\u0130\u011e\u0130N\u0130 BIRAKMADI<\/h3>\n<p class=\"p2\">Aycan Yama\u00e7\u2019\u0131n kendisini k\u0131skand\u0131\u011f\u0131n\u0131 s\u00f6yleyerek, &#8216;Adem benim arkada\u015f\u0131m Aycan onun neyi ben bilmiyorum. Arkada\u015f\u0131 m\u0131 neyi bilmiyorum! Benim k\u0131skand\u0131\u011f\u0131m hi\u00e7bir \u015fey yok, Aycan beni k\u0131skan\u0131yor&#8217; dedi.<\/p>\n<p><img loading=\"lazy\" decoding=\"async\" class=\"alignnone wp-image-163430 size-full\" src=\"https:\/\/www.tgrthaber.com\/mavikadin\/wp-content\/uploads\/Ekran-Resmi-2025-04-16-23.18.34.png\" alt=\"\" width=\"996\" height=\"590\" title=\"\" srcset=\"https:\/\/www.tgrthaber.com\/mavikadin\/wp-content\/uploads\/Ekran-Resmi-2025-04-16-23.18.34.png 996w, https:\/\/www.tgrthaber.com\/mavikadin\/wp-content\/uploads\/Ekran-Resmi-2025-04-16-23.18.34-300x178.png 300w, https:\/\/www.tgrthaber.com\/mavikadin\/wp-content\/uploads\/Ekran-Resmi-2025-04-16-23.18.34-768x455.png 768w\" sizes=\"(max-width: 996px) 100vw, 996px\" \/><\/p>\n<hr \/>\n<p class=\"p2\">Tak\u0131m arkada\u015f\u0131 Hikmet Tu\u011fsuz i\u00e7in de dikkat \u00e7eken ifadelerde bulunan Asena,<span class=\"Apple-converted-space\">\u00a0 <\/span>&#8216;Hikmet daha huzursuz bir insan. Herkesin hakk\u0131nda dedikodu yapan, yalan s\u00f6yleyen insan. Hikmet&#8217;in gelmesi beni daha \u00e7ok yordu. Beni y\u00f6netemez, Batuhan&#8217;\u0131 y\u00f6netebilir. Hikmet&#8217;in k\u0131skand\u0131\u011f\u0131 iki isim var; Adem ve Batuhan Karacakaya. Batuhan&#8217;\u0131 ben ekstra seviyorum. Batuhan&#8217;a kar\u015f\u0131 say\u0131 al\u0131nca inan\u0131lmaz sevin\u00e7leri var.&#8217;dedi.<\/p>\n","protected":false},"excerpt":{"rendered":"<p>Survivor All Star 2025\u2019e veda eden Asena Demirba\u011f, elenmesinin ard\u0131ndan yapt\u0131\u011f\u0131 a\u00e7\u0131klamalarla g\u00fcndemi sarst\u0131. \u00d6zellikle Hikmet Tu\u011fsuz\u2019a y\u00f6nelik sert ifadeleri sosyal medyada \u00e7ok konu\u015fuldu<\/p>\n","protected":false},"author":16,"featured_media":163431,"comment_status":"closed","ping_status":"closed","sticky":false,"template":"","format":"standard","meta":{"rank_math_lock_modified_date":false,"footnotes":""},"categories":[76],"tags":[],"class_list":["post-163424","post","type-post","status-publish","format-standard","has-post-thumbnail","hentry","category-magazin"],"_links":{"self":[{"href":"https:\/\/www.tgrthaber.com\/mavikadin\/wp-json\/wp\/v2\/posts\/163424"}],"collection":[{"href":"https:\/\/www.tgrthaber.com\/mavikadin\/wp-json\/wp\/v2\/posts"}],"about":[{"href":"https:\/\/www.tgrthaber.com\/mavikadin\/wp-json\/wp\/v2\/types\/post"}],"author":[{"embeddable":true,"href":"https:\/\/www.tgrthaber.com\/mavikadin\/wp-json\/wp\/v2\/users\/16"}],"replies":[{"embeddable":true,"href":"https:\/\/www.tgrthaber.com\/mavikadin\/wp-json\/wp\/v2\/comments?post=163424"}],"version-history":[{"count":1,"href":"https:\/\/www.tgrthaber.com\/mavikadin\/wp-json\/wp\/v2\/posts\/163424\/revisions"}],"predecessor-version":[{"id":163432,"href":"https:\/\/www.tgrthaber.com\/mavikadin\/wp-json\/wp\/v2\/posts\/163424\/revisions\/163432"}],"wp:featuredmedia":[{"embeddable":true,"href":"https:\/\/www.tgrthaber.com\/mavikadin\/wp-json\/wp\/v2\/media\/163431"}],"wp:attachment":[{"href":"https:\/\/www.tgrthaber.com\/mavikadin\/wp-json\/wp\/v2\/media?parent=163424"}],"wp:term":[{"taxonomy":"category","embeddable":true,"href":"https:\/\/www.tgrthaber.com\/mavikadin\/wp-json\/wp\/v2\/categories?post=163424"},{"taxonomy":"post_tag","embeddable":true,"href":"https:\/\/www.tgrthaber.com\/mavikadin\/wp-json\/wp\/v2\/tags?post=163424"}],"curies":[{"name":"wp","href":"https:\/\/api.w.org\/{rel}","templated":true}]}}