{"id":163523,"date":"2025-04-17T09:26:41","date_gmt":"2025-04-17T06:26:41","guid":{"rendered":"https:\/\/www.tgrthaber.com\/mavikadin\/?p=163523"},"modified":"2025-04-17T09:26:41","modified_gmt":"2025-04-17T06:26:41","slug":"oyuncu-serra-ariturk-sevenlerini-korkuttu-etkinlikte-ilk-mudahale-yapildi","status":"publish","type":"post","link":"https:\/\/www.tgrthaber.com\/mavikadin\/oyuncu-serra-ariturk-sevenlerini-korkuttu-etkinlikte-ilk-mudahale-yapildi\/","title":{"rendered":"Oyuncu Serra Ar\u0131t\u00fcrk sevenlerini korkuttu! Etkinlikte ilk m\u00fcdahale yap\u0131ld\u0131"},"content":{"rendered":"<p>Ba\u015far\u0131l\u0131 oyuncu \u2018Bir Kaosun Anatomisi\u2019 dizisinin lansman\u0131nda ba\u015frol\u00fcnde yer ald\u0131\u011f\u0131 \u2018Bir Kaosun Anatomisi\u2019 dizisinin lansman\u0131nda aya\u011f\u0131n\u0131 burktu.<\/p>\n<h3>OYUNCU SERRA ARIT\u00dcRK SEVENLER\u0130N\u0130 KORKUTTU!<\/h3>\n<p>Konu\u015fma yapmak i\u00e7in sahneye \u00e7\u0131karken sendeleyen oyuncunun imdad\u0131na rol arkada\u015f\u0131 Ayta\u00e7 \u015ea\u015fmaz yeti\u015fti.<br \/>\nY\u00fcr\u00fcmesi aksayan Ar\u0131t\u00fcrk\u2019e, sa\u011fl\u0131k ekipleri ilk yard\u0131m m\u00fcdahalesi yapt\u0131. Max\u2019te yay\u0131nlanmas\u0131 planlanan \u00fc\u00e7 yerli yap\u0131mdan \u2018\u0130lk G\u00f6kt\u00fcrk\u2019 projesinde rol alan Arif Diren de, aksiyon sahneleri s\u0131ras\u0131nda iki f\u0131t\u0131\u011f\u0131n\u0131n patlad\u0131\u011f\u0131n\u0131 payla\u015ft\u0131.<\/p>\n<p><img loading=\"lazy\" decoding=\"async\" class=\"alignnone size-full wp-image-163524\" src=\"https:\/\/www.tgrthaber.com\/mavikadin\/wp-content\/uploads\/Serra-Ariturk-1.png\" alt=\"\" width=\"1208\" height=\"680\" title=\"\" srcset=\"https:\/\/www.tgrthaber.com\/mavikadin\/wp-content\/uploads\/Serra-Ariturk-1.png 1208w, https:\/\/www.tgrthaber.com\/mavikadin\/wp-content\/uploads\/Serra-Ariturk-1-300x169.png 300w, https:\/\/www.tgrthaber.com\/mavikadin\/wp-content\/uploads\/Serra-Ariturk-1-1024x576.png 1024w, https:\/\/www.tgrthaber.com\/mavikadin\/wp-content\/uploads\/Serra-Ariturk-1-768x432.png 768w\" sizes=\"(max-width: 1208px) 100vw, 1208px\" \/><\/p>\n<hr \/>\n<h3>SERRA ARIT\u00dcRK K\u0130MD\u0130R?<\/h3>\n<p>22 Haziran 1998 y\u0131l\u0131nda d\u00fcnyaya gelen Serra Ar\u0131t\u00fcrk, T\u00fcrk dizi oyuncusu ve \u015fark\u0131c\u0131d\u0131r.<\/p>\n<p>Gitar konusunda e\u011fitimini H\u00fcsrev \u0130sfendiyaro\u011flu&#8217;ndan alan Ar\u0131t\u00fcrk, \u015fark\u0131 s\u00f6ylemeye ba\u015flad\u0131ktan sonra Bo\u011fazi\u00e7i Caz Korosu ekibinde yer almaya ba\u015flad\u0131.<\/p>\n<p><img loading=\"lazy\" decoding=\"async\" class=\"alignnone size-full wp-image-163525\" src=\"https:\/\/www.tgrthaber.com\/mavikadin\/wp-content\/uploads\/Serra-Ariturk-3.png\" alt=\"\" width=\"1208\" height=\"680\" title=\"\" srcset=\"https:\/\/www.tgrthaber.com\/mavikadin\/wp-content\/uploads\/Serra-Ariturk-3.png 1208w, https:\/\/www.tgrthaber.com\/mavikadin\/wp-content\/uploads\/Serra-Ariturk-3-300x169.png 300w, https:\/\/www.tgrthaber.com\/mavikadin\/wp-content\/uploads\/Serra-Ariturk-3-1024x576.png 1024w, https:\/\/www.tgrthaber.com\/mavikadin\/wp-content\/uploads\/Serra-Ariturk-3-768x432.png 768w\" sizes=\"(max-width: 1208px) 100vw, 1208px\" \/><\/p>\n<hr \/>\n<p>\u00d6zel Denizat\u0131 Anadolu Lisesinde e\u011fitim g\u00f6ren \u00fcnl\u00fc isim daha sonra Ac\u0131badem Mehmet Ali Ayd\u0131nlar \u00dcniversitesini kazand\u0131.<\/p>\n<p>2019 y\u0131l\u0131nda &#8220;Kendimi Bilmeden&#8221; adl\u0131 \u015fark\u0131s\u0131n\u0131 yay\u0131mlad\u0131. Ar\u0131t\u00fcrk ayn\u0131 zamanda Amy Winehouse destek\u00e7isidir. 2021 y\u0131l\u0131nda ise Kanal D&#8217;de yay\u0131mlanan A\u015fk\u0131n Tarifi adl\u0131 dizide ba\u015frol oyuncusu olarak yer ald\u0131.<\/p>\n<p><img loading=\"lazy\" decoding=\"async\" class=\"alignnone size-full wp-image-163527\" src=\"https:\/\/www.tgrthaber.com\/mavikadin\/wp-content\/uploads\/Serra-Ariturk-4.png\" alt=\"\" width=\"1208\" height=\"680\" title=\"\" srcset=\"https:\/\/www.tgrthaber.com\/mavikadin\/wp-content\/uploads\/Serra-Ariturk-4.png 1208w, https:\/\/www.tgrthaber.com\/mavikadin\/wp-content\/uploads\/Serra-Ariturk-4-300x169.png 300w, https:\/\/www.tgrthaber.com\/mavikadin\/wp-content\/uploads\/Serra-Ariturk-4-1024x576.png 1024w, https:\/\/www.tgrthaber.com\/mavikadin\/wp-content\/uploads\/Serra-Ariturk-4-768x432.png 768w\" sizes=\"(max-width: 1208px) 100vw, 1208px\" \/><\/p>\n<hr \/>\n<h3>KLAS\u0130K M\u00dcZ\u0130KLE B\u00dcY\u00dcD\u00dc<\/h3>\n<p>Serra Ar\u0131t\u00fcrk bir r\u00f6portaj\u0131nda m\u00fczikle ilgili \u015fu a\u00e7\u0131klamalar\u0131 yapm\u0131\u015ft\u0131:<\/p>\n<p>Annem ve babam sayesinde s\u00fcrekli olarak \u00e7ok \u00e7e\u015fitli m\u00fczikler dinlenen bir ortamda b\u00fcy\u00fcd\u00fcm, \u00f6zellikle k\u00fc\u00e7\u00fckl\u00fc\u011f\u00fcmde ailemle beraber s\u0131k\u00e7a klasik m\u00fczik konserlerine ve caz festivallerine gitti\u011fimi hat\u0131rl\u0131yorum. Fakat m\u00fczikle olan \u00f6zel ili\u015fkim as\u0131l 7 ya\u015f\u0131nda klasik gitar \u00e7almaya karar vermemle ba\u015flad\u0131. Y\u0131llarca \u00fclkemizin \u00e7ok de\u011ferli hocalar\u0131ndan biri olan H\u00fcsrev \u0130sfendiyaro\u011flu\u2019ndan klasik gitar e\u011fitimi ald\u0131ktan sonra, lise y\u0131llar\u0131n\u0131n ortalar\u0131na do\u011fru \u015fark\u0131 s\u00f6ylemenin tam anlam\u0131yla keyfine vard\u0131m diyebilirim. Okulda olu\u015fturdu\u011fumuz grubumuzla kat\u0131ld\u0131\u011f\u0131m\u0131z m\u00fczik yar\u0131\u015fmalar\u0131nda ilk sahne deneyimimi ya\u015fad\u0131ktan sonra m\u00fczi\u011fe bak\u0131\u015f\u0131m \u00e7ok de\u011fi\u015fti ve \u00f6nceleri hayat\u0131ma e\u015flik eden en \u00f6nemli unsur olan m\u00fczik, hayat\u0131m\u0131 \u00fcst\u00fcne kurup sonuna kadar yapmaktan asla vazge\u00e7emeyece\u011fim bir temel haline geldi.<\/p>\n<p>\u015eark\u0131lar\u0131n\u0131 hem dinleyerek hem s\u00f6yleyerek b\u00fcy\u00fcd\u00fc\u011f\u00fcm Whitney Houston, Alicia Keys, Beyonce, Christina Augilera, Pink, Adele, Nina Simone, Erykah Badu, Mariah Carey gibi g\u00fc\u00e7l\u00fc vokalistler beni her daim \u00e7ok etkiledi; ancak beni as\u0131l b\u00fcy\u00fcleyen isim ilk defa 9 ya\u015f\u0131ndayken babam\u0131n yurtd\u0131\u015f\u0131ndan getirdi\u011fi Frank adl\u0131 alb\u00fcm\u00fcn\u00fc dinledi\u011fim Amy Winehouse oldu. Sesini duydu\u011fum ilk andan itibaren beni etkisi alt\u0131na almas\u0131na ra\u011fmen \u015fark\u0131lar\u0131n\u0131, alt\u0131nda yatan anlamlar\u0131 daha yeni yeni anl\u0131yorum ve senelerdir her dinleyi\u015fimde anlatt\u0131\u011f\u0131 hikayelerin daha \u00e7ok i\u00e7ine giriyorum.<\/p>\n","protected":false},"excerpt":{"rendered":"<p>Oyuncu Serra Ar\u0131t\u00fcrk ba\u015frol\u00fcnde yer ald\u0131\u011f\u0131 \u2018Bir Kaosun Anatomisi\u2019 dizisinin lansman\u0131nda sevenlerini korkuttu. Kat\u0131ld\u0131\u011f\u0131 etkinlikte aya\u011f\u0131n\u0131 burkan \u00fcnl\u00fc oyuncuya ilk m\u00fcdahale olay yerinde yap\u0131ld\u0131.<\/p>\n","protected":false},"author":5,"featured_media":163526,"comment_status":"closed","ping_status":"closed","sticky":false,"template":"","format":"standard","meta":{"rank_math_lock_modified_date":false,"footnotes":""},"categories":[76],"tags":[133,12285],"class_list":["post-163523","post","type-post","status-publish","format-standard","has-post-thumbnail","hentry","category-magazin","tag-magazin","tag-serra-ariturk"],"_links":{"self":[{"href":"https:\/\/www.tgrthaber.com\/mavikadin\/wp-json\/wp\/v2\/posts\/163523"}],"collection":[{"href":"https:\/\/www.tgrthaber.com\/mavikadin\/wp-json\/wp\/v2\/posts"}],"about":[{"href":"https:\/\/www.tgrthaber.com\/mavikadin\/wp-json\/wp\/v2\/types\/post"}],"author":[{"embeddable":true,"href":"https:\/\/www.tgrthaber.com\/mavikadin\/wp-json\/wp\/v2\/users\/5"}],"replies":[{"embeddable":true,"href":"https:\/\/www.tgrthaber.com\/mavikadin\/wp-json\/wp\/v2\/comments?post=163523"}],"version-history":[{"count":1,"href":"https:\/\/www.tgrthaber.com\/mavikadin\/wp-json\/wp\/v2\/posts\/163523\/revisions"}],"predecessor-version":[{"id":163528,"href":"https:\/\/www.tgrthaber.com\/mavikadin\/wp-json\/wp\/v2\/posts\/163523\/revisions\/163528"}],"wp:featuredmedia":[{"embeddable":true,"href":"https:\/\/www.tgrthaber.com\/mavikadin\/wp-json\/wp\/v2\/media\/163526"}],"wp:attachment":[{"href":"https:\/\/www.tgrthaber.com\/mavikadin\/wp-json\/wp\/v2\/media?parent=163523"}],"wp:term":[{"taxonomy":"category","embeddable":true,"href":"https:\/\/www.tgrthaber.com\/mavikadin\/wp-json\/wp\/v2\/categories?post=163523"},{"taxonomy":"post_tag","embeddable":true,"href":"https:\/\/www.tgrthaber.com\/mavikadin\/wp-json\/wp\/v2\/tags?post=163523"}],"curies":[{"name":"wp","href":"https:\/\/api.w.org\/{rel}","templated":true}]}}