{"id":163538,"date":"2025-04-17T10:24:39","date_gmt":"2025-04-17T07:24:39","guid":{"rendered":"https:\/\/www.tgrthaber.com\/mavikadin\/?p=163538"},"modified":"2025-04-17T10:24:39","modified_gmt":"2025-04-17T07:24:39","slug":"merve-bolugurdan-nostaljik-gonderme-yaslandik-mi","status":"publish","type":"post","link":"https:\/\/www.tgrthaber.com\/mavikadin\/merve-bolugurdan-nostaljik-gonderme-yaslandik-mi\/","title":{"rendered":"Merve Bolu\u011fur\u2019dan nostaljik g\u00f6nderme! \u201cYa\u015fland\u0131k m\u0131?\u201d"},"content":{"rendered":"<p>Yapt\u0131\u011f\u0131 payla\u015f\u0131mlar ve a\u00e7\u0131klamalar\u0131yla magazin d\u00fcnyas\u0131nda s\u0131k s\u0131k g\u00fcndem olan Merve Bolu\u011fur, bu kez nostaljik bir g\u00f6ndermede bulundu. \u00dcnl\u00fc oyuncu, y\u0131llar \u00f6nce \u201cK\u00fc\u00e7\u00fck S\u0131rlar\u201d dizisinde birlikte rol ald\u0131\u011f\u0131 Dilara \u00d6ztun\u00e7 ile yeniden bir araya geldi. Bulu\u015fma sonras\u0131 sosyal medya hesab\u0131ndan payla\u015f\u0131m yapan Bolu\u011fur, foto\u011fraf\u0131n alt\u0131na \u201cYa\u015fland\u0131k m\u0131?\u201d notunu d\u00fc\u015ft\u00fc. \u0130\u015fte Merve Bolu\u011fur\u2019un nostaljik g\u00f6ndermeli payla\u015f\u0131m\u0131\u2026<\/p>\n<h3>MERVE BOLU\u011eUR\u2019DAN NOSTALJ\u0130K G\u00d6NDERME!<\/h3>\n<p>\u00dcnl\u00fc oyuncu Merve Bolu\u011fur, yapt\u0131\u011f\u0131 sosyal medya payla\u015f\u0131mlar\u0131 ve a\u00e7\u0131klamalar\u0131yla g\u00fcndem olmaya devam ediyor. Magazin d\u00fcnyas\u0131n\u0131n konu\u015fulan isimleri aras\u0131nda yer alan Bolu\u011fur, sosyal medya hesaplar\u0131n\u0131 aktif olarak kullanmaya devam ediyor. Son olarak eski e\u015fi Murat Dalk\u0131l\u0131\u00e7 ile bar\u0131\u015ft\u0131\u011f\u0131 y\u00f6n\u00fcnde iddialarla magazin d\u00fcnyas\u0131n\u0131n g\u00fcndemine bomba gibi oturan Bolu\u011fur, bu kez yapt\u0131\u011f\u0131 nostaljik g\u00f6ndermeli payla\u015f\u0131mla g\u00fcndeme oturdu.<\/p>\n<p><img loading=\"lazy\" decoding=\"async\" class=\"alignnone wp-image-163544\" src=\"https:\/\/www.tgrthaber.com\/mavikadin\/wp-content\/uploads\/Merve-Bolugur-1024x576.png\" alt=\"Merve Bolu\u011fur\u2019dan nostaljik g\u00f6nderme! \u201cYa\u015fland\u0131k m\u0131?\u201d \" width=\"1208\" height=\"680\" title=\"\" srcset=\"https:\/\/www.tgrthaber.com\/mavikadin\/wp-content\/uploads\/Merve-Bolugur-1024x576.png 1024w, https:\/\/www.tgrthaber.com\/mavikadin\/wp-content\/uploads\/Merve-Bolugur-300x169.png 300w, https:\/\/www.tgrthaber.com\/mavikadin\/wp-content\/uploads\/Merve-Bolugur-768x432.png 768w, https:\/\/www.tgrthaber.com\/mavikadin\/wp-content\/uploads\/Merve-Bolugur-1536x864.png 1536w, https:\/\/www.tgrthaber.com\/mavikadin\/wp-content\/uploads\/Merve-Bolugur.png 1600w\" sizes=\"(max-width: 1208px) 100vw, 1208px\" \/><\/p>\n<hr \/>\n<p>Yay\u0131nland\u0131\u011f\u0131 d\u00f6neme damga vuran \u201cK\u00fc\u00e7\u00fck S\u0131rlar\u201d dizisinde \u201cAy\u015feg\u00fcl\u201d karakteriyle izleyici kar\u015f\u0131s\u0131na \u00e7\u0131kan Merve Bolu\u011fur, y\u0131llar sonra dizide birlikte rol ald\u0131\u011f\u0131 arkada\u015f\u0131 Dilara \u00d6ztun\u00e7 ile bir araya geldi. 2010 y\u0131l\u0131nda izleyici kar\u015f\u0131s\u0131na \u00e7\u0131kan dizide Dilara \u00d6ztun\u00e7 \u201cHeves\u201d karakteriyle ekranlara gelmi\u015fti. Uzun s\u00fcredir ekranlardan uzak kalan ikili, y\u0131llar sonra bir araya gelerek eski g\u00fcnleri yad etti.<\/p>\n<p><img loading=\"lazy\" decoding=\"async\" class=\"alignnone wp-image-163545\" src=\"https:\/\/www.tgrthaber.com\/mavikadin\/wp-content\/uploads\/Merve-Bolugur-1-3-1024x576.jpg\" alt=\"Merve Bolu\u011fur\u2019dan nostaljik g\u00f6nderme! \u201cYa\u015fland\u0131k m\u0131?\u201d \" width=\"1208\" height=\"680\" title=\"\" srcset=\"https:\/\/www.tgrthaber.com\/mavikadin\/wp-content\/uploads\/Merve-Bolugur-1-3-1024x576.jpg 1024w, https:\/\/www.tgrthaber.com\/mavikadin\/wp-content\/uploads\/Merve-Bolugur-1-3-300x169.jpg 300w, https:\/\/www.tgrthaber.com\/mavikadin\/wp-content\/uploads\/Merve-Bolugur-1-3-768x432.jpg 768w, https:\/\/www.tgrthaber.com\/mavikadin\/wp-content\/uploads\/Merve-Bolugur-1-3-1536x864.jpg 1536w, https:\/\/www.tgrthaber.com\/mavikadin\/wp-content\/uploads\/Merve-Bolugur-1-3.jpg 1600w\" sizes=\"(max-width: 1208px) 100vw, 1208px\" \/><\/p>\n<hr \/>\n<h3>MERVE BOLU\u011eUR: YA\u015eLANDIK MI?<\/h3>\n<p>Bir d\u00f6neme damga vuran ve 2010 y\u0131l\u0131nda yay\u0131nlanan \u201cK\u00fc\u00e7\u00fck S\u0131rlar\u201d dizisinde birlikte rol alan Merve Bolu\u011fur ve Dilara \u00d6ztun\u00e7, y\u0131llar sonra bir araya geldi. Y\u0131llara meydan okuyan ikiliden Bolu\u011fur, bu bulu\u015fmay\u0131 sosyal medya hesab\u0131ndan payla\u015ft\u0131. Bolu\u011fur, \u00d6ztun\u00e7 ile payla\u015f\u0131m\u0131n\u0131n alt\u0131na \u201cKavu\u015ftay\u201d notunu d\u00fc\u015ft\u00fc.<\/p>\n<p><img loading=\"lazy\" decoding=\"async\" class=\"alignnone wp-image-163546\" src=\"https:\/\/www.tgrthaber.com\/mavikadin\/wp-content\/uploads\/Merve-Bolugur-2-3-1024x576.jpg\" alt=\"Merve Bolu\u011fur\u2019dan nostaljik g\u00f6nderme! \u201cYa\u015fland\u0131k m\u0131?\u201d \" width=\"1208\" height=\"680\" title=\"\" srcset=\"https:\/\/www.tgrthaber.com\/mavikadin\/wp-content\/uploads\/Merve-Bolugur-2-3-1024x576.jpg 1024w, https:\/\/www.tgrthaber.com\/mavikadin\/wp-content\/uploads\/Merve-Bolugur-2-3-300x169.jpg 300w, https:\/\/www.tgrthaber.com\/mavikadin\/wp-content\/uploads\/Merve-Bolugur-2-3-768x432.jpg 768w, https:\/\/www.tgrthaber.com\/mavikadin\/wp-content\/uploads\/Merve-Bolugur-2-3-1536x864.jpg 1536w, https:\/\/www.tgrthaber.com\/mavikadin\/wp-content\/uploads\/Merve-Bolugur-2-3.jpg 1600w\" sizes=\"(max-width: 1208px) 100vw, 1208px\" \/><\/p>\n<hr \/>\n<p>\u00dcnl\u00fc oyuncu Merve Bolu\u011fur, Dilara \u00d6ztun\u00e7 ile bulu\u015ftu\u011fu anlar\u0131 sosyal medya hesab\u0131ndan payla\u015fmas\u0131n\u0131n ard\u0131ndan yeni bir payla\u015f\u0131mda bulundu. Bolu\u011fur, Instagram hesab\u0131ndan yapt\u0131\u011f\u0131 payla\u015f\u0131mda K\u00fc\u00e7\u00fck S\u0131rlar dizisinden bir kareye ve \u00d6ztun\u00e7 ile eski foto\u011fraf\u0131na yer verdi. Bolu\u011fur, nostaljik g\u00f6ndermeli payla\u015f\u0131m\u0131na \u201cYa\u015fland\u0131k m\u0131?\u201d ifadesini ekledi.<\/p>\n","protected":false},"excerpt":{"rendered":"<p>Sosyal medya payla\u015f\u0131mlar\u0131yla s\u0131k s\u0131k g\u00fcndeme gelen Merve Bolu\u011fur\u2019dan nostaljik bir g\u00f6nderme geldi. Bolu\u011fur, y\u0131llar \u00f6nce \u201cK\u00fc\u00e7\u00fck S\u0131rlar\u201d dizisinde birlikte rol ald\u0131\u011f\u0131 Dilara \u00d6ztun\u00e7 ile yeniden bir araya geldi. Bulu\u015fma sonras\u0131 eski foto\u011fraflar\u0131n\u0131 payla\u015fan Bolu\u011fur, \u201cYa\u015fland\u0131k m\u0131?\u201d notuyla adeta nostaljik bir g\u00f6ndermede bulundu. \u0130\u015fte detaylar\u2026<\/p>\n","protected":false},"author":26,"featured_media":163543,"comment_status":"closed","ping_status":"closed","sticky":false,"template":"","format":"standard","meta":{"rank_math_lock_modified_date":false,"footnotes":""},"categories":[76],"tags":[18281,133,2218,2689,18280,18282],"class_list":["post-163538","post","type-post","status-publish","format-standard","has-post-thumbnail","hentry","category-magazin","tag-dilara-oztunc","tag-magazin","tag-magazin-haberleri","tag-merve-bolugur","tag-merve-bolugur-dilara-oztunc","tag-merve-bolugur-nostaljik-paylasim"],"_links":{"self":[{"href":"https:\/\/www.tgrthaber.com\/mavikadin\/wp-json\/wp\/v2\/posts\/163538"}],"collection":[{"href":"https:\/\/www.tgrthaber.com\/mavikadin\/wp-json\/wp\/v2\/posts"}],"about":[{"href":"https:\/\/www.tgrthaber.com\/mavikadin\/wp-json\/wp\/v2\/types\/post"}],"author":[{"embeddable":true,"href":"https:\/\/www.tgrthaber.com\/mavikadin\/wp-json\/wp\/v2\/users\/26"}],"replies":[{"embeddable":true,"href":"https:\/\/www.tgrthaber.com\/mavikadin\/wp-json\/wp\/v2\/comments?post=163538"}],"version-history":[{"count":2,"href":"https:\/\/www.tgrthaber.com\/mavikadin\/wp-json\/wp\/v2\/posts\/163538\/revisions"}],"predecessor-version":[{"id":163548,"href":"https:\/\/www.tgrthaber.com\/mavikadin\/wp-json\/wp\/v2\/posts\/163538\/revisions\/163548"}],"wp:featuredmedia":[{"embeddable":true,"href":"https:\/\/www.tgrthaber.com\/mavikadin\/wp-json\/wp\/v2\/media\/163543"}],"wp:attachment":[{"href":"https:\/\/www.tgrthaber.com\/mavikadin\/wp-json\/wp\/v2\/media?parent=163538"}],"wp:term":[{"taxonomy":"category","embeddable":true,"href":"https:\/\/www.tgrthaber.com\/mavikadin\/wp-json\/wp\/v2\/categories?post=163538"},{"taxonomy":"post_tag","embeddable":true,"href":"https:\/\/www.tgrthaber.com\/mavikadin\/wp-json\/wp\/v2\/tags?post=163538"}],"curies":[{"name":"wp","href":"https:\/\/api.w.org\/{rel}","templated":true}]}}