{"id":163549,"date":"2025-04-17T13:01:29","date_gmt":"2025-04-17T10:01:29","guid":{"rendered":"https:\/\/www.tgrthaber.com\/mavikadin\/?p=163549"},"modified":"2025-04-17T23:14:01","modified_gmt":"2025-04-17T20:14:01","slug":"emre-altug-yillar-sora-aski-buldu-gizemli-sevgilisi-kim","status":"publish","type":"post","link":"https:\/\/www.tgrthaber.com\/mavikadin\/emre-altug-yillar-sora-aski-buldu-gizemli-sevgilisi-kim\/","title":{"rendered":"Emre Altu\u011f y\u0131llar sonra a\u015fk\u0131 buldu! Gizemli sevgilisi kim?"},"content":{"rendered":"<p>Uzun s\u00fcredir \u00f6zel hayat\u0131yla g\u00fcndeme gelmeyen ve magazin d\u00fcnyas\u0131nda sakin bir profil \u00e7izen \u00fcnl\u00fc \u015fark\u0131c\u0131 ve oyuncu Emre Altu\u011f, y\u0131llar sonra yapt\u0131\u011f\u0131 ili\u015fki itiraf\u0131yla yeniden g\u00fcndemde. Etiler\u2019de objektiflere yakalanan Altu\u011f, gazetecilere yapt\u0131\u011f\u0131 samimi a\u00e7\u0131klamalarla dikkat \u00e7ekti. Sanat\u00e7\u0131, hayat\u0131nda biri oldu\u011funu ancak ili\u015fkisini g\u00f6zlerden uzak ya\u015famay\u0131 tercih etti\u011fini s\u00f6yledi.<\/p>\n<h3>EMRE ALTU\u011e&#8217;UN UZUN S\u00dcREN SESS\u0130ZL\u0130\u011e\u0130<\/h3>\n<p>2008 y\u0131l\u0131nda T\u00fcrkiye\u2019nin en g\u00f6zde \u00e7iftlerinden biri olarak manken \u00c7a\u011fla \u015e\u0131kel ile d\u00fcnyaevine giren Emre Altu\u011f, bu evlili\u011fini 2015 y\u0131l\u0131nda sonland\u0131rm\u0131\u015ft\u0131. \u0130ki \u00e7ocuk sahibi olan \u00e7ift, bo\u015fanman\u0131n ard\u0131ndan medeni tav\u0131rlar\u0131yla takdir toplam\u0131\u015ft\u0131. Bo\u015fanma sonras\u0131 \u00f6zel hayat\u0131n\u0131 kameralardan uzak tutan Altu\u011f, ge\u00e7en y\u0131llar boyunca herhangi bir ciddi ili\u015fki ya\u015famad\u0131 ya da en az\u0131ndan bunu kamuoyuyla payla\u015fmad\u0131.<\/p>\n<p><img loading=\"lazy\" decoding=\"async\" class=\"alignnone size-full wp-image-163616\" src=\"https:\/\/www.tgrthaber.com\/mavikadin\/wp-content\/uploads\/4-589.png\" alt=\"\" width=\"1280\" height=\"720\" title=\"\" srcset=\"https:\/\/www.tgrthaber.com\/mavikadin\/wp-content\/uploads\/4-589.png 1280w, https:\/\/www.tgrthaber.com\/mavikadin\/wp-content\/uploads\/4-589-300x169.png 300w, https:\/\/www.tgrthaber.com\/mavikadin\/wp-content\/uploads\/4-589-1024x576.png 1024w, https:\/\/www.tgrthaber.com\/mavikadin\/wp-content\/uploads\/4-589-768x432.png 768w\" sizes=\"(max-width: 1280px) 100vw, 1280px\" \/><\/p>\n<hr \/>\n<h3>&#8220;YAZ GELD\u0130 YAKALANIRIZ D\u0130YE KORKUYORUM&#8221;<\/h3>\n<p>Son olarak Etiler\u2019de bas\u0131n mensuplar\u0131yla kar\u015f\u0131la\u015fan Altu\u011f, \u00f6zel hayat\u0131yla ilgili merak edilenleri bir nebze olsun yan\u0131tlad\u0131. \u201cHayat\u0131mda biri var ama \u00e7ok d\u0131\u015far\u0131 \u00e7\u0131km\u0131yoruz, ortal\u0131kta de\u011filiz. Sizin haberiniz olmuyor. Tan\u0131yor musunuz, ben bilemem ama yaz geldi, yakalan\u0131r\u0131z ya,\u201d s\u00f6zleriyle g\u00fcl\u00fcmseyerek verdi\u011fi cevap, magazin d\u00fcnyas\u0131nda adeta bomba etkisi olu\u015fturdu. Bu a\u00e7\u0131klamas\u0131yla Altu\u011f, uzun zamand\u0131r s\u00fcren yaln\u0131zl\u0131k iddialar\u0131na da son noktay\u0131 koymu\u015f oldu.<\/p>\n<p><img loading=\"lazy\" decoding=\"async\" class=\"alignnone size-full wp-image-163617\" src=\"https:\/\/www.tgrthaber.com\/mavikadin\/wp-content\/uploads\/5-349.png\" alt=\"\" width=\"1280\" height=\"720\" title=\"\" srcset=\"https:\/\/www.tgrthaber.com\/mavikadin\/wp-content\/uploads\/5-349.png 1280w, https:\/\/www.tgrthaber.com\/mavikadin\/wp-content\/uploads\/5-349-300x169.png 300w, https:\/\/www.tgrthaber.com\/mavikadin\/wp-content\/uploads\/5-349-1024x576.png 1024w, https:\/\/www.tgrthaber.com\/mavikadin\/wp-content\/uploads\/5-349-768x432.png 768w\" sizes=\"(max-width: 1280px) 100vw, 1280px\" \/><\/p>\n<hr \/>\n<h3>A\u015eK HAYATINI G\u0130ZL\u0130 TUTMAYI TERC\u0130H ED\u0130YOR<\/h3>\n<p>Kendine has tarz\u0131 ve sahne performans\u0131yla T\u00fcrk pop m\u00fczi\u011finde ayr\u0131 bir yere sahip olan Emre Altu\u011f, ayn\u0131 zamanda oyunculuk kariyeriyle de geni\u015f bir hayran kitlesine sahip. Son d\u00f6nemde m\u00fczi\u011fin yan\u0131 s\u0131ra televizyon projelerinde de yer alan sanat\u00e7\u0131, \u00f6zel ya\u015fam\u0131n\u0131 kamuoyundan gizlemeyi tercih ediyor. Daha \u00f6nce rol arkada\u015f\u0131 G\u00f6zde Kansu ile ad\u0131 an\u0131lan Altu\u011f, bu iddialar\u0131 net bir \u015fekilde yalanlam\u0131\u015ft\u0131. \u015eimdiyse ger\u00e7ek bir ili\u015fki ya\u015fad\u0131\u011f\u0131n\u0131 kendi a\u011fz\u0131ndan duyurmas\u0131, hayranlar\u0131n\u0131 hem \u015fa\u015f\u0131rtt\u0131 hem de sevindirdi.<\/p>\n<p><img loading=\"lazy\" decoding=\"async\" class=\"alignnone size-full wp-image-163615\" src=\"https:\/\/www.tgrthaber.com\/mavikadin\/wp-content\/uploads\/3-715.png\" alt=\"\" width=\"1280\" height=\"720\" title=\"\" srcset=\"https:\/\/www.tgrthaber.com\/mavikadin\/wp-content\/uploads\/3-715.png 1280w, https:\/\/www.tgrthaber.com\/mavikadin\/wp-content\/uploads\/3-715-300x169.png 300w, https:\/\/www.tgrthaber.com\/mavikadin\/wp-content\/uploads\/3-715-1024x576.png 1024w, https:\/\/www.tgrthaber.com\/mavikadin\/wp-content\/uploads\/3-715-768x432.png 768w\" sizes=\"(max-width: 1280px) 100vw, 1280px\" \/><\/p>\n<hr \/>\n<h3>K\u0130M OLDU\u011eU \u015e\u0130MD\u0130L\u0130K SIR G\u0130B\u0130 SAKLANIYOR<\/h3>\n<p>Altu\u011f\u2019un gizemli sevgilisinin kim oldu\u011fu ise hen\u00fcz bilinmiyor. Sanat\u00e7\u0131n\u0131n bu konuda ketum davranmas\u0131, magazin camias\u0131nda merak uyand\u0131rmaya devam ediyor. Ancak yaz aylar\u0131n\u0131n yakla\u015fmas\u0131yla birlikte, \u00e7iftin birlikte g\u00f6r\u00fcnt\u00fclenmesi an meselesi olabilir.<\/p>\n<p><img loading=\"lazy\" decoding=\"async\" class=\"alignnone size-full wp-image-163613\" src=\"https:\/\/www.tgrthaber.com\/mavikadin\/wp-content\/uploads\/1-688.png\" alt=\"\" width=\"1280\" height=\"720\" title=\"\" srcset=\"https:\/\/www.tgrthaber.com\/mavikadin\/wp-content\/uploads\/1-688.png 1280w, https:\/\/www.tgrthaber.com\/mavikadin\/wp-content\/uploads\/1-688-300x169.png 300w, https:\/\/www.tgrthaber.com\/mavikadin\/wp-content\/uploads\/1-688-1024x576.png 1024w, https:\/\/www.tgrthaber.com\/mavikadin\/wp-content\/uploads\/1-688-768x432.png 768w\" sizes=\"(max-width: 1280px) 100vw, 1280px\" \/><\/p>\n<hr \/>\n<h3>EMRE ALTU\u011e K\u0130MD\u0130R?<\/h3>\n<p>1970 y\u0131l\u0131nda \u0130stanbul\u2019da d\u00fcnyaya gelen Emre Altu\u011f, \u0130stanbul \u00dcniversitesi Devlet Konservatuvar\u0131\u2019ndan mezun olduktan sonra m\u00fczik kariyerine ad\u0131m att\u0131. Pop m\u00fczi\u011fin sevilen isimlerinden biri olan Altu\u011f, \u201c\u0130bret-i Alem\u201d, \u201cSensiz Olmuyor\u201d gibi alb\u00fcmleriyle b\u00fcy\u00fck be\u011feni toplad\u0131. Oyunculuk kariyerinde de ba\u015far\u0131l\u0131 projelere imza atan Altu\u011f, bir\u00e7ok dizi ve tiyatro oyununda rol ald\u0131. Hem sahne hem ekran d\u00fcnyas\u0131nda aktif olan sanat\u00e7\u0131, kariyeri boyunca \u00f6zel ya\u015fam\u0131yla g\u00fcndeme gelmekten ka\u00e7\u0131nd\u0131.<\/p>\n<p>\u015eimdilik sevgilisinin kim oldu\u011funu a\u00e7\u0131klamasa da, Emre Altu\u011f\u2019un y\u0131llar sonra kalbini yeniden birine a\u00e7m\u0131\u015f olmas\u0131, sanat\u00e7\u0131n\u0131n sevenleri i\u00e7in mutluluk verici bir geli\u015fme oldu.<\/p>\n","protected":false},"excerpt":{"rendered":"<p>Uzun y\u0131llard\u0131r \u00f6zel hayat\u0131yla g\u00fcndeme gelmeyen Emre Altu\u011f, yapt\u0131\u011f\u0131 samimi a\u00e7\u0131klamayla herkesi \u015fa\u015f\u0131rtt\u0131. \u00dcnl\u00fc sanat\u00e7\u0131, kalbini yeniden birine kapt\u0131rd\u0131\u011f\u0131n\u0131 itiraf etti ancak gizemli a\u015fk\u0131n\u0131 g\u00f6zlerden uzak ya\u015famay\u0131\u00a0tercih\u00a0etti.<\/p>\n","protected":false},"author":28,"featured_media":163614,"comment_status":"closed","ping_status":"closed","sticky":false,"template":"","format":"standard","meta":{"rank_math_lock_modified_date":false,"footnotes":""},"categories":[76],"tags":[3752,18297],"class_list":["post-163549","post","type-post","status-publish","format-standard","has-post-thumbnail","hentry","category-magazin","tag-emre-altug","tag-emre-altug-sevgilisi"],"_links":{"self":[{"href":"https:\/\/www.tgrthaber.com\/mavikadin\/wp-json\/wp\/v2\/posts\/163549"}],"collection":[{"href":"https:\/\/www.tgrthaber.com\/mavikadin\/wp-json\/wp\/v2\/posts"}],"about":[{"href":"https:\/\/www.tgrthaber.com\/mavikadin\/wp-json\/wp\/v2\/types\/post"}],"author":[{"embeddable":true,"href":"https:\/\/www.tgrthaber.com\/mavikadin\/wp-json\/wp\/v2\/users\/28"}],"replies":[{"embeddable":true,"href":"https:\/\/www.tgrthaber.com\/mavikadin\/wp-json\/wp\/v2\/comments?post=163549"}],"version-history":[{"count":3,"href":"https:\/\/www.tgrthaber.com\/mavikadin\/wp-json\/wp\/v2\/posts\/163549\/revisions"}],"predecessor-version":[{"id":163989,"href":"https:\/\/www.tgrthaber.com\/mavikadin\/wp-json\/wp\/v2\/posts\/163549\/revisions\/163989"}],"wp:featuredmedia":[{"embeddable":true,"href":"https:\/\/www.tgrthaber.com\/mavikadin\/wp-json\/wp\/v2\/media\/163614"}],"wp:attachment":[{"href":"https:\/\/www.tgrthaber.com\/mavikadin\/wp-json\/wp\/v2\/media?parent=163549"}],"wp:term":[{"taxonomy":"category","embeddable":true,"href":"https:\/\/www.tgrthaber.com\/mavikadin\/wp-json\/wp\/v2\/categories?post=163549"},{"taxonomy":"post_tag","embeddable":true,"href":"https:\/\/www.tgrthaber.com\/mavikadin\/wp-json\/wp\/v2\/tags?post=163549"}],"curies":[{"name":"wp","href":"https:\/\/api.w.org\/{rel}","templated":true}]}}