{"id":163553,"date":"2025-04-17T11:23:09","date_gmt":"2025-04-17T08:23:09","guid":{"rendered":"https:\/\/www.tgrthaber.com\/mavikadin\/?p=163553"},"modified":"2025-04-17T11:32:14","modified_gmt":"2025-04-17T08:32:14","slug":"cagatay-ulusoy-yakisikliligiyla-gundem-oldu-esref-ruyadaki-performansi-begeni-topluyor","status":"publish","type":"post","link":"https:\/\/www.tgrthaber.com\/mavikadin\/cagatay-ulusoy-yakisikliligiyla-gundem-oldu-esref-ruyadaki-performansi-begeni-topluyor\/","title":{"rendered":"\u00c7a\u011fatay Ulusoy yak\u0131\u015f\u0131kl\u0131l\u0131\u011f\u0131yla g\u00fcndem oldu! E\u015fref R\u00fcya\u2019daki performans\u0131 be\u011feni topluyor"},"content":{"rendered":"<p>Ba\u015far\u0131l\u0131 oyuncu \u00c7a\u011fatay Ulusoy&#8217;un yak\u0131\u015f\u0131kl\u0131l\u0131\u011f\u0131 g\u00fcndem oldu. Yer ald\u0131\u011f\u0131 E\u015fref R\u00fcya dizisiyle sosyal medyada \u00e7ok konu\u015fulan \u00fcnl\u00fc ismin b\u00f6l\u00fcm ba\u015f\u0131na ald\u0131\u011f\u0131 \u00fccret de ayr\u0131 bir konu oldu.<\/p>\n<h3>\u00c7A\u011eATAY ULUSOY YAKI\u015eIKLILI\u011eIYLA G\u00dcNDEM<\/h3>\n<p>E\u015fref R\u00fcya ile ekranlara geri d\u00f6nen \u00c7a\u011fatay Ulusoy sosyal medyada yak\u0131\u015f\u0131kl\u0131l\u0131\u011f\u0131 ile g\u00fcndem oldu. Oyunculu\u011funun yan\u0131 s\u0131ra karizmas\u0131yla da ad\u0131ndan s\u00f6z ettiren Ulusoy rol\u00fcyle de b\u00fct\u00fcnle\u015fmi\u015f durumda.<\/p>\n<p>Di\u011fer yandan diziden ald\u0131\u011f\u0131 \u00fccretle de \u00e7ok konu\u015fulan \u00c7a\u011fatay Ulusoy ba\u015frol\u00fc Demet \u00d6zdemir ile payla\u015f\u0131yor.<br \/>\nSadece bir b\u00f6l\u00fcmden ald\u0131\u011f\u0131 \u00fccretle d\u00fcnyalar\u0131 kazanan Ulusoy\u2019un bir ev paras\u0131 ald\u0131\u011f\u0131 konu\u015fuluyor.<\/p>\n<p><img loading=\"lazy\" decoding=\"async\" class=\"alignnone size-full wp-image-163562\" src=\"https:\/\/www.tgrthaber.com\/mavikadin\/wp-content\/uploads\/Esref-Ruya-3.png\" alt=\"\" width=\"1208\" height=\"680\" title=\"\" srcset=\"https:\/\/www.tgrthaber.com\/mavikadin\/wp-content\/uploads\/Esref-Ruya-3.png 1208w, https:\/\/www.tgrthaber.com\/mavikadin\/wp-content\/uploads\/Esref-Ruya-3-300x169.png 300w, https:\/\/www.tgrthaber.com\/mavikadin\/wp-content\/uploads\/Esref-Ruya-3-1024x576.png 1024w, https:\/\/www.tgrthaber.com\/mavikadin\/wp-content\/uploads\/Esref-Ruya-3-768x432.png 768w\" sizes=\"(max-width: 1208px) 100vw, 1208px\" \/><\/p>\n<hr \/>\n<p>Yeni dizisi E\u015fref R\u00fcya ile izleyici kar\u015f\u0131s\u0131na \u00e7\u0131kan Ulusoy b\u00fcy\u00fck bir hayran kitlesine sahip. Kulislerde dola\u015fan iddialara g\u00f6re; \u00c7a\u011fatay Ulusoy, diziden b\u00f6l\u00fcm ba\u015f\u0131na tam 3,5 milyon TL kazan\u0131yor.<\/p>\n<p>Reytinglerde de istedi\u011fi ba\u015far\u0131y\u0131 elde eden \u00c7a\u011fatay Ulusoy, \u00f6nceki dizilerinde tam anlam\u0131yla istedi\u011fi reytingi elde edememi\u015fti.<\/p>\n<h3>E\u015eREF R\u00dcYA \u0130ZLEY\u0130C\u0130Y\u0130 EKRAN BA\u015eINA K\u0130L\u0130TL\u0130YOR<\/h3>\n<p>Y\u00f6netmen koltu\u011funda Ulu\u00e7 Bayraktar\u2019\u0131n oturdu\u011fu ve senaryosunu Ethem \u00d6z\u0131\u015f\u0131k ve Lokman Maral\u2019\u0131n kaleme ald\u0131\u011f\u0131 E\u015fref R\u00fcya her b\u00f6l\u00fcm\u00fcyle izleyiciyi ekran ba\u015f\u0131na kilitliyor.<\/p>\n<p><img loading=\"lazy\" decoding=\"async\" class=\"alignnone size-full wp-image-163563\" src=\"https:\/\/www.tgrthaber.com\/mavikadin\/wp-content\/uploads\/Esref-Ruya-2.png\" alt=\"\" width=\"1208\" height=\"680\" title=\"\" srcset=\"https:\/\/www.tgrthaber.com\/mavikadin\/wp-content\/uploads\/Esref-Ruya-2.png 1208w, https:\/\/www.tgrthaber.com\/mavikadin\/wp-content\/uploads\/Esref-Ruya-2-300x169.png 300w, https:\/\/www.tgrthaber.com\/mavikadin\/wp-content\/uploads\/Esref-Ruya-2-1024x576.png 1024w, https:\/\/www.tgrthaber.com\/mavikadin\/wp-content\/uploads\/Esref-Ruya-2-768x432.png 768w\" sizes=\"(max-width: 1208px) 100vw, 1208px\" \/><\/p>\n<hr \/>\n<h3>E\u015eREF R\u00dcYA D\u0130Z\u0130S\u0130N\u0130N YEN\u0130 B\u00d6L\u00dcM\u00dc NE ZAMAN?<\/h3>\n<p>E\u015fref R\u00fcya dizisinin yeni b\u00f6l\u00fcm\u00fc \u00c7ar\u015famba ak\u015famlar\u0131 saat 20.00&#8217;da Kanal D&#8217;de ekranlara geliyor.<\/p>\n<h3>E\u015eREF R\u00dcYA D\u0130Z\u0130S\u0130N\u0130N KONUSU NE?<\/h3>\n<p>\u00c7ocuk ya\u015fta yetim kalman\u0131n zorlu\u011funu ya\u015fayan E\u015fref, yaln\u0131zl\u0131\u011f\u0131 y\u00fcz\u00fcnden su\u00e7 d\u00fcnyas\u0131n\u0131n ortas\u0131nda bulmu\u015f kendisini. Y\u0131llar i\u00e7inde su\u00e7 d\u00fcnyas\u0131nda h\u00fck\u00fcm s\u00fcren bir kimlik elde etmi\u015f.<\/p>\n<p><img loading=\"lazy\" decoding=\"async\" class=\"alignnone size-full wp-image-163564\" src=\"https:\/\/www.tgrthaber.com\/mavikadin\/wp-content\/uploads\/Esref-Ruya-4.png\" alt=\"\" width=\"1208\" height=\"680\" title=\"\" srcset=\"https:\/\/www.tgrthaber.com\/mavikadin\/wp-content\/uploads\/Esref-Ruya-4.png 1208w, https:\/\/www.tgrthaber.com\/mavikadin\/wp-content\/uploads\/Esref-Ruya-4-300x169.png 300w, https:\/\/www.tgrthaber.com\/mavikadin\/wp-content\/uploads\/Esref-Ruya-4-1024x576.png 1024w, https:\/\/www.tgrthaber.com\/mavikadin\/wp-content\/uploads\/Esref-Ruya-4-768x432.png 768w\" sizes=\"(max-width: 1208px) 100vw, 1208px\" \/><\/p>\n<hr \/>\n<p>E\u015fref i\u00e7in yetimler, kaybetti\u011fi ailesi yerine koydu\u011fu karde\u015fleri olmu\u015ftur. Yeralt\u0131 \u00f6rg\u00fctlerinin ba\u015f\u0131nda olmak gibi bir sorumlulu\u011fu olan E\u015fref, di\u011fer yandan hep istedi\u011fi huzur aray\u0131\u015f\u0131na devam ediyor.<\/p>\n<p>Kar\u015f\u0131s\u0131na beklenmedik bir anda \u00e7\u0131kan Nisan ise onu tahmin edilemeyecek bir durumun i\u00e7ine s\u00fcr\u00fckl\u00fcyor.<\/p>\n<p><img loading=\"lazy\" decoding=\"async\" class=\"alignnone size-full wp-image-163566\" src=\"https:\/\/www.tgrthaber.com\/mavikadin\/wp-content\/uploads\/Esref-Ruya-6.png\" alt=\"\" width=\"1208\" height=\"680\" title=\"\" srcset=\"https:\/\/www.tgrthaber.com\/mavikadin\/wp-content\/uploads\/Esref-Ruya-6.png 1208w, https:\/\/www.tgrthaber.com\/mavikadin\/wp-content\/uploads\/Esref-Ruya-6-300x169.png 300w, https:\/\/www.tgrthaber.com\/mavikadin\/wp-content\/uploads\/Esref-Ruya-6-1024x576.png 1024w, https:\/\/www.tgrthaber.com\/mavikadin\/wp-content\/uploads\/Esref-Ruya-6-768x432.png 768w\" sizes=\"(max-width: 1208px) 100vw, 1208px\" \/><\/p>\n<hr \/>\n<h3>E\u015eREF R\u00dcYA D\u0130Z\u0130S\u0130N\u0130N OYUNCULARI K\u0130M?<\/h3>\n<p>E\u015fref R\u00fcya\u2019n\u0131n kadrosunda ba\u015frollerde \u00c7a\u011fatay Ulusoy, Demet \u00d6zdemir olmak \u00fczere; B\u00fc\u015fra Develi, Ahmet R\u0131fat \u015eungar, Necip Memili, Tolga Tekin, G\u00f6rkem Sevindik, Ceren Benderlio\u011flu, Ebrar Karabakan, Umut Karada\u011f, Kaan Turgut, A\u015fk\u0131n \u015eenol, \u015eener Sava\u015f, Ahmet Y\u0131ld\u0131r\u0131m, Kerem Alp Kabul, Bartu Zeytinci, G\u00f6k\u00e7em \u00c7oban, Volkan Uygun, Taylan G\u00fcldere, Feriha Ey\u00fcbo\u011flu ve Macit Koper yer al\u0131yor.<\/p>\n","protected":false},"excerpt":{"rendered":"<p>\u00dcnl\u00fc oyuncu \u00c7a\u011fatay Ulusoy&#8217;un yak\u0131\u015f\u0131kl\u0131l\u0131\u011f\u0131 g\u00fcndem oldu. E\u015fref R\u00fcya dizisiyle ekranlara gelen Ulusoy\u2019un b\u00f6l\u00fcm ba\u015f\u0131na ald\u0131\u011f\u0131 \u00fccret de \u00e7ok konu\u015fuldu.<\/p>\n","protected":false},"author":5,"featured_media":163565,"comment_status":"closed","ping_status":"closed","sticky":false,"template":"","format":"standard","meta":{"rank_math_lock_modified_date":false,"footnotes":""},"categories":[76],"tags":[2765,4755,133],"class_list":["post-163553","post","type-post","status-publish","format-standard","has-post-thumbnail","hentry","category-magazin","tag-cagatay-ulusoy","tag-esref-ruya","tag-magazin"],"_links":{"self":[{"href":"https:\/\/www.tgrthaber.com\/mavikadin\/wp-json\/wp\/v2\/posts\/163553"}],"collection":[{"href":"https:\/\/www.tgrthaber.com\/mavikadin\/wp-json\/wp\/v2\/posts"}],"about":[{"href":"https:\/\/www.tgrthaber.com\/mavikadin\/wp-json\/wp\/v2\/types\/post"}],"author":[{"embeddable":true,"href":"https:\/\/www.tgrthaber.com\/mavikadin\/wp-json\/wp\/v2\/users\/5"}],"replies":[{"embeddable":true,"href":"https:\/\/www.tgrthaber.com\/mavikadin\/wp-json\/wp\/v2\/comments?post=163553"}],"version-history":[{"count":4,"href":"https:\/\/www.tgrthaber.com\/mavikadin\/wp-json\/wp\/v2\/posts\/163553\/revisions"}],"predecessor-version":[{"id":163570,"href":"https:\/\/www.tgrthaber.com\/mavikadin\/wp-json\/wp\/v2\/posts\/163553\/revisions\/163570"}],"wp:featuredmedia":[{"embeddable":true,"href":"https:\/\/www.tgrthaber.com\/mavikadin\/wp-json\/wp\/v2\/media\/163565"}],"wp:attachment":[{"href":"https:\/\/www.tgrthaber.com\/mavikadin\/wp-json\/wp\/v2\/media?parent=163553"}],"wp:term":[{"taxonomy":"category","embeddable":true,"href":"https:\/\/www.tgrthaber.com\/mavikadin\/wp-json\/wp\/v2\/categories?post=163553"},{"taxonomy":"post_tag","embeddable":true,"href":"https:\/\/www.tgrthaber.com\/mavikadin\/wp-json\/wp\/v2\/tags?post=163553"}],"curies":[{"name":"wp","href":"https:\/\/api.w.org\/{rel}","templated":true}]}}