{"id":163580,"date":"2025-04-17T14:15:50","date_gmt":"2025-04-17T11:15:50","guid":{"rendered":"https:\/\/www.tgrthaber.com\/mavikadin\/?p=163580"},"modified":"2025-04-17T14:15:51","modified_gmt":"2025-04-17T11:15:51","slug":"murat-bozdan-annesine-surpiz-dogum-gunu-kutlamasi","status":"publish","type":"post","link":"https:\/\/www.tgrthaber.com\/mavikadin\/murat-bozdan-annesine-surpiz-dogum-gunu-kutlamasi\/","title":{"rendered":"Murat Boz&#8217;dan annesine s\u00fcrpiz do\u011fum g\u00fcn\u00fc kutlamas\u0131!"},"content":{"rendered":"<p>\u00dcnl\u00fc \u015fark\u0131c\u0131 Murat Boz, \u015fark\u0131lar\u0131 ve a\u00e7\u0131klamalar\u0131 ile g\u00fcndeme gelmeye devam ediyor. Ba\u015far\u0131l\u0131 sanat\u00e7\u0131 daha \u00f6nce yapt\u0131\u011f\u0131 a\u00e7\u0131klamalarla dikkatleri \u00fczerine \u00e7ekmi\u015fti. Boz, annesinin onu ke\u015ffetmesi \u00fczerine \u00fcnl\u00fc oldu\u011funu s\u00f6ylemi\u015fti. Ge\u00e7ti\u011fimiz g\u00fcnlerde annesi Nedret Boz\u2019un do\u011fum g\u00fcn\u00fcn\u00fc s\u00fcrpriz \u015fekilde kutlamas\u0131 ile magazin g\u00fcndemine bomba gibi d\u00fc\u015ft\u00fc.<\/p>\n<h3>MURAT BOZ\u2019DAN ANNES\u0130NE S\u00dcRPR\u0130Z DO\u011eUM G\u00dcN\u00dc KUTLAMASI!<\/h3>\n<p>T\u00fcrk\u00e7e Pop M\u00fczi\u011finin sevilen isimlerinde olan Murat Boz, yapt\u0131\u011f\u0131 i\u015flerle dikkatleri \u00fczerine \u00e7ekmeye devam ediyor. Zonguldak\u2019\u0131n Ere\u011fli il\u00e7esinde d\u00fcnyaya gelen Boz, k\u00fc\u00e7\u00fck ya\u015flardan beri sanata olan d\u00fc\u015fk\u00fcnl\u00fc\u011f\u00fc ile biliniyor. M\u00fczik yetene\u011finin k\u00fc\u00e7\u00fck ya\u015flar da dikkat \u00e7ekmesi \u00fczerine G\u00fczel Sanatlar Lisesi\u2019ne gitmesi ile kariyeri i\u00e7in ilk ad\u0131m\u0131 atm\u0131\u015ft\u0131r.<\/p>\n<p><img loading=\"lazy\" decoding=\"async\" class=\"alignnone wp-image-163655\" src=\"https:\/\/www.tgrthaber.com\/mavikadin\/wp-content\/uploads\/haber-gorselleri-fotoshop-2025-04-17T141044.544-1024x576.jpg\" alt=\"Murat Boz&#039;dan annesine s\u00fcrpiz do\u011fum g\u00fcn\u00fc kutlamas\u0131!\" width=\"1208\" height=\"680\" title=\"\" srcset=\"https:\/\/www.tgrthaber.com\/mavikadin\/wp-content\/uploads\/haber-gorselleri-fotoshop-2025-04-17T141044.544-1024x576.jpg 1024w, https:\/\/www.tgrthaber.com\/mavikadin\/wp-content\/uploads\/haber-gorselleri-fotoshop-2025-04-17T141044.544-300x169.jpg 300w, https:\/\/www.tgrthaber.com\/mavikadin\/wp-content\/uploads\/haber-gorselleri-fotoshop-2025-04-17T141044.544-768x432.jpg 768w, https:\/\/www.tgrthaber.com\/mavikadin\/wp-content\/uploads\/haber-gorselleri-fotoshop-2025-04-17T141044.544-1536x864.jpg 1536w, https:\/\/www.tgrthaber.com\/mavikadin\/wp-content\/uploads\/haber-gorselleri-fotoshop-2025-04-17T141044.544.jpg 1600w\" sizes=\"(max-width: 1208px) 100vw, 1208px\" \/><\/p>\n<hr \/>\n<p>Uzun s\u00fcredir ekranlardan uzak olan Boz, en son O Ses T\u00fcrkiye 2025 sezonunda j\u00fcri koltu\u011funda olmad\u0131\u011f\u0131 i\u00e7in dikkatleri \u00fczerine \u00e7ekmi\u015fti. Yapt\u0131\u011f\u0131 a\u00e7\u0131klamalarla da g\u00fcndem olan sanat\u00e7\u0131, annesinin onu ke\u015ffetmesi \u00fczerine \u00fcnl\u00fc oldu\u011funu dile getirmi\u015fti. Ge\u00e7ti\u011fimiz ak\u015fam sahne ald\u0131\u011f\u0131 bir mek\u00e2nda onu dinlemeye gelen annesine yapt\u0131\u011f\u0131 do\u011fum g\u00fcn\u00fc s\u00fcrprizi ile magazin g\u00fcndemine bomba gibi d\u00fc\u015ft\u00fc. 2. sayfan\u0131n haberine g\u00f6re, annesi Nedret Boz\u2019un mutlu oldu\u011fu anlar kameralar\u0131n g\u00f6z\u00fcnden ka\u00e7mad\u0131.<\/p>\n<h3><img loading=\"lazy\" decoding=\"async\" class=\"alignnone wp-image-163656\" src=\"https:\/\/www.tgrthaber.com\/mavikadin\/wp-content\/uploads\/haber-gorselleri-fotoshop-2025-04-17T141028.157-1024x576.jpg\" alt=\"Murat Boz&#039;dan annesine s\u00fcrpiz do\u011fum g\u00fcn\u00fc kutlamas\u0131!\" width=\"1208\" height=\"680\" title=\"\" srcset=\"https:\/\/www.tgrthaber.com\/mavikadin\/wp-content\/uploads\/haber-gorselleri-fotoshop-2025-04-17T141028.157-1024x576.jpg 1024w, https:\/\/www.tgrthaber.com\/mavikadin\/wp-content\/uploads\/haber-gorselleri-fotoshop-2025-04-17T141028.157-300x169.jpg 300w, https:\/\/www.tgrthaber.com\/mavikadin\/wp-content\/uploads\/haber-gorselleri-fotoshop-2025-04-17T141028.157-768x432.jpg 768w, https:\/\/www.tgrthaber.com\/mavikadin\/wp-content\/uploads\/haber-gorselleri-fotoshop-2025-04-17T141028.157-1536x864.jpg 1536w, https:\/\/www.tgrthaber.com\/mavikadin\/wp-content\/uploads\/haber-gorselleri-fotoshop-2025-04-17T141028.157.jpg 1600w\" sizes=\"(max-width: 1208px) 100vw, 1208px\" \/><\/h3>\n<hr \/>\n<h3>MURAT BOZ K\u0130MD\u0130R?<\/h3>\n<p>Annesi Nedret Boz\u2019a yapt\u0131\u011f\u0131 do\u011fum g\u00fcn\u00fc kutlams\u0131 ile g\u00fcndeme gelen Murat Boz, 7 Mart 1980 y\u0131l\u0131nda Zonguldak\u2019ta d\u00fcnyaya geldi. \u0130lk ve orta \u00f6\u011fretimlerini Zonguldak\u2019ta tamamlad\u0131ktan sonra \u0130stanbul\u2019a yerle\u015fen Boz, \u0130stanbul Bilgi \u00dcniversitesi\u2019nde e\u011fitim g\u00f6rm\u00fc\u015ft\u00fcr. Tarkan olmak \u00fczere bir\u00e7ok \u015fark\u0131c\u0131ya vokalistlik yapm\u0131\u015ft\u0131r. Solo kariyerine 2006 y\u0131ldan ba\u015flayan sanat\u00e7\u0131, \u201cA\u015fk\u0131 Bulamam Ben\u201d single ile kariyerine ad\u0131m atm\u0131\u015ft\u0131r.<\/p>\n<p><img loading=\"lazy\" decoding=\"async\" class=\"alignnone wp-image-163653\" src=\"https:\/\/www.tgrthaber.com\/mavikadin\/wp-content\/uploads\/haber-gorselleri-fotoshop-2025-04-17T141218.959-1024x576.jpg\" alt=\"Murat Boz&#039;dan annesine s\u00fcrpiz do\u011fum g\u00fcn\u00fc kutlamas\u0131!\" width=\"1208\" height=\"680\" title=\"\" srcset=\"https:\/\/www.tgrthaber.com\/mavikadin\/wp-content\/uploads\/haber-gorselleri-fotoshop-2025-04-17T141218.959-1024x576.jpg 1024w, https:\/\/www.tgrthaber.com\/mavikadin\/wp-content\/uploads\/haber-gorselleri-fotoshop-2025-04-17T141218.959-300x169.jpg 300w, https:\/\/www.tgrthaber.com\/mavikadin\/wp-content\/uploads\/haber-gorselleri-fotoshop-2025-04-17T141218.959-768x432.jpg 768w, https:\/\/www.tgrthaber.com\/mavikadin\/wp-content\/uploads\/haber-gorselleri-fotoshop-2025-04-17T141218.959-1536x864.jpg 1536w, https:\/\/www.tgrthaber.com\/mavikadin\/wp-content\/uploads\/haber-gorselleri-fotoshop-2025-04-17T141218.959.jpg 1600w\" sizes=\"(max-width: 1208px) 100vw, 1208px\" \/><\/p>\n<hr \/>\n<p>\u201cMaximum\u201d alb\u00fcm\u00fc ile pek \u00e7ok \u00f6d\u00fcl alan Boz, \u201cJanti\u201d, \u201c\u015eans\u201d ve \u201cA\u015fklar\u0131m B\u00fcy\u00fck Benden\u201d alb\u00fcmleri ile kariyerini s\u00fcrd\u00fcrm\u00fc\u015ft\u00fcr. \u015eark\u0131c\u0131l\u0131k kariyerine ek olarak, \u201cHadi \u0130n\u015fallah\u201d, \u201cKarde\u015fim Benim\u201d ve \u201c\u00d6ld\u00fcr Beni Sevgilim\u201d gibi yap\u0131mlarda oynayarak oyunculu\u011fa da ba\u015flam\u0131\u015ft\u0131r.<\/p>\n","protected":false},"excerpt":{"rendered":"<p>\u00dcnl\u00fc sanat\u00e7\u0131 Murat Boz, g\u00fcndeme gelmeye devam ediyor. Ge\u00e7ti\u011fimiz g\u00fcnlerde annesinin do\u011fum g\u00fcn\u00fcn\u00fc kutlayan Boz, sahne ald\u0131\u011f\u0131 mek\u00e2nda annesine s\u00fcrpriz yapt\u0131. \u0130\u015fte o s\u00fcrpriz do\u011fum g\u00fcn\u00fc\u2026<\/p>\n","protected":false},"author":34,"featured_media":163652,"comment_status":"closed","ping_status":"closed","sticky":false,"template":"","format":"standard","meta":{"rank_math_lock_modified_date":false,"footnotes":""},"categories":[76],"tags":[133,2218,18305,18307,18306],"class_list":["post-163580","post","type-post","status-publish","format-standard","has-post-thumbnail","hentry","category-magazin","tag-magazin","tag-magazin-haberleri","tag-murat-boz","tag-murat-boz-annesi-nedret-boz","tag-nedret-boz"],"_links":{"self":[{"href":"https:\/\/www.tgrthaber.com\/mavikadin\/wp-json\/wp\/v2\/posts\/163580"}],"collection":[{"href":"https:\/\/www.tgrthaber.com\/mavikadin\/wp-json\/wp\/v2\/posts"}],"about":[{"href":"https:\/\/www.tgrthaber.com\/mavikadin\/wp-json\/wp\/v2\/types\/post"}],"author":[{"embeddable":true,"href":"https:\/\/www.tgrthaber.com\/mavikadin\/wp-json\/wp\/v2\/users\/34"}],"replies":[{"embeddable":true,"href":"https:\/\/www.tgrthaber.com\/mavikadin\/wp-json\/wp\/v2\/comments?post=163580"}],"version-history":[{"count":2,"href":"https:\/\/www.tgrthaber.com\/mavikadin\/wp-json\/wp\/v2\/posts\/163580\/revisions"}],"predecessor-version":[{"id":163657,"href":"https:\/\/www.tgrthaber.com\/mavikadin\/wp-json\/wp\/v2\/posts\/163580\/revisions\/163657"}],"wp:featuredmedia":[{"embeddable":true,"href":"https:\/\/www.tgrthaber.com\/mavikadin\/wp-json\/wp\/v2\/media\/163652"}],"wp:attachment":[{"href":"https:\/\/www.tgrthaber.com\/mavikadin\/wp-json\/wp\/v2\/media?parent=163580"}],"wp:term":[{"taxonomy":"category","embeddable":true,"href":"https:\/\/www.tgrthaber.com\/mavikadin\/wp-json\/wp\/v2\/categories?post=163580"},{"taxonomy":"post_tag","embeddable":true,"href":"https:\/\/www.tgrthaber.com\/mavikadin\/wp-json\/wp\/v2\/tags?post=163580"}],"curies":[{"name":"wp","href":"https:\/\/api.w.org\/{rel}","templated":true}]}}