{"id":163620,"date":"2025-04-17T13:21:05","date_gmt":"2025-04-17T10:21:05","guid":{"rendered":"https:\/\/www.tgrthaber.com\/mavikadin\/?p=163620"},"modified":"2025-04-17T13:25:49","modified_gmt":"2025-04-17T10:25:49","slug":"bellapais-guzellik-merkezi-sahibi-sinem-cekinmez-yurt-disina-mi-kacti-buyuk-skandal","status":"publish","type":"post","link":"https:\/\/www.tgrthaber.com\/mavikadin\/bellapais-guzellik-merkezi-sahibi-sinem-cekinmez-yurt-disina-mi-kacti-buyuk-skandal\/","title":{"rendered":"Sinem \u00e7ekinmez kimdir? Bellapais g\u00fczellik merkezi sahibi Sinem \u00c7ekinmez yurt d\u0131\u015f\u0131na\u00a0m\u0131\u00a0ka\u00e7t\u0131?"},"content":{"rendered":"<p>Adana\u2019n\u0131n \u00f6nde gelen g\u00fczellik merkezlerinden biri olan Bellapais G\u00fczellik Merkezi, son g\u00fcnlerde g\u00fcndemdeki yerini koruyor. Merkezin sahibi Sinem \u00c7ekinmez\u2019in yurt d\u0131\u015f\u0131na ka\u00e7t\u0131\u011f\u0131 iddialar\u0131, b\u00fcy\u00fck bir tart\u0131\u015fma konusu haline geldi. \u00d6zellikle, i\u015fletmenin sosyal medya hesaplar\u0131n\u0131n kapat\u0131lmas\u0131 ve faaliyetlerinin birdenbire durdurulmas\u0131, bu iddialar\u0131n g\u00fc\u00e7lenmesine neden oldu.<\/p>\n<h3>S\u0130NEM \u00c7EK\u0130NMEZ K\u0130MD\u0130R?<\/h3>\n<p>Sinem \u00c7ekinmez, 2003 y\u0131l\u0131nda Bellapais G\u00fczellik Merkezi\u2019ni kurarak Adana\u2019n\u0131n en bilinen isimlerinden biri haline gelmi\u015ftir. Gen\u00e7 bir giri\u015fimci olarak sekt\u00f6re ad\u0131m atan \u00c7ekinmez, k\u0131sa s\u00fcre i\u00e7inde ba\u015far\u0131ya ula\u015fm\u0131\u015f ve Adana\u2019da bir\u00e7ok \u015fube a\u00e7arak geni\u015f bir m\u00fc\u015fteri kitlesine ula\u015fm\u0131\u015ft\u0131r. Bellapais, yenilik\u00e7i uygulamalar\u0131 ve m\u00fc\u015fteri odakl\u0131 hizmet anlay\u0131\u015f\u0131 ile \u015fehirde g\u00fc\u00e7l\u00fc bir marka haline gelmi\u015ftir. \u00c7ekinmez, ayn\u0131 zamanda ba\u015f estetisyen olarak merkezdeki uygulamalardan sorumlu olmu\u015ftur.<\/p>\n<p><img loading=\"lazy\" decoding=\"async\" class=\"alignnone size-full wp-image-163624\" src=\"https:\/\/www.tgrthaber.com\/mavikadin\/wp-content\/uploads\/4-590.png\" alt=\"\" width=\"1280\" height=\"720\" title=\"\" srcset=\"https:\/\/www.tgrthaber.com\/mavikadin\/wp-content\/uploads\/4-590.png 1280w, https:\/\/www.tgrthaber.com\/mavikadin\/wp-content\/uploads\/4-590-300x169.png 300w, https:\/\/www.tgrthaber.com\/mavikadin\/wp-content\/uploads\/4-590-1024x576.png 1024w, https:\/\/www.tgrthaber.com\/mavikadin\/wp-content\/uploads\/4-590-768x432.png 768w\" sizes=\"(max-width: 1280px) 100vw, 1280px\" \/><\/p>\n<hr \/>\n<h3>S\u0130NEM \u00c7EK\u0130NMEZ YURT DI\u015eINA MI KA\u00c7TI?<\/h3>\n<p>Ancak, son zamanlarda Bellapais\u2019in sahibi Sinem \u00c7ekinmez\u2019e dair \u015fa\u015f\u0131rt\u0131c\u0131 iddialar g\u00fcndeme gelmeye ba\u015flad\u0131. \u0130ddialara g\u00f6re, i\u015fletmenin sosyal medya hesaplar\u0131 bir anda kapat\u0131ld\u0131 ve uzun s\u00fcredir Sinem \u00c7ekinmez\u2019e ula\u015f\u0131lmaya \u00e7al\u0131\u015f\u0131lmas\u0131na ra\u011fmen kendisinden hi\u00e7bir haber al\u0131namad\u0131. Bu geli\u015fmeler, \u00c7ekinmez\u2019in yurt d\u0131\u015f\u0131na ka\u00e7t\u0131\u011f\u0131na dair iddialara yol a\u00e7t\u0131.<\/p>\n<p><img loading=\"lazy\" decoding=\"async\" class=\"alignnone size-full wp-image-163622\" src=\"https:\/\/www.tgrthaber.com\/mavikadin\/wp-content\/uploads\/2-729.png\" alt=\"\" width=\"1280\" height=\"720\" title=\"\" srcset=\"https:\/\/www.tgrthaber.com\/mavikadin\/wp-content\/uploads\/2-729.png 1280w, https:\/\/www.tgrthaber.com\/mavikadin\/wp-content\/uploads\/2-729-300x169.png 300w, https:\/\/www.tgrthaber.com\/mavikadin\/wp-content\/uploads\/2-729-1024x576.png 1024w, https:\/\/www.tgrthaber.com\/mavikadin\/wp-content\/uploads\/2-729-768x432.png 768w\" sizes=\"(max-width: 1280px) 100vw, 1280px\" \/><\/p>\n<hr \/>\n<p>Buna ek olarak, Bellapais\u2019in faaliyetlerini durdurdu\u011fu ve \u00e7al\u0131\u015fanlar\u0131n\u0131n maa\u015flar\u0131n\u0131 \u00f6demedi\u011fi iddia ediliyor. \u00c7al\u0131\u015fanlar, birikmi\u015f maa\u015flar\u0131n\u0131 ve k\u0131dem tazminatlar\u0131n\u0131 alamad\u0131klar\u0131n\u0131 belirtirken, merkezde hizmet alan m\u00fc\u015fteriler de sat\u0131n ald\u0131klar\u0131 paketlerle ilgili ma\u011fduriyet ya\u015fad\u0131klar\u0131n\u0131 ifade etti. T\u00fcm bu olaylar\u0131n ard\u0131ndan Adana polisi, Sinem \u00c7ekinmez\u2019in kaybolmas\u0131yla ilgili soru\u015fturma ba\u015flatt\u0131.<\/p>\n<p><img loading=\"lazy\" decoding=\"async\" class=\"alignnone size-full wp-image-163621\" src=\"https:\/\/www.tgrthaber.com\/mavikadin\/wp-content\/uploads\/1-689.png\" alt=\"\" width=\"1280\" height=\"720\" title=\"\" srcset=\"https:\/\/www.tgrthaber.com\/mavikadin\/wp-content\/uploads\/1-689.png 1280w, https:\/\/www.tgrthaber.com\/mavikadin\/wp-content\/uploads\/1-689-300x169.png 300w, https:\/\/www.tgrthaber.com\/mavikadin\/wp-content\/uploads\/1-689-1024x576.png 1024w, https:\/\/www.tgrthaber.com\/mavikadin\/wp-content\/uploads\/1-689-768x432.png 768w\" sizes=\"(max-width: 1280px) 100vw, 1280px\" \/><\/p>\n<hr \/>\n<h3>ADANA&#8217;DA GEN\u0130\u015e YANKI UYANDIRAN OLAY<\/h3>\n<p>Bellapais G\u00fczellik Merkezi\u2019nin aniden kapanmas\u0131 ve Sinem \u00c7ekinmez\u2019in kaybolmas\u0131, Adana\u2019da b\u00fcy\u00fck bir yank\u0131 uyand\u0131rd\u0131. G\u00fczellik sekt\u00f6r\u00fcyle ilgili \u00e7\u0131kan bu skandal, hem i\u015f d\u00fcnyas\u0131nda hem de sosyal medyada geni\u015f \u00e7apta konu\u015fulmaya ba\u015fland\u0131. Baz\u0131 ki\u015filer, Sinem \u00c7ekinmez\u2019in bir s\u00fcre \u00f6nce yurt d\u0131\u015f\u0131na ka\u00e7t\u0131\u011f\u0131n\u0131 \u00f6ne s\u00fcrerken, yetkililer olayla ilgili soru\u015fturmay\u0131 s\u00fcrd\u00fcr\u00fcyor.<\/p>\n<p>Sinem \u00c7ekinmez\u2019in kaybolmas\u0131n\u0131n ard\u0131ndan, Bellapais G\u00fczellik Merkezi\u2019nin bor\u00e7lar\u0131n\u0131 \u00f6demeden faaliyetlerini durdurmas\u0131, b\u00fcy\u00fck bir ma\u011fduriyete sebep olurken, hem \u00e7al\u0131\u015fanlar hem de m\u00fc\u015fteriler, \u00e7\u00f6z\u00fcm bekliyor. Bu geli\u015fmelerin ard\u0131ndan Adana\u2019da ma\u011fdur olan ki\u015filer, olay\u0131n ayd\u0131nlat\u0131lmas\u0131n\u0131 ve haklar\u0131n\u0131n teslim edilmesini talep ediyor.<\/p>\n","protected":false},"excerpt":{"rendered":"<p>Adana\u2019n\u0131n en tan\u0131nm\u0131\u015f g\u00fczellik merkezlerinden Bellapais\u2019in sahibi Sinem \u00c7ekinmez, son g\u00fcnlerde yurt d\u0131\u015f\u0131na ka\u00e7t\u0131\u011f\u0131 iddialar\u0131yla g\u00fcndeme geldi. Merkezin sosyal medya hesaplar\u0131n\u0131n aniden kapat\u0131lmas\u0131 ve i\u015fletmenin faaliyetlerini durdurmas\u0131, bu iddialar\u0131 g\u00fc\u00e7lendirdi. Peki, Sinem \u00c7ekinmez kimdir, nerelidir ve bu iddialar\u0131n arkas\u0131nda ne var?\u00a0\u0130\u015fte\u00a0detaylar.<\/p>\n","protected":false},"author":28,"featured_media":163623,"comment_status":"closed","ping_status":"closed","sticky":false,"template":"","format":"standard","meta":{"rank_math_lock_modified_date":false,"footnotes":""},"categories":[76],"tags":[],"class_list":["post-163620","post","type-post","status-publish","format-standard","has-post-thumbnail","hentry","category-magazin"],"_links":{"self":[{"href":"https:\/\/www.tgrthaber.com\/mavikadin\/wp-json\/wp\/v2\/posts\/163620"}],"collection":[{"href":"https:\/\/www.tgrthaber.com\/mavikadin\/wp-json\/wp\/v2\/posts"}],"about":[{"href":"https:\/\/www.tgrthaber.com\/mavikadin\/wp-json\/wp\/v2\/types\/post"}],"author":[{"embeddable":true,"href":"https:\/\/www.tgrthaber.com\/mavikadin\/wp-json\/wp\/v2\/users\/28"}],"replies":[{"embeddable":true,"href":"https:\/\/www.tgrthaber.com\/mavikadin\/wp-json\/wp\/v2\/comments?post=163620"}],"version-history":[{"count":6,"href":"https:\/\/www.tgrthaber.com\/mavikadin\/wp-json\/wp\/v2\/posts\/163620\/revisions"}],"predecessor-version":[{"id":163635,"href":"https:\/\/www.tgrthaber.com\/mavikadin\/wp-json\/wp\/v2\/posts\/163620\/revisions\/163635"}],"wp:featuredmedia":[{"embeddable":true,"href":"https:\/\/www.tgrthaber.com\/mavikadin\/wp-json\/wp\/v2\/media\/163623"}],"wp:attachment":[{"href":"https:\/\/www.tgrthaber.com\/mavikadin\/wp-json\/wp\/v2\/media?parent=163620"}],"wp:term":[{"taxonomy":"category","embeddable":true,"href":"https:\/\/www.tgrthaber.com\/mavikadin\/wp-json\/wp\/v2\/categories?post=163620"},{"taxonomy":"post_tag","embeddable":true,"href":"https:\/\/www.tgrthaber.com\/mavikadin\/wp-json\/wp\/v2\/tags?post=163620"}],"curies":[{"name":"wp","href":"https:\/\/api.w.org\/{rel}","templated":true}]}}