{"id":163637,"date":"2025-04-17T14:34:22","date_gmt":"2025-04-17T11:34:22","guid":{"rendered":"https:\/\/www.tgrthaber.com\/mavikadin\/?p=163637"},"modified":"2025-04-17T14:34:22","modified_gmt":"2025-04-17T11:34:22","slug":"buse-varol-geri-aldigi-kilolariyla-ilgili-sasirtici-aciklamalarda-bulundu","status":"publish","type":"post","link":"https:\/\/www.tgrthaber.com\/mavikadin\/buse-varol-geri-aldigi-kilolariyla-ilgili-sasirtici-aciklamalarda-bulundu\/","title":{"rendered":"Buse Varol geri ald\u0131\u011f\u0131 kilolar\u0131yla ilgili \u015fa\u015f\u0131rt\u0131c\u0131 a\u00e7\u0131klamalarda bulundu"},"content":{"rendered":"<p>\u00dcnl\u00fc oyuncu ve Ali\u015fan\u2019\u0131n e\u015fi Buse Varol, yeniden de\u011fi\u015fen fiziksel g\u00f6r\u00fcn\u00fcm\u00fcyle sosyal medyada g\u00fcndem oldu. Hamilelik s\u00fcrecinde ald\u0131\u011f\u0131 33 kiloyu b\u00fcy\u00fck bir \u00e7abayla veren Varol, ge\u00e7ti\u011fimiz g\u00fcnlerde Ni\u015fanta\u015f\u0131\u2019nda g\u00f6r\u00fcnt\u00fclendi. D\u00fcr\u00fcst a\u00e7\u0131klamalar\u0131yla dikkat \u00e7eken oyuncu, \u201cBir ara sald\u0131m. Bilerek yemek yedim \u00e7\u00fcnk\u00fc mutluydum\u201d diyerek beden alg\u0131s\u0131na dair verdi\u011fi mesajla takdir toplad\u0131.<\/p>\n<h3>BUSE VAROL K\u0130LO A\u00c7IKLAMALARIYLA D\u0130KKAT \u00c7EKT\u0130<\/h3>\n<p>Hamilelik d\u00f6neminde 33 kilo alan Buse Varol, do\u011fum sonras\u0131 k\u0131sa s\u00fcrede fit g\u00f6r\u00fcnt\u00fcs\u00fcne kavu\u015fmu\u015ftu. Sa\u011fl\u0131kl\u0131 beslenmeyle bu s\u00fcreci y\u00f6netti\u011fini belirten Varol, bir d\u00f6nem ise kontroll\u00fc \u015fekilde kilo ald\u0131\u011f\u0131n\u0131 ifade etti. \u201c34 bedenden 38\u2019e \u00e7\u0131kt\u0131m. \u015eimdi yava\u015f yava\u015f 36\u2019ya d\u00f6n\u00fcyorum\u201d diyen oyuncu, bedenindeki de\u011fi\u015fimi saklama gere\u011fi duymadan do\u011fal haliyle kabullendi\u011fini dile getirdi.<\/p>\n<p><img loading=\"lazy\" decoding=\"async\" class=\"alignnone size-full wp-image-163675\" src=\"https:\/\/www.tgrthaber.com\/mavikadin\/wp-content\/uploads\/3-718.png\" alt=\"\" width=\"1280\" height=\"720\" title=\"\" srcset=\"https:\/\/www.tgrthaber.com\/mavikadin\/wp-content\/uploads\/3-718.png 1280w, https:\/\/www.tgrthaber.com\/mavikadin\/wp-content\/uploads\/3-718-300x169.png 300w, https:\/\/www.tgrthaber.com\/mavikadin\/wp-content\/uploads\/3-718-1024x576.png 1024w, https:\/\/www.tgrthaber.com\/mavikadin\/wp-content\/uploads\/3-718-768x432.png 768w\" sizes=\"(max-width: 1280px) 100vw, 1280px\" \/><\/p>\n<hr \/>\n<h3>&#8220;HERKES ZAYIF OLMAK ZORUNDA DE\u011e\u0130L&#8221;<\/h3>\n<p>Varol\u2019un, \u201cBir d\u00f6nem bilin\u00e7li \u015fekilde yedim \u00e7\u00fcnk\u00fc mutluydum. Herkes zay\u0131f olacak diye bir \u015fey yok\u201d s\u00f6zleri, sosyal medyada b\u00fcy\u00fck yank\u0131 uyand\u0131rd\u0131. Oyuncu, beden olumlamas\u0131 konusunda fark\u0131ndal\u0131k olu\u015ftururken, kad\u0131nlar\u0131n \u00fczerindeki fiziksel bask\u0131lara kar\u015f\u0131 verdi\u011fi duru\u015fla da destek g\u00f6rd\u00fc.<\/p>\n<p><img loading=\"lazy\" decoding=\"async\" class=\"alignnone size-full wp-image-163677\" src=\"https:\/\/www.tgrthaber.com\/mavikadin\/wp-content\/uploads\/5-351.png\" alt=\"\" width=\"1280\" height=\"720\" title=\"\" srcset=\"https:\/\/www.tgrthaber.com\/mavikadin\/wp-content\/uploads\/5-351.png 1280w, https:\/\/www.tgrthaber.com\/mavikadin\/wp-content\/uploads\/5-351-300x169.png 300w, https:\/\/www.tgrthaber.com\/mavikadin\/wp-content\/uploads\/5-351-1024x576.png 1024w, https:\/\/www.tgrthaber.com\/mavikadin\/wp-content\/uploads\/5-351-768x432.png 768w\" sizes=\"(max-width: 1280px) 100vw, 1280px\" \/><\/p>\n<hr \/>\n<h3>&#8220;B\u0130K\u0130N\u0130YLE G\u00d6R\u00dc\u015eMEYEL\u0130M&#8221;<\/h3>\n<p>Muhabirlerin \u201cYaz ba\u015f\u0131nda g\u00f6r\u00fc\u015f\u00fcr\u00fcz\u201d demesi \u00fczerine espri yapan Varol, \u201cBikiniyle g\u00f6r\u00fc\u015fmeyelim\u201d diyerek kahkahalara bo\u011fuldu. Do\u011fall\u0131\u011f\u0131 ve samimiyetiyle bilinen oyuncu, bu \u00e7\u0131k\u0131\u015f\u0131yla yine sempati toplad\u0131.<\/p>\n<p><img loading=\"lazy\" decoding=\"async\" class=\"alignnone size-full wp-image-163676\" src=\"https:\/\/www.tgrthaber.com\/mavikadin\/wp-content\/uploads\/4-592.png\" alt=\"\" width=\"1280\" height=\"720\" title=\"\" srcset=\"https:\/\/www.tgrthaber.com\/mavikadin\/wp-content\/uploads\/4-592.png 1280w, https:\/\/www.tgrthaber.com\/mavikadin\/wp-content\/uploads\/4-592-300x169.png 300w, https:\/\/www.tgrthaber.com\/mavikadin\/wp-content\/uploads\/4-592-1024x576.png 1024w, https:\/\/www.tgrthaber.com\/mavikadin\/wp-content\/uploads\/4-592-768x432.png 768w\" sizes=\"(max-width: 1280px) 100vw, 1280px\" \/><\/p>\n<hr \/>\n<h3>AL\u0130\u015eAN&#8217;DAN YILD\u00d6N\u00dcM\u00dcNE ROMANT\u0130K PAYLA\u015eIM<\/h3>\n<p>\u00d6te yandan Buse Varol\u2019un \u00f6zel hayat\u0131 da g\u00fcndemde. Ali\u015fan, e\u015fiyle tan\u0131\u015fma y\u0131l d\u00f6n\u00fcmlerini sosyal medya hesab\u0131ndan yapt\u0131\u011f\u0131 duygusal bir payla\u015f\u0131mla kutlad\u0131. \u201c14 Kas\u0131m 2017\u2019de ba\u015flad\u0131k ve bug\u00fcn 14 Kas\u0131m 2024. 7 y\u0131l geride kald\u0131, iki \u00e7ocu\u011fumuzla 8. y\u0131la giriyoruz. Seni \u00e7ok seviyorum a\u015fk\u0131m, iyi ki\u201d s\u00f6zleriyle Varol\u2019a a\u015fk\u0131n\u0131 bir kez daha ilan etti.<\/p>\n<p>Varol ise e\u015finin bu romantik tav\u0131rlar\u0131na al\u0131\u015fk\u0131n oldu\u011funu belirterek, \u201cBazen sabah kalkt\u0131\u011f\u0131mda ba\u015fucumda el yaz\u0131s\u0131yla bir not bulurum. Bence bu \u00e7ok de\u011ferli bir \u015fey\u201d dedi.<\/p>\n","protected":false},"excerpt":{"rendered":"<p>Oyuncu Buse Varol, verdi\u011fi kilolar\u0131 geri almaya ba\u015flad\u0131\u011f\u0131n\u0131 samimi bir \u015fekilde itiraf etti. \u201cMutluydum, yemek yemek istedim ve yedim\u201d diyen Varol, beden alg\u0131s\u0131yla ilgili cesur a\u00e7\u0131klamalar\u0131yla\u00a0g\u00fcndeme\u00a0oturdu.<\/p>\n","protected":false},"author":28,"featured_media":163673,"comment_status":"closed","ping_status":"closed","sticky":false,"template":"","format":"standard","meta":{"rank_math_lock_modified_date":false,"footnotes":""},"categories":[76],"tags":[2342,18312,18313],"class_list":["post-163637","post","type-post","status-publish","format-standard","has-post-thumbnail","hentry","category-magazin","tag-buse-varol","tag-buse-varol-kilo","tag-buse-varol-kilo-mu-aldi"],"_links":{"self":[{"href":"https:\/\/www.tgrthaber.com\/mavikadin\/wp-json\/wp\/v2\/posts\/163637"}],"collection":[{"href":"https:\/\/www.tgrthaber.com\/mavikadin\/wp-json\/wp\/v2\/posts"}],"about":[{"href":"https:\/\/www.tgrthaber.com\/mavikadin\/wp-json\/wp\/v2\/types\/post"}],"author":[{"embeddable":true,"href":"https:\/\/www.tgrthaber.com\/mavikadin\/wp-json\/wp\/v2\/users\/28"}],"replies":[{"embeddable":true,"href":"https:\/\/www.tgrthaber.com\/mavikadin\/wp-json\/wp\/v2\/comments?post=163637"}],"version-history":[{"count":2,"href":"https:\/\/www.tgrthaber.com\/mavikadin\/wp-json\/wp\/v2\/posts\/163637\/revisions"}],"predecessor-version":[{"id":163681,"href":"https:\/\/www.tgrthaber.com\/mavikadin\/wp-json\/wp\/v2\/posts\/163637\/revisions\/163681"}],"wp:featuredmedia":[{"embeddable":true,"href":"https:\/\/www.tgrthaber.com\/mavikadin\/wp-json\/wp\/v2\/media\/163673"}],"wp:attachment":[{"href":"https:\/\/www.tgrthaber.com\/mavikadin\/wp-json\/wp\/v2\/media?parent=163637"}],"wp:term":[{"taxonomy":"category","embeddable":true,"href":"https:\/\/www.tgrthaber.com\/mavikadin\/wp-json\/wp\/v2\/categories?post=163637"},{"taxonomy":"post_tag","embeddable":true,"href":"https:\/\/www.tgrthaber.com\/mavikadin\/wp-json\/wp\/v2\/tags?post=163637"}],"curies":[{"name":"wp","href":"https:\/\/api.w.org\/{rel}","templated":true}]}}