{"id":163638,"date":"2025-04-17T13:34:32","date_gmt":"2025-04-17T10:34:32","guid":{"rendered":"https:\/\/www.tgrthaber.com\/mavikadin\/?p=163638"},"modified":"2025-04-17T13:34:32","modified_gmt":"2025-04-17T10:34:32","slug":"tarkanin-uvey-ablasi-gulay-yukseloglu-kimdir","status":"publish","type":"post","link":"https:\/\/www.tgrthaber.com\/mavikadin\/tarkanin-uvey-ablasi-gulay-yukseloglu-kimdir\/","title":{"rendered":"Tarkan\u2019\u0131n \u00fcvey ablas\u0131 G\u00fclay Y\u00fckselo\u011flu kimdir?"},"content":{"rendered":"<p>\u00dcnl\u00fc sanat\u00e7\u0131 Tarkan, annesi Ne\u015fe Teveto\u011flu\u2019nun vefat haberiyle sars\u0131ld\u0131. Ge\u00e7ti\u011fimiz g\u00fcn hayat\u0131n\u0131 kaybetti\u011fi \u00f6\u011frenilen Ne\u015fe Teveto\u011flu\u2019nun ani \u00f6l\u00fcm haberi, sanat d\u00fcnyas\u0131nda bir \u00fcz\u00fcnt\u00fcye neden oldu. Almanya\u2019da turnede olan ba\u015far\u0131l\u0131 sanat\u00e7\u0131, annesinin ac\u0131 haberini al\u0131r almaz T\u00fcrkiye\u2019ye d\u00f6nd\u00fc. Annesinin vefat haberiyle y\u0131k\u0131lan Tarkan\u2019\u0131n \u00fcvey ablas\u0131 G\u00fclay Y\u00fckselo\u011flu\u2019nun da kim oldu\u011fu merak edildi. Peki, Tarkan\u2019\u0131n \u00fcvey ablas\u0131 G\u00fclay Y\u00fckselo\u011flu kimdir? G\u00fclay Y\u00fckselo\u011flu hakk\u0131nda merak edilenleri sizin i\u00e7in ara\u015ft\u0131rd\u0131k. \u0130\u015fte G\u00fclay Y\u00fckselo\u011flu hakk\u0131nda bilinmeyenler\u2026<\/p>\n<h3>TARKAN\u2019IN ANNES\u0130 NE\u015eE TEVETO\u011eLU HAYATINI KAYBETT\u0130!<\/h3>\n<p>T\u00fcrk pop m\u00fczi\u011fin ba\u015far\u0131l\u0131 isimleri aras\u0131nda yer alan Tarkan\u2019\u0131n annesi Ne\u015fe Teveto\u011flu hayat\u0131n\u0131 kaybetti. Antalya\u2019da ya\u015fayan Teveto\u011flu\u2019nun kalp krizi nedeniyle vefat etti\u011fi \u00f6\u011frenildi. Ge\u00e7ti\u011fimiz y\u0131l damar t\u0131kan\u0131kl\u0131\u011f\u0131 nedeniyle acil bir operasyon ge\u00e7iren Teveto\u011flu, bir s\u00fcredir baca\u011f\u0131ndaki sa\u011fl\u0131k sorunlar\u0131 nedeniyle tedavi g\u00f6r\u00fcyordu.<\/p>\n<p><img loading=\"lazy\" decoding=\"async\" class=\"alignnone wp-image-163642\" src=\"https:\/\/www.tgrthaber.com\/mavikadin\/wp-content\/uploads\/Gulay-Yukseloglu-1-1024x576.jpg\" alt=\"Tarkan\u2019\u0131n \u00fcvey ablas\u0131 G\u00fclay Y\u00fckselo\u011flu kimdir? \" width=\"1208\" height=\"680\" title=\"\" srcset=\"https:\/\/www.tgrthaber.com\/mavikadin\/wp-content\/uploads\/Gulay-Yukseloglu-1-1024x576.jpg 1024w, https:\/\/www.tgrthaber.com\/mavikadin\/wp-content\/uploads\/Gulay-Yukseloglu-1-300x169.jpg 300w, https:\/\/www.tgrthaber.com\/mavikadin\/wp-content\/uploads\/Gulay-Yukseloglu-1-768x432.jpg 768w, https:\/\/www.tgrthaber.com\/mavikadin\/wp-content\/uploads\/Gulay-Yukseloglu-1-1536x864.jpg 1536w, https:\/\/www.tgrthaber.com\/mavikadin\/wp-content\/uploads\/Gulay-Yukseloglu-1.jpg 1600w\" sizes=\"(max-width: 1208px) 100vw, 1208px\" \/><\/p>\n<hr \/>\n<p>Annesinin vefat haberini Almanya\u2019da turnesinde alan ba\u015far\u0131l\u0131 sanat\u00e7\u0131 Tarkan, apar topar T\u00fcrkiye\u2019ye d\u00f6nd\u00fc. Tarkan\u2019\u0131n annesi Ne\u015fe Teveto\u011flu, bug\u00fcn \u0130stanbul\u2019da son yolculu\u011funa u\u011furland\u0131. Ge\u00e7ti\u011fimiz g\u00fcn hayat\u0131n\u0131 kaybetti\u011fi \u00f6\u011frenilen Ne\u015fe Teveto\u011flu\u2019nun ani \u00f6l\u00fcm haberi, sanat d\u00fcnyas\u0131nda bir \u00fcz\u00fcnt\u00fcye neden oldu. Annesinin vefat haberiyle y\u0131k\u0131lan Tarkan\u2019\u0131n \u00fcvey ablas\u0131 G\u00fclay Y\u00fckselo\u011flu\u2019nun da kim oldu\u011fu merak edildi.<\/p>\n<p><img loading=\"lazy\" decoding=\"async\" class=\"alignnone wp-image-163644\" src=\"https:\/\/www.tgrthaber.com\/mavikadin\/wp-content\/uploads\/Gulay-Yukseloglu-3-1024x576.jpg\" alt=\"Tarkan\u2019\u0131n \u00fcvey ablas\u0131 G\u00fclay Y\u00fckselo\u011flu kimdir? \" width=\"1208\" height=\"680\" title=\"\" srcset=\"https:\/\/www.tgrthaber.com\/mavikadin\/wp-content\/uploads\/Gulay-Yukseloglu-3-1024x576.jpg 1024w, https:\/\/www.tgrthaber.com\/mavikadin\/wp-content\/uploads\/Gulay-Yukseloglu-3-300x169.jpg 300w, https:\/\/www.tgrthaber.com\/mavikadin\/wp-content\/uploads\/Gulay-Yukseloglu-3-768x432.jpg 768w, https:\/\/www.tgrthaber.com\/mavikadin\/wp-content\/uploads\/Gulay-Yukseloglu-3-1536x864.jpg 1536w, https:\/\/www.tgrthaber.com\/mavikadin\/wp-content\/uploads\/Gulay-Yukseloglu-3.jpg 1600w\" sizes=\"(max-width: 1208px) 100vw, 1208px\" \/><\/p>\n<hr \/>\n<h3>TARKAN\u2019IN \u00dcVEY ABLASI G\u00dcLAY Y\u00dcKSELO\u011eLU K\u0130MD\u0130R?<\/h3>\n<p>\u00dcnl\u00fc \u015fark\u0131c\u0131 Tarkan\u2019\u0131n ablas\u0131 G\u00fclay Y\u00fckselo\u011flu, sanat\u00e7\u0131n\u0131n annesi Ne\u015fe Teveto\u011flu\u2019nun ilk evlili\u011finden olan \u00fc\u00e7 \u00fcvey karde\u015finden biridir. Tarkan\u2019\u0131n di\u011fer \u00fcvey karde\u015fleri Adnan ve Nuray\u2019d\u0131r. Tarkan\u2019\u0131n \u00f6z karde\u015fleri ise Hakan ve Handan\u2019d\u0131r. Tarkan\u2019\u0131n \u00fcvey ablas\u0131 G\u00fclay Y\u00fckselo\u011flu, \u00f6zel hayat\u0131n\u0131 g\u00f6zlerden uzak ya\u015famay\u0131 tercih ediyor. Y\u00fckselo\u011flu\u2019nun mesleki ve ki\u015fisel hayat\u0131na ili\u015fkin kamuoyuna a\u00e7\u0131k herhangi bir bilgi bulunmuyor. \u00d6zel hayat\u0131n\u0131 medyadan ve g\u00f6zlerden uzak ya\u015famay\u0131 tercih eden Y\u00fckselo\u011flu\u2019nun y\u0131llar \u00f6nce Tarkan hakk\u0131nda yapt\u0131\u011f\u0131 bir a\u00e7\u0131klama bulunuyor.<\/p>\n<p><img loading=\"lazy\" decoding=\"async\" class=\"alignnone wp-image-163643\" src=\"https:\/\/www.tgrthaber.com\/mavikadin\/wp-content\/uploads\/Gulay-Yukseloglu-2-1024x576.jpg\" alt=\"Tarkan\u2019\u0131n \u00fcvey ablas\u0131 G\u00fclay Y\u00fckselo\u011flu kimdir? \" width=\"1208\" height=\"680\" title=\"\" srcset=\"https:\/\/www.tgrthaber.com\/mavikadin\/wp-content\/uploads\/Gulay-Yukseloglu-2-1024x576.jpg 1024w, https:\/\/www.tgrthaber.com\/mavikadin\/wp-content\/uploads\/Gulay-Yukseloglu-2-300x169.jpg 300w, https:\/\/www.tgrthaber.com\/mavikadin\/wp-content\/uploads\/Gulay-Yukseloglu-2-768x432.jpg 768w, https:\/\/www.tgrthaber.com\/mavikadin\/wp-content\/uploads\/Gulay-Yukseloglu-2-1536x864.jpg 1536w, https:\/\/www.tgrthaber.com\/mavikadin\/wp-content\/uploads\/Gulay-Yukseloglu-2.jpg 1600w\" sizes=\"(max-width: 1208px) 100vw, 1208px\" \/><\/p>\n<hr \/>\n<p>G\u00fclay Y\u00fckselo\u011flu, uzun y\u0131llar boyunca medyadan uzak bir hayat s\u00fcrd\u00fc. Ancak Y\u00fckselo\u011flu, 2007 y\u0131l\u0131nda Star TV\u2019de yay\u0131nlanan \u201cZoom\u201d program\u0131na verdi\u011fi r\u00f6portajda, Tarkan\u2019la olan ili\u015fkileri hakk\u0131nda konu\u015fmu\u015ftu. Y\u00fckselo\u011flu, bu r\u00f6portajda, \u201cTarkan annemin ikinci e\u015finden olan \u00e7ocu\u011fudur. Ama biz bir arada b\u00fcy\u00fcd\u00fck, \u00fcveylik, \u00f6zl\u00fck ikinci planda kald\u0131. Biz m\u00fctevaz\u0131 ya\u015fasak da Tarkan\u2019la her zaman g\u00f6r\u00fc\u015f\u00fcyor ve onu \u00e7ok seviyoruz. En son ge\u00e7en sene, Antalya konseri s\u0131ras\u0131nda g\u00f6r\u00fc\u015fm\u00fc\u015ft\u00fck.\u201d ifadelerine yer vermi\u015fti.<\/p>\n","protected":false},"excerpt":{"rendered":"<p>\u00dcnl\u00fc \u015fark\u0131c\u0131 Tarkan\u2019\u0131n annesi Ne\u015fe Teveto\u011flu\u2019nun ge\u00e7ti\u011fimiz g\u00fcn hayat\u0131n\u0131 kaybetti\u011fi \u00f6\u011frenildi. Annesinin vefat haberiyle y\u0131k\u0131lan Tarkan\u2019\u0131n \u00fcvey ablas\u0131 G\u00fclay Y\u00fckselo\u011flu\u2019nun da kim oldu\u011fu merak edildi. Peki, Tarkan\u2019\u0131n \u00fcvey ablas\u0131 G\u00fclay Y\u00fckselo\u011flu kimdir? \u0130\u015fte detaylar\u2026<\/p>\n","protected":false},"author":26,"featured_media":163641,"comment_status":"closed","ping_status":"closed","sticky":false,"template":"","format":"standard","meta":{"rank_math_lock_modified_date":false,"footnotes":""},"categories":[491],"tags":[3374,16521,18302,133,2941,18303],"class_list":["post-163638","post","type-post","status-publish","format-standard","has-post-thumbnail","hentry","category-biyografi","tag-biyografi","tag-biyografi-haberleri","tag-gulay-yukseloglu","tag-magazin","tag-tarkan","tag-tarkan-uvey-ablasi-gulay-yukseloglu"],"_links":{"self":[{"href":"https:\/\/www.tgrthaber.com\/mavikadin\/wp-json\/wp\/v2\/posts\/163638"}],"collection":[{"href":"https:\/\/www.tgrthaber.com\/mavikadin\/wp-json\/wp\/v2\/posts"}],"about":[{"href":"https:\/\/www.tgrthaber.com\/mavikadin\/wp-json\/wp\/v2\/types\/post"}],"author":[{"embeddable":true,"href":"https:\/\/www.tgrthaber.com\/mavikadin\/wp-json\/wp\/v2\/users\/26"}],"replies":[{"embeddable":true,"href":"https:\/\/www.tgrthaber.com\/mavikadin\/wp-json\/wp\/v2\/comments?post=163638"}],"version-history":[{"count":2,"href":"https:\/\/www.tgrthaber.com\/mavikadin\/wp-json\/wp\/v2\/posts\/163638\/revisions"}],"predecessor-version":[{"id":163646,"href":"https:\/\/www.tgrthaber.com\/mavikadin\/wp-json\/wp\/v2\/posts\/163638\/revisions\/163646"}],"wp:featuredmedia":[{"embeddable":true,"href":"https:\/\/www.tgrthaber.com\/mavikadin\/wp-json\/wp\/v2\/media\/163641"}],"wp:attachment":[{"href":"https:\/\/www.tgrthaber.com\/mavikadin\/wp-json\/wp\/v2\/media?parent=163638"}],"wp:term":[{"taxonomy":"category","embeddable":true,"href":"https:\/\/www.tgrthaber.com\/mavikadin\/wp-json\/wp\/v2\/categories?post=163638"},{"taxonomy":"post_tag","embeddable":true,"href":"https:\/\/www.tgrthaber.com\/mavikadin\/wp-json\/wp\/v2\/tags?post=163638"}],"curies":[{"name":"wp","href":"https:\/\/api.w.org\/{rel}","templated":true}]}}