{"id":163647,"date":"2025-04-17T13:56:17","date_gmt":"2025-04-17T10:56:17","guid":{"rendered":"https:\/\/www.tgrthaber.com\/mavikadin\/?p=163647"},"modified":"2025-04-17T13:59:30","modified_gmt":"2025-04-17T10:59:30","slug":"tarkanin-kiz-kardesi-nuray-tevetoglu-kimdir-tarkanin-kardesleri-merak-ediliyor","status":"publish","type":"post","link":"https:\/\/www.tgrthaber.com\/mavikadin\/tarkanin-kiz-kardesi-nuray-tevetoglu-kimdir-tarkanin-kardesleri-merak-ediliyor\/","title":{"rendered":"Tarkan\u2019\u0131n k\u0131z karde\u015fi Nuray Teveto\u011flu kimdir? Tarkan\u2019\u0131n karde\u015fleri merak ediliyor"},"content":{"rendered":"<p>Tarkan\u2019\u0131n k\u0131z karde\u015fi Nuray Teveto\u011flu kimdir? ara\u015ft\u0131r\u0131lmaya ba\u015fland\u0131. Megastar Tarkan\u2019\u0131n annesi Ne\u015fe Teveto\u011flu ge\u00e7irdi\u011fi kalp krizi nedeniyle hayat\u0131n\u0131 kaybetmi\u015fti.<\/p>\n<h3>TARKAN\u2019IN KIZ KARDE\u015e\u0130 NURAY TEVETO\u011eLU K\u0130MD\u0130R?<\/h3>\n<p>Anne Ne\u015fe Teveto\u011flu\u2019nun vefat\u0131ndan sonra Tarkan\u2019\u0131n karde\u015fleri g\u00fcndem oldu. Tarkan Teveto\u011flu&#8217;nun Adnan ve Hakan isimlerinde 2 erkek karde\u015fi ve Nuray, G\u00fclay ve Handan isimlerinde \u00fc\u00e7 k\u0131z karde\u015fi bulunuyor.<\/p>\n<p>Tarkan\u2019\u0131n g\u00f6zlerden uzakta ya\u015fam s\u00fcren k\u0131z karde\u015fi Nuray Tevetoglu hakk\u0131nda sosyal medyada ya da internette herhangi bir bilgi bulunmuyor.<\/p>\n<p><img loading=\"lazy\" decoding=\"async\" class=\"alignnone size-full wp-image-163179\" src=\"https:\/\/www.tgrthaber.com\/mavikadin\/wp-content\/uploads\/tarkan-annesi-1.png\" alt=\"\" width=\"1208\" height=\"680\" title=\"\" srcset=\"https:\/\/www.tgrthaber.com\/mavikadin\/wp-content\/uploads\/tarkan-annesi-1.png 1208w, https:\/\/www.tgrthaber.com\/mavikadin\/wp-content\/uploads\/tarkan-annesi-1-300x169.png 300w, https:\/\/www.tgrthaber.com\/mavikadin\/wp-content\/uploads\/tarkan-annesi-1-1024x576.png 1024w, https:\/\/www.tgrthaber.com\/mavikadin\/wp-content\/uploads\/tarkan-annesi-1-768x432.png 768w\" sizes=\"(max-width: 1208px) 100vw, 1208px\" \/><\/p>\n<hr \/>\n<h3>NE\u015eE TEVETO\u011eLU K\u0130MD\u0130R?<\/h3>\n<p>Tarkan\u2019\u0131n vefat eden annesi Ne\u015fe Teveto\u011flu Almanya do\u011fumluydu. Babas\u0131 ise T\u00fcrkiye do\u011fumlu. Tarkan Teveto\u011flu\u2019nun annesi Ne\u015fe Teveto\u011flu d\u00fcn aniden rahats\u0131zland\u0131 ve vefat etmi\u015fti. \u00dcnl\u00fc isim Tarkan da ac\u0131 haberi al\u0131r almaz \u0130stanbul\u2019a d\u00f6nm\u00fc\u015ft\u00fc.<\/p>\n<p>Megastar\u2019\u0131n Antalya\u2019da ya\u015fayan annesi Ne\u015fe Teveto\u011flu, kalp krizi nedeniyle hayat\u0131n\u0131 kaybetmi\u015fti. Anne Ne\u015fe Teveto\u011flu son yolculu\u011funa bug\u00fcn \u0130stanbul\u2019da u\u011furlanacak.<\/p>\n<p>Ne\u015fe Teveto\u011flu\u2019nun cenazesi, 17 Nisan\u2019da Maltepe Cumhuriyet Camii\u2019nde \u00f6\u011fle namaz\u0131na m\u00fcteakip k\u0131l\u0131nacak cenaze namaz\u0131 sonras\u0131nda Maltepe Mezarl\u0131\u011f\u0131\u2019na defnedilecek. Ne\u015fe Teveto\u011flu daha \u00f6nce damar t\u0131kan\u0131kl\u0131\u011f\u0131 y\u00fcz\u00fcnden tedavi olmu\u015ftu.<\/p>\n<p><img loading=\"lazy\" decoding=\"async\" class=\"alignnone wp-image-163632\" src=\"https:\/\/www.tgrthaber.com\/mavikadin\/wp-content\/uploads\/haber-gorselleri-fotoshop-2025-04-17T132107.137.jpg\" alt=\"\" width=\"1208\" height=\"680\" title=\"\" srcset=\"https:\/\/www.tgrthaber.com\/mavikadin\/wp-content\/uploads\/haber-gorselleri-fotoshop-2025-04-17T132107.137.jpg 1600w, https:\/\/www.tgrthaber.com\/mavikadin\/wp-content\/uploads\/haber-gorselleri-fotoshop-2025-04-17T132107.137-300x169.jpg 300w, https:\/\/www.tgrthaber.com\/mavikadin\/wp-content\/uploads\/haber-gorselleri-fotoshop-2025-04-17T132107.137-1024x576.jpg 1024w, https:\/\/www.tgrthaber.com\/mavikadin\/wp-content\/uploads\/haber-gorselleri-fotoshop-2025-04-17T132107.137-768x432.jpg 768w, https:\/\/www.tgrthaber.com\/mavikadin\/wp-content\/uploads\/haber-gorselleri-fotoshop-2025-04-17T132107.137-1536x864.jpg 1536w\" sizes=\"(max-width: 1208px) 100vw, 1208px\" \/><\/p>\n<hr \/>\n<h3>NE\u015eE TEVETO\u011eLU \u00d6\u011eRETMENL\u0130K YAPMI\u015eTI<\/h3>\n<p>Tarkan\u2019\u0131n annesi Ne\u015fe Teveto\u011flu uzun y\u0131llar \u00f6\u011fretmenlik yapm\u0131\u015ft\u0131. 4 karde\u015f olan Ne\u015fe Han\u0131m\u2019\u0131n karde\u015flerinin isimleri \u015eule, Ay\u015fe, Mehmet ve Hasan\u2019d\u0131r.<\/p>\n<p>Magazin d\u00fcnyas\u0131n\u0131n \u00f6nemli isimlerinden Onur Akay, Tarkan\u2019\u0131n annesi Ne\u015fe Teveto\u011flu hakk\u0131nda \u00fcz\u00fcc\u00fc bir haberi payla\u015fm\u0131\u015ft\u0131.<\/p>\n<p>Akay, Tarkan\u2019\u0131n annesi Ne\u015fe Teveto\u011flu\u2019nun sa\u011fl\u0131k problemleri nedeniyle hastaneye kald\u0131r\u0131ld\u0131\u011f\u0131n\u0131 anlatm\u0131\u015ft\u0131.<\/p>\n<p><img loading=\"lazy\" decoding=\"async\" class=\"alignnone wp-image-163633\" src=\"https:\/\/www.tgrthaber.com\/mavikadin\/wp-content\/uploads\/haber-gorselleri-fotoshop-2025-04-17T132101.204.jpg\" alt=\"\" width=\"1208\" height=\"680\" title=\"\" srcset=\"https:\/\/www.tgrthaber.com\/mavikadin\/wp-content\/uploads\/haber-gorselleri-fotoshop-2025-04-17T132101.204.jpg 1600w, https:\/\/www.tgrthaber.com\/mavikadin\/wp-content\/uploads\/haber-gorselleri-fotoshop-2025-04-17T132101.204-300x169.jpg 300w, https:\/\/www.tgrthaber.com\/mavikadin\/wp-content\/uploads\/haber-gorselleri-fotoshop-2025-04-17T132101.204-1024x576.jpg 1024w, https:\/\/www.tgrthaber.com\/mavikadin\/wp-content\/uploads\/haber-gorselleri-fotoshop-2025-04-17T132101.204-768x432.jpg 768w, https:\/\/www.tgrthaber.com\/mavikadin\/wp-content\/uploads\/haber-gorselleri-fotoshop-2025-04-17T132101.204-1536x864.jpg 1536w\" sizes=\"(max-width: 1208px) 100vw, 1208px\" \/><\/p>\n<hr \/>\n<h3>TARKAN\u2019IN ABLASI HANDAN TEVETO\u011eLU K\u0130MD\u0130R?<\/h3>\n<p>Tarkan\u2019\u0131n di\u011fer ablas\u0131 Handan Teveto\u011flu\u2019da annesinin vefat\u0131ndan sonra ara\u015ft\u0131r\u0131lmaya ba\u015fland\u0131. \u00dcnl\u00fc sanat\u00e7\u0131 Tarkan\u2019\u0131n annesi Ne\u015fe Teveto\u011flu, Antalya\u2019da kalp krizi ge\u00e7irmesi sonras\u0131 hayat\u0131n\u0131 kaybetmi\u015fti. Teveto\u011flu ailesini sarsan bu \u00fcz\u00fcc\u00fc olay en \u00e7ok da Tarkan ve karde\u015flerini etkiledi.<\/p>\n<p><img loading=\"lazy\" decoding=\"async\" class=\"alignnone wp-image-163631\" src=\"https:\/\/www.tgrthaber.com\/mavikadin\/wp-content\/uploads\/haber-gorselleri-fotoshop-2025-04-17T132311.448.jpg\" alt=\"\" width=\"1208\" height=\"680\" title=\"\" srcset=\"https:\/\/www.tgrthaber.com\/mavikadin\/wp-content\/uploads\/haber-gorselleri-fotoshop-2025-04-17T132311.448.jpg 1600w, https:\/\/www.tgrthaber.com\/mavikadin\/wp-content\/uploads\/haber-gorselleri-fotoshop-2025-04-17T132311.448-300x169.jpg 300w, https:\/\/www.tgrthaber.com\/mavikadin\/wp-content\/uploads\/haber-gorselleri-fotoshop-2025-04-17T132311.448-1024x576.jpg 1024w, https:\/\/www.tgrthaber.com\/mavikadin\/wp-content\/uploads\/haber-gorselleri-fotoshop-2025-04-17T132311.448-768x432.jpg 768w, https:\/\/www.tgrthaber.com\/mavikadin\/wp-content\/uploads\/haber-gorselleri-fotoshop-2025-04-17T132311.448-1536x864.jpg 1536w\" sizes=\"(max-width: 1208px) 100vw, 1208px\" \/><\/p>\n<hr \/>\n<p>Tarkan\u2019\u0131n sanat yolculu\u011funda ailesinin daima arkas\u0131nda oldu\u011fu bilinen bir ger\u00e7ek. Handan Teveto\u011flu da Tarkan\u2019a destek olan karde\u015flerinden biri olarak an\u0131l\u0131yor.<\/p>\n<p>Medyaya \u00e7ok fazla g\u00f6r\u00fcnt\u00fc vermeyen Handan Teveto\u011flu karde\u015fine destek olmak ad\u0131na baz\u0131 konserlerine gitmi\u015f ve karelerini payla\u015fm\u0131\u015ft\u0131.<\/p>\n","protected":false},"excerpt":{"rendered":"<p>Tarkan\u2019\u0131n k\u0131z karde\u015fi Nuray Tevetoglu kimdir? merak konusu oldu. Ge\u00e7irdi\u011fi kalp krizi y\u00fcz\u00fcnden hayat\u0131n\u0131 kaybeden Tarkan\u2019\u0131n annesi Ne\u015fe Teveto\u011flu sevenlerini h\u00fczne bo\u011fmu\u015ftu.<\/p>\n","protected":false},"author":5,"featured_media":128100,"comment_status":"closed","ping_status":"closed","sticky":false,"template":"","format":"standard","meta":{"rank_math_lock_modified_date":false,"footnotes":""},"categories":[491],"tags":[3374,18182,18304,2941],"class_list":["post-163647","post","type-post","status-publish","format-standard","has-post-thumbnail","hentry","category-biyografi","tag-biyografi","tag-nese-tevetoglu","tag-nuray-tevetoglu","tag-tarkan"],"_links":{"self":[{"href":"https:\/\/www.tgrthaber.com\/mavikadin\/wp-json\/wp\/v2\/posts\/163647"}],"collection":[{"href":"https:\/\/www.tgrthaber.com\/mavikadin\/wp-json\/wp\/v2\/posts"}],"about":[{"href":"https:\/\/www.tgrthaber.com\/mavikadin\/wp-json\/wp\/v2\/types\/post"}],"author":[{"embeddable":true,"href":"https:\/\/www.tgrthaber.com\/mavikadin\/wp-json\/wp\/v2\/users\/5"}],"replies":[{"embeddable":true,"href":"https:\/\/www.tgrthaber.com\/mavikadin\/wp-json\/wp\/v2\/comments?post=163647"}],"version-history":[{"count":3,"href":"https:\/\/www.tgrthaber.com\/mavikadin\/wp-json\/wp\/v2\/posts\/163647\/revisions"}],"predecessor-version":[{"id":163651,"href":"https:\/\/www.tgrthaber.com\/mavikadin\/wp-json\/wp\/v2\/posts\/163647\/revisions\/163651"}],"wp:featuredmedia":[{"embeddable":true,"href":"https:\/\/www.tgrthaber.com\/mavikadin\/wp-json\/wp\/v2\/media\/128100"}],"wp:attachment":[{"href":"https:\/\/www.tgrthaber.com\/mavikadin\/wp-json\/wp\/v2\/media?parent=163647"}],"wp:term":[{"taxonomy":"category","embeddable":true,"href":"https:\/\/www.tgrthaber.com\/mavikadin\/wp-json\/wp\/v2\/categories?post=163647"},{"taxonomy":"post_tag","embeddable":true,"href":"https:\/\/www.tgrthaber.com\/mavikadin\/wp-json\/wp\/v2\/tags?post=163647"}],"curies":[{"name":"wp","href":"https:\/\/api.w.org\/{rel}","templated":true}]}}