{"id":163658,"date":"2025-04-17T14:25:23","date_gmt":"2025-04-17T11:25:23","guid":{"rendered":"https:\/\/www.tgrthaber.com\/mavikadin\/?p=163658"},"modified":"2025-04-17T14:25:24","modified_gmt":"2025-04-17T11:25:24","slug":"tarkanin-annesinin-cenazesine-korumalarla-gitmesi-sosyal-medyada-tepkilere-neden-oldu","status":"publish","type":"post","link":"https:\/\/www.tgrthaber.com\/mavikadin\/tarkanin-annesinin-cenazesine-korumalarla-gitmesi-sosyal-medyada-tepkilere-neden-oldu\/","title":{"rendered":"Tarkan\u2019\u0131n annesinin cenazesine korumalarla gitmesi sosyal medyada tepkilere neden oldu!"},"content":{"rendered":"<p>\u00dcnl\u00fc sanat\u00e7\u0131 Tarkan, annesi Ne\u015fe Teveto\u011flu\u2019nun vefat haberiyle sars\u0131ld\u0131.\u00a0Ge\u00e7ti\u011fimiz g\u00fcn kalp krizi nedeniyle hayat\u0131n\u0131 kaybeden Ne\u015fe Teveto\u011flu\u2019nun ani \u00f6l\u00fcm\u00fc, sevenlerini derin bir h\u00fczne bo\u011fdu. Annesinin vefat haberini Avrupa turnesindeyken alan Tarkan, apar topar T\u00fcrkiye\u2019ye geldi. Ald\u0131\u011f\u0131 ac\u0131 haberle y\u0131k\u0131lan Tarkan, annesini bug\u00fcn \u0130stanbul\u2019da son yolculu\u011funa u\u011furlad\u0131. \u00dcnl\u00fc sanat\u00e7\u0131n\u0131n annesinin cenazesine korumalarla gitmesi ise sosyal medyada tepkilere neden oldu.<\/p>\n<h3>TARKAN ANNES\u0130 NE\u015eE TEVETO\u011eLU HAYATINI KAYBETT\u0130!<\/h3>\n<p>T\u00fcrk pop m\u00fczi\u011fin ba\u015far\u0131l\u0131 isimleri aras\u0131nda yer alan Tarkan Teveto\u011flu\u2019nun annesi Ne\u015fe Teveto\u011flu hayat\u0131n\u0131 kaybetti. Antalya\u2019da ya\u015fayan Ne\u015fe Teveto\u011flu\u2019nun kalp krizi nedeniyle vefat etti\u011fi \u00f6\u011frenildi. Ge\u00e7ti\u011fimiz y\u0131l damar t\u0131kan\u0131kl\u0131\u011f\u0131 nedeniyle bir operasyon ge\u00e7iren Ne\u015fe Teveto\u011flu, bir s\u00fcredir baca\u011f\u0131ndaki sa\u011fl\u0131k sorunlar\u0131 nedeniyle tedavi g\u00f6r\u00fcyordu.<\/p>\n<p><img loading=\"lazy\" decoding=\"async\" class=\"alignnone wp-image-163662\" src=\"https:\/\/www.tgrthaber.com\/mavikadin\/wp-content\/uploads\/Gulay-Yukseloglu-1-1-1024x576.jpg\" alt=\"Tarkan\u2019\u0131n annesinin cenazesine korumalarla gitmesi sosyal medyada tepkilere neden oldu!\" width=\"1208\" height=\"680\" title=\"\" srcset=\"https:\/\/www.tgrthaber.com\/mavikadin\/wp-content\/uploads\/Gulay-Yukseloglu-1-1-1024x576.jpg 1024w, https:\/\/www.tgrthaber.com\/mavikadin\/wp-content\/uploads\/Gulay-Yukseloglu-1-1-300x169.jpg 300w, https:\/\/www.tgrthaber.com\/mavikadin\/wp-content\/uploads\/Gulay-Yukseloglu-1-1-768x432.jpg 768w, https:\/\/www.tgrthaber.com\/mavikadin\/wp-content\/uploads\/Gulay-Yukseloglu-1-1-1536x864.jpg 1536w, https:\/\/www.tgrthaber.com\/mavikadin\/wp-content\/uploads\/Gulay-Yukseloglu-1-1.jpg 1600w\" sizes=\"(max-width: 1208px) 100vw, 1208px\" \/><\/p>\n<hr \/>\n<p>Annesinin vefat haberini Avrupa turnesinde alan \u00fcnl\u00fc sanat\u00e7\u0131 Tarkan, apar topar T\u00fcrkiye\u2019ye d\u00f6nd\u00fc. Tarkan\u2019\u0131n annesi Ne\u015fe Teveto\u011flu, bug\u00fcn \u0130stanbul\u2019da son yolculu\u011funa u\u011furland\u0131. Ge\u00e7ti\u011fimiz g\u00fcn hayat\u0131n\u0131 kaybeden Ne\u015fe Teveto\u011flu\u2019nun ani \u00f6l\u00fcm\u00fc sevenlerini derin bir h\u00fczne bo\u011fdu.<\/p>\n<h3>TARKAN ANNES\u0130 NE\u015eE TEVETO\u011eLU\u2019NU SON YOLCULU\u011eUNA U\u011eRULADI!<\/h3>\n<p>Megastar Tarkan\u2019\u0131n annesi Ne\u015fe Teveto\u011flu, d\u00fcn ge\u00e7irdi\u011fi kalp krizi nedeniyle vefat etti. Avrupa turnesi kapsam\u0131nda Almanya\u2019da olan Tarkan, annesinin ac\u0131 haberini al\u0131r almaz sabah saatlerinde \u0130stanbul\u2019a geldi. Ne\u015fe Teveto\u011flu\u2019nun cenazesi sabah saatlerinde Maltepe Cumhuriyet Camii\u2019ne getirildi.<\/p>\n<p><img loading=\"lazy\" decoding=\"async\" class=\"alignnone wp-image-163663\" src=\"https:\/\/www.tgrthaber.com\/mavikadin\/wp-content\/uploads\/Tarkan-3-1024x576.jpg\" alt=\"Tarkan\u2019\u0131n annesinin cenazesine korumalarla gitmesi sosyal medyada tepkilere neden oldu!\" width=\"1208\" height=\"680\" title=\"\" srcset=\"https:\/\/www.tgrthaber.com\/mavikadin\/wp-content\/uploads\/Tarkan-3-1024x576.jpg 1024w, https:\/\/www.tgrthaber.com\/mavikadin\/wp-content\/uploads\/Tarkan-3-300x169.jpg 300w, https:\/\/www.tgrthaber.com\/mavikadin\/wp-content\/uploads\/Tarkan-3-768x432.jpg 768w, https:\/\/www.tgrthaber.com\/mavikadin\/wp-content\/uploads\/Tarkan-3-1536x864.jpg 1536w, https:\/\/www.tgrthaber.com\/mavikadin\/wp-content\/uploads\/Tarkan-3.jpg 1600w\" sizes=\"(max-width: 1208px) 100vw, 1208px\" \/><\/p>\n<hr \/>\n<p>Ne\u015fe Teveto\u011flu\u2019nun cenaze t\u00f6reni i\u00e7in camii avlusunda \u00e7ad\u0131r kuruldu\u011fu \u00f6\u011frenildi. Ne\u015fe Teveto\u011flu\u2019nun cenaze namaz\u0131, bug\u00fcn Maltepe Cumhuriyet Camii\u2019nde \u00f6\u011fle namaz\u0131na m\u00fcteakip k\u0131l\u0131nd\u0131. Cenaze namaz\u0131 sonras\u0131nda Ne\u015fe Teveto\u011flu, Maltepe Mezarl\u0131\u011f\u0131\u2019na defnedildi.<\/p>\n<p><img loading=\"lazy\" decoding=\"async\" class=\"alignnone wp-image-163667\" src=\"https:\/\/www.tgrthaber.com\/mavikadin\/wp-content\/uploads\/Tarkan-4-1024x576.jpg\" alt=\"Tarkan\u2019\u0131n annesinin cenazesine korumalarla gitmesi sosyal medyada tepkilere neden oldu!\" width=\"1208\" height=\"680\" title=\"\" srcset=\"https:\/\/www.tgrthaber.com\/mavikadin\/wp-content\/uploads\/Tarkan-4-1024x576.jpg 1024w, https:\/\/www.tgrthaber.com\/mavikadin\/wp-content\/uploads\/Tarkan-4-300x169.jpg 300w, https:\/\/www.tgrthaber.com\/mavikadin\/wp-content\/uploads\/Tarkan-4-768x432.jpg 768w, https:\/\/www.tgrthaber.com\/mavikadin\/wp-content\/uploads\/Tarkan-4-1536x864.jpg 1536w, https:\/\/www.tgrthaber.com\/mavikadin\/wp-content\/uploads\/Tarkan-4.jpg 1600w\" sizes=\"(max-width: 1208px) 100vw, 1208px\" \/><\/p>\n<hr \/>\n<h3>TARKAN ANNES\u0130N\u0130N CENAZES\u0130NE KORUMALARLA GELD\u0130!<\/h3>\n<p>Annesi Ne\u015fe Teveto\u011flu\u2019nun \u00f6l\u00fcm haberiyle sars\u0131lan Tarkan, bug\u00fcn \u0130stanbul\u2019da annesini son yolculu\u011funa u\u011furlad\u0131. Cenazeye e\u015fi P\u0131nar Teveto\u011flu ile gelen Tarkan, taziyeleri kabul etti. Ne\u015fe Teveto\u011flu\u2019nu son yolculu\u011funda \u00e7ocuklar\u0131 ve sevenleri yaln\u0131z b\u0131rakmad\u0131. Sanat camias\u0131ndan bir\u00e7ok isim ve Tarkan\u2019\u0131n yak\u0131nlar\u0131 bu ac\u0131l\u0131 g\u00fcn\u00fcnde \u00fcnl\u00fc sanat\u00e7\u0131n\u0131n yan\u0131nda oldu.<\/p>\n<p><img loading=\"lazy\" decoding=\"async\" class=\"alignnone wp-image-163665\" src=\"https:\/\/www.tgrthaber.com\/mavikadin\/wp-content\/uploads\/Tarkan-1-1-1024x576.jpg\" alt=\"Tarkan\u2019\u0131n annesinin cenazesine korumalarla gitmesi sosyal medyada tepkilere neden oldu!\" width=\"1208\" height=\"680\" title=\"\" srcset=\"https:\/\/www.tgrthaber.com\/mavikadin\/wp-content\/uploads\/Tarkan-1-1-1024x576.jpg 1024w, https:\/\/www.tgrthaber.com\/mavikadin\/wp-content\/uploads\/Tarkan-1-1-300x169.jpg 300w, https:\/\/www.tgrthaber.com\/mavikadin\/wp-content\/uploads\/Tarkan-1-1-768x432.jpg 768w, https:\/\/www.tgrthaber.com\/mavikadin\/wp-content\/uploads\/Tarkan-1-1-1536x864.jpg 1536w, https:\/\/www.tgrthaber.com\/mavikadin\/wp-content\/uploads\/Tarkan-1-1.jpg 1600w\" sizes=\"(max-width: 1208px) 100vw, 1208px\" \/><\/p>\n<hr \/>\n<p>Annesinin cenaze t\u00f6renine koruma ordusuyla gelen Tarkan ve ailesi i\u00e7in etten duvar \u00f6r\u00fcld\u00fc. Annesiyle vedala\u015fmak i\u00e7in tabutunun ba\u015f\u0131na giden Tarkan\u2019\u0131n korumalar\u0131 g\u00f6r\u00fcnt\u00fc al\u0131nmamas\u0131 i\u00e7in bas\u0131n mensuplar\u0131n\u0131 engellemeye \u00e7al\u0131\u015ft\u0131. Tarkan\u2019\u0131n annesi annesinin cenazesine korumalarla gelmesi sosyal medyada tepkilere neden oldu.<\/p>\n","protected":false},"excerpt":{"rendered":"<p>Megastar Tarkan\u2019\u0131n annesi Ne\u015fe Teveto\u011flu, ge\u00e7ti\u011fimiz g\u00fcn kalp krizi nedeniyle hayat\u0131n\u0131 kaybetti. Annesinin vefat haberini Avrupa turnesindeyken alan Tarkan, apar topar T\u00fcrkiye\u2019ye geldi. \u00dcnl\u00fc sanat\u00e7\u0131n\u0131n annesi bug\u00fcn \u0130stanbul\u2019da son yolculu\u011funa u\u011furland\u0131. Tarkan\u2019\u0131n annesinin cenazesine korumalarla gitmesi ise sosyal medyada tepkilere neden oldu. \u0130\u015fte detaylar\u2026<\/p>\n","protected":false},"author":26,"featured_media":163661,"comment_status":"closed","ping_status":"closed","sticky":false,"template":"","format":"standard","meta":{"rank_math_lock_modified_date":false,"footnotes":""},"categories":[76],"tags":[133,2218,18182,18310,2941,18309,18311],"class_list":["post-163658","post","type-post","status-publish","format-standard","has-post-thumbnail","hentry","category-magazin","tag-magazin","tag-magazin-haberleri","tag-nese-tevetoglu","tag-nese-tevetoglu-cenaze-toreni","tag-tarkan","tag-tarkan-annesi-cenazesi","tag-tarkan-koruma"],"_links":{"self":[{"href":"https:\/\/www.tgrthaber.com\/mavikadin\/wp-json\/wp\/v2\/posts\/163658"}],"collection":[{"href":"https:\/\/www.tgrthaber.com\/mavikadin\/wp-json\/wp\/v2\/posts"}],"about":[{"href":"https:\/\/www.tgrthaber.com\/mavikadin\/wp-json\/wp\/v2\/types\/post"}],"author":[{"embeddable":true,"href":"https:\/\/www.tgrthaber.com\/mavikadin\/wp-json\/wp\/v2\/users\/26"}],"replies":[{"embeddable":true,"href":"https:\/\/www.tgrthaber.com\/mavikadin\/wp-json\/wp\/v2\/comments?post=163658"}],"version-history":[{"count":1,"href":"https:\/\/www.tgrthaber.com\/mavikadin\/wp-json\/wp\/v2\/posts\/163658\/revisions"}],"predecessor-version":[{"id":163671,"href":"https:\/\/www.tgrthaber.com\/mavikadin\/wp-json\/wp\/v2\/posts\/163658\/revisions\/163671"}],"wp:featuredmedia":[{"embeddable":true,"href":"https:\/\/www.tgrthaber.com\/mavikadin\/wp-json\/wp\/v2\/media\/163661"}],"wp:attachment":[{"href":"https:\/\/www.tgrthaber.com\/mavikadin\/wp-json\/wp\/v2\/media?parent=163658"}],"wp:term":[{"taxonomy":"category","embeddable":true,"href":"https:\/\/www.tgrthaber.com\/mavikadin\/wp-json\/wp\/v2\/categories?post=163658"},{"taxonomy":"post_tag","embeddable":true,"href":"https:\/\/www.tgrthaber.com\/mavikadin\/wp-json\/wp\/v2\/tags?post=163658"}],"curies":[{"name":"wp","href":"https:\/\/api.w.org\/{rel}","templated":true}]}}