{"id":163672,"date":"2025-04-17T14:49:01","date_gmt":"2025-04-17T11:49:01","guid":{"rendered":"https:\/\/www.tgrthaber.com\/mavikadin\/?p=163672"},"modified":"2025-04-17T14:49:01","modified_gmt":"2025-04-17T11:49:01","slug":"murat-bozun-annesi-nedret-boz-kimdir-ayse-nedret-boz-kac-yasinda-meslegi-ne","status":"publish","type":"post","link":"https:\/\/www.tgrthaber.com\/mavikadin\/murat-bozun-annesi-nedret-boz-kimdir-ayse-nedret-boz-kac-yasinda-meslegi-ne\/","title":{"rendered":"Murat Boz\u2019un annesi Nedret Boz kimdir? Ay\u015fe Nedret Boz ka\u00e7 ya\u015f\u0131nda mesle\u011fi ne?"},"content":{"rendered":"<p>T\u00fcrk m\u00fczi\u011finin sevilen isimlerinden Murat Boz\u2019un kariyer yolculu\u011fu kadar ailesi de hayranlar\u0131 taraf\u0131ndan merak ediliyor. \u00d6zellikle ba\u015far\u0131l\u0131 sanat\u00e7\u0131n\u0131n annesi Ay\u015fe Nedret Boz, son y\u0131llarda bas\u0131nda ve sosyal medyada zaman zaman g\u00fcndeme geliyor. Peki, Ay\u015fe Nedret Boz kimdir, ka\u00e7 ya\u015f\u0131ndad\u0131r ve mesle\u011fi nedir? \u0130\u015fte, o detaylar\u2026<\/p>\n<h3>MURAT BOZ\u2019UN ANNES\u0130 NEDRET BOZ K\u0130MD\u0130R?<\/h3>\n<p>Ay\u015fe Nedret Boz, Karadeniz\u2019in incisi Zonguldak\u2019ta d\u00fcnyaya gelmi\u015f ve uzun y\u0131llar boyunca e\u011fitim alan\u0131nda hizmet vermi\u015f bir isimdir. \u00d6\u011fretmenlik mesle\u011fiyle tan\u0131nan Ay\u015fe Nedret Boz hem disiplini hem de \u00f6\u011frencilere olan sevgisiyle \u00e7evresinde sayg\u0131 g\u00f6ren bir e\u011fitimcidir. Kendisi, \u00f6zel bir e\u011fitim kurumunda M\u00fcd\u00fcr Yard\u0131mc\u0131s\u0131 olarak g\u00f6rev yapm\u0131\u015f ve \u00f6zellikle Denizat\u0131 Okullar\u0131\u2019nda \u00f6\u011fretmenlik yapm\u0131\u015ft\u0131r. Bu g\u00f6revleriyle e\u011fitime olan katk\u0131s\u0131, sadece ailesi taraf\u0131ndan de\u011fil, \u00f6\u011frencileri ve veliler taraf\u0131ndan da takdirle kar\u015f\u0131lanm\u0131\u015ft\u0131r.<\/p>\n<p><img loading=\"lazy\" decoding=\"async\" class=\"alignnone wp-image-163684\" src=\"https:\/\/www.tgrthaber.com\/mavikadin\/wp-content\/uploads\/haber-gorselleri-fotoshop-2025-04-17T144612.695-1024x576.jpg\" alt=\"Murat Boz\u2019un annesi Nedret Boz kimdir? Ay\u015fe Nedret Boz ka\u00e7 ya\u015f\u0131nda mesle\u011fi ne?\" width=\"1208\" height=\"680\" title=\"\" srcset=\"https:\/\/www.tgrthaber.com\/mavikadin\/wp-content\/uploads\/haber-gorselleri-fotoshop-2025-04-17T144612.695-1024x576.jpg 1024w, https:\/\/www.tgrthaber.com\/mavikadin\/wp-content\/uploads\/haber-gorselleri-fotoshop-2025-04-17T144612.695-300x169.jpg 300w, https:\/\/www.tgrthaber.com\/mavikadin\/wp-content\/uploads\/haber-gorselleri-fotoshop-2025-04-17T144612.695-768x432.jpg 768w, https:\/\/www.tgrthaber.com\/mavikadin\/wp-content\/uploads\/haber-gorselleri-fotoshop-2025-04-17T144612.695-1536x864.jpg 1536w, https:\/\/www.tgrthaber.com\/mavikadin\/wp-content\/uploads\/haber-gorselleri-fotoshop-2025-04-17T144612.695.jpg 1600w\" sizes=\"(max-width: 1208px) 100vw, 1208px\" \/><\/p>\n<hr \/>\n<p>E\u011fitimci bir annenin \u00e7ocu\u011fu olan Murat Boz, bu ortamda b\u00fcy\u00fcyerek m\u00fczikle erken ya\u015fta tan\u0131\u015ft\u0131. Sanat\u00e7\u0131, verdi\u011fi r\u00f6portajlarda annesinin kendisine olan deste\u011finden s\u0131k s\u0131k bahseder. \u201cM\u00fczi\u011fe annem sayesinde ba\u015flad\u0131m\u201d diyerek annesinin kariyerindeki yerini her f\u0131rsatta vurgulayan Boz, ailesinin y\u00f6nlendirmesiyle yetene\u011fini erken ya\u015fta ke\u015ffetmi\u015f ve geli\u015ftirmi\u015ftir.<\/p>\n<h3><img loading=\"lazy\" decoding=\"async\" class=\"alignnone wp-image-163686\" src=\"https:\/\/www.tgrthaber.com\/mavikadin\/wp-content\/uploads\/haber-gorselleri-fotoshop-2025-04-17T144545.255-1024x576.jpg\" alt=\"Murat Boz\u2019un annesi Nedret Boz kimdir? Ay\u015fe Nedret Boz ka\u00e7 ya\u015f\u0131nda mesle\u011fi ne?\" width=\"1208\" height=\"680\" title=\"\" srcset=\"https:\/\/www.tgrthaber.com\/mavikadin\/wp-content\/uploads\/haber-gorselleri-fotoshop-2025-04-17T144545.255-1024x576.jpg 1024w, https:\/\/www.tgrthaber.com\/mavikadin\/wp-content\/uploads\/haber-gorselleri-fotoshop-2025-04-17T144545.255-300x169.jpg 300w, https:\/\/www.tgrthaber.com\/mavikadin\/wp-content\/uploads\/haber-gorselleri-fotoshop-2025-04-17T144545.255-768x432.jpg 768w, https:\/\/www.tgrthaber.com\/mavikadin\/wp-content\/uploads\/haber-gorselleri-fotoshop-2025-04-17T144545.255-1536x864.jpg 1536w, https:\/\/www.tgrthaber.com\/mavikadin\/wp-content\/uploads\/haber-gorselleri-fotoshop-2025-04-17T144545.255.jpg 1600w\" sizes=\"(max-width: 1208px) 100vw, 1208px\" \/><\/h3>\n<hr \/>\n<h3>AY\u015eE NEDRET BOZ KA\u00c7 YA\u015eINDA?<\/h3>\n<p>Ay\u015fe Nedret Boz\u2019un ya\u015f\u0131yla ilgili kesin bir bilgi bulunmasa da Murat Boz\u2019un 1980 do\u011fumlu oldu\u011fu g\u00f6z \u00f6n\u00fcne al\u0131nd\u0131\u011f\u0131nda, kendisinin 60\u2019l\u0131 ya\u015flar\u0131nda oldu\u011fu tahmin edilmektedir. Medyada \u00e7ok fazla yer almayan Nedret Boz, genellikle o\u011flunun ba\u015far\u0131lar\u0131n\u0131 uzaktan takip etmeyi tercih ediyor. Ancak baz\u0131 \u00f6zel anlarda, \u00f6rne\u011fin Murat Boz\u2019un sahne ald\u0131\u011f\u0131 konserlerde veya \u00f6d\u00fcl t\u00f6renlerinde k\u0131sa s\u00fcreli\u011fine objektiflere yans\u0131yor.<\/p>\n<h3><img loading=\"lazy\" decoding=\"async\" class=\"alignnone wp-image-163655\" src=\"https:\/\/www.tgrthaber.com\/mavikadin\/wp-content\/uploads\/haber-gorselleri-fotoshop-2025-04-17T141044.544-1024x576.jpg\" alt=\"Murat Boz\u2019un annesi Nedret Boz kimdir? Ay\u015fe Nedret Boz ka\u00e7 ya\u015f\u0131nda mesle\u011fi ne?\" width=\"1208\" height=\"680\" title=\"\" srcset=\"https:\/\/www.tgrthaber.com\/mavikadin\/wp-content\/uploads\/haber-gorselleri-fotoshop-2025-04-17T141044.544-1024x576.jpg 1024w, https:\/\/www.tgrthaber.com\/mavikadin\/wp-content\/uploads\/haber-gorselleri-fotoshop-2025-04-17T141044.544-300x169.jpg 300w, https:\/\/www.tgrthaber.com\/mavikadin\/wp-content\/uploads\/haber-gorselleri-fotoshop-2025-04-17T141044.544-768x432.jpg 768w, https:\/\/www.tgrthaber.com\/mavikadin\/wp-content\/uploads\/haber-gorselleri-fotoshop-2025-04-17T141044.544-1536x864.jpg 1536w, https:\/\/www.tgrthaber.com\/mavikadin\/wp-content\/uploads\/haber-gorselleri-fotoshop-2025-04-17T141044.544.jpg 1600w\" sizes=\"(max-width: 1208px) 100vw, 1208px\" \/><\/h3>\n<hr \/>\n<h3>AY\u015eE NEDRET BOZ MESLE\u011e\u0130 NE?<\/h3>\n<p>Boz ailesi, \u00f6zellikle Murat Boz\u2019un \u00e7ocukluk ve gen\u00e7lik d\u00f6neminde sanata verilen \u00f6nemle dikkat \u00e7ekiyor. Ay\u015fe Nedret Boz sadece \u00fcnl\u00fc bir sanat\u00e7\u0131n\u0131n annesi de\u011fil, ayn\u0131 zamanda toplum i\u00e7in de\u011ferli bir e\u011fitimcidir.<\/p>\n","protected":false},"excerpt":{"rendered":"<p>\u00dcnl\u00fc \u015fark\u0131c\u0131 Murat Boz, g\u00fcndeme gelmeye devam ediyor. Ba\u015far\u0131l\u0131 \u015fark\u0131c\u0131 Boz&#8217;un hayat\u0131 ve ailesi insanlar taraf\u0131ndan ara\u015ft\u0131r\u0131lmaya ba\u015fland\u0131. Arama motorlar\u0131nda sanat\u00e7\u0131n\u0131n annesi Nedret Boz\u2019un kim oldu\u011fu merak edildi. Peki, Murat Boz\u2019un annesi Nedret Boz kimdir? Ay\u015fe Nedret Boz ka\u00e7 ya\u015f\u0131nda, mesle\u011fi ne? \u0130\u015fte Nedret Boz hakk\u0131nda bilinmeyenler\u2026 <\/p>\n","protected":false},"author":34,"featured_media":163685,"comment_status":"closed","ping_status":"closed","sticky":false,"template":"","format":"standard","meta":{"rank_math_lock_modified_date":false,"footnotes":""},"categories":[491],"tags":[18315,16521,18305,18307,18314],"class_list":["post-163672","post","type-post","status-publish","format-standard","has-post-thumbnail","hentry","category-biyografi","tag-ayse-nedret-boz-kac-yasinda","tag-biyografi-haberleri","tag-murat-boz","tag-murat-boz-annesi-nedret-boz","tag-nedret-boz-kimdir"],"_links":{"self":[{"href":"https:\/\/www.tgrthaber.com\/mavikadin\/wp-json\/wp\/v2\/posts\/163672"}],"collection":[{"href":"https:\/\/www.tgrthaber.com\/mavikadin\/wp-json\/wp\/v2\/posts"}],"about":[{"href":"https:\/\/www.tgrthaber.com\/mavikadin\/wp-json\/wp\/v2\/types\/post"}],"author":[{"embeddable":true,"href":"https:\/\/www.tgrthaber.com\/mavikadin\/wp-json\/wp\/v2\/users\/34"}],"replies":[{"embeddable":true,"href":"https:\/\/www.tgrthaber.com\/mavikadin\/wp-json\/wp\/v2\/comments?post=163672"}],"version-history":[{"count":2,"href":"https:\/\/www.tgrthaber.com\/mavikadin\/wp-json\/wp\/v2\/posts\/163672\/revisions"}],"predecessor-version":[{"id":163689,"href":"https:\/\/www.tgrthaber.com\/mavikadin\/wp-json\/wp\/v2\/posts\/163672\/revisions\/163689"}],"wp:featuredmedia":[{"embeddable":true,"href":"https:\/\/www.tgrthaber.com\/mavikadin\/wp-json\/wp\/v2\/media\/163685"}],"wp:attachment":[{"href":"https:\/\/www.tgrthaber.com\/mavikadin\/wp-json\/wp\/v2\/media?parent=163672"}],"wp:term":[{"taxonomy":"category","embeddable":true,"href":"https:\/\/www.tgrthaber.com\/mavikadin\/wp-json\/wp\/v2\/categories?post=163672"},{"taxonomy":"post_tag","embeddable":true,"href":"https:\/\/www.tgrthaber.com\/mavikadin\/wp-json\/wp\/v2\/tags?post=163672"}],"curies":[{"name":"wp","href":"https:\/\/api.w.org\/{rel}","templated":true}]}}