{"id":163713,"date":"2025-04-17T16:17:44","date_gmt":"2025-04-17T13:17:44","guid":{"rendered":"https:\/\/www.tgrthaber.com\/mavikadin\/?p=163713"},"modified":"2025-04-17T16:17:45","modified_gmt":"2025-04-17T13:17:45","slug":"fulya-ozturk-uzak-sehir-dizisi-setinde","status":"publish","type":"post","link":"https:\/\/www.tgrthaber.com\/mavikadin\/fulya-ozturk-uzak-sehir-dizisi-setinde\/","title":{"rendered":"Fulya \u00d6zt\u00fcrk Uzak \u015eehir dizisi setinde!"},"content":{"rendered":"<p>Ekranlar\u0131n sevilen ve ilgi ile takip edilen dizisi, Uzak \u015eehir, g\u00fcndemdeki yerini hi\u00e7bir zaman b\u0131rakm\u0131yor. Yay\u0131nlamaya ba\u015flad\u0131\u011f\u0131 g\u00fcnden beri reytingler de hep \u00fcst s\u0131rada olan Uzak \u015eehir, seyirciyi ekrana kilitlemeye devam ediyor. Ba\u015far\u0131l\u0131 Gazeteci Fulya \u00d6zt\u00fcrk\u2019\u00fcn dizinin setine yapt\u0131\u011f\u0131 ziyaret ile g\u00fcndeme geldi. Detaylar haberimizde\u2026<\/p>\n<h3>FULYA \u00d6ZT\u00dcRK UZAK \u015eEH\u0130R D\u0130Z\u0130S\u0130 SET\u0130NDE!<\/h3>\n<p>Uzak \u015eehir dizisi Kanal D ekranlar\u0131n\u0131n en iddial\u0131 yap\u0131mlar\u0131ndan biri haline geldi. Soluksuz bir \u015fekilde izlenen dizi, reytinglerde rekor k\u0131rmaya devam ediyor. Dizinin bir\u00e7ok sahnesi g\u00fcndeme damga vuruyor. Yay\u0131nlanan son b\u00f6l\u00fcm\u00fcnde Cihan ve Alya\u2019n\u0131n el ele tutu\u015fup seyirciyi mutlu etti\u011fi anda, Mine\u2019nin son anda \u00e7\u0131k\u0131p gelmesi seyirciyi mutsuz etmi\u015fti.<\/p>\n<p><img loading=\"lazy\" decoding=\"async\" class=\"alignnone wp-image-163742\" src=\"https:\/\/www.tgrthaber.com\/mavikadin\/wp-content\/uploads\/haber-gorselleri-fotoshop-2025-04-17T161242.762-1024x576.jpg\" alt=\"Fulya \u00d6zt\u00fcrk Uzak \u015eehir dizisi setinde!\" width=\"1208\" height=\"680\" title=\"\" srcset=\"https:\/\/www.tgrthaber.com\/mavikadin\/wp-content\/uploads\/haber-gorselleri-fotoshop-2025-04-17T161242.762-1024x576.jpg 1024w, https:\/\/www.tgrthaber.com\/mavikadin\/wp-content\/uploads\/haber-gorselleri-fotoshop-2025-04-17T161242.762-300x169.jpg 300w, https:\/\/www.tgrthaber.com\/mavikadin\/wp-content\/uploads\/haber-gorselleri-fotoshop-2025-04-17T161242.762-768x432.jpg 768w, https:\/\/www.tgrthaber.com\/mavikadin\/wp-content\/uploads\/haber-gorselleri-fotoshop-2025-04-17T161242.762-1536x864.jpg 1536w, https:\/\/www.tgrthaber.com\/mavikadin\/wp-content\/uploads\/haber-gorselleri-fotoshop-2025-04-17T161242.762.jpg 1600w\" sizes=\"(max-width: 1208px) 100vw, 1208px\" \/><\/p>\n<hr \/>\n<p>Dizi reytinglerde 18\u2019in \u00fcst\u00fcne \u00e7\u0131k\u0131p \u201cMucize Doktor\u201d dizisinin rekorunu k\u0131ran ilk dizilerden oldu. Dizinin \u00e7ekimleri Mardin\u2019de s\u00fcrerken Gazeteci Fulya \u00d6zt\u00fcrk\u2019\u00fcn seti ziyareti ise sosyal medya da yank\u0131 uyand\u0131rd\u0131. \u00d6zt\u00fcrk\u2019\u00fcn dizinin oyuncular\u0131 ile karavanda \u00e7ektirdi\u011fi foto\u011fraflar k\u0131sa s\u00fcre de be\u011feni ve yorum ald\u0131.<\/p>\n<p><img loading=\"lazy\" decoding=\"async\" class=\"alignnone wp-image-163743\" src=\"https:\/\/www.tgrthaber.com\/mavikadin\/wp-content\/uploads\/haber-gorselleri-fotoshop-2025-04-17T161227.341-1024x576.jpg\" alt=\"Fulya \u00d6zt\u00fcrk Uzak \u015eehir dizisi setinde!\" width=\"1208\" height=\"680\" title=\"\" srcset=\"https:\/\/www.tgrthaber.com\/mavikadin\/wp-content\/uploads\/haber-gorselleri-fotoshop-2025-04-17T161227.341-1024x576.jpg 1024w, https:\/\/www.tgrthaber.com\/mavikadin\/wp-content\/uploads\/haber-gorselleri-fotoshop-2025-04-17T161227.341-300x169.jpg 300w, https:\/\/www.tgrthaber.com\/mavikadin\/wp-content\/uploads\/haber-gorselleri-fotoshop-2025-04-17T161227.341-768x432.jpg 768w, https:\/\/www.tgrthaber.com\/mavikadin\/wp-content\/uploads\/haber-gorselleri-fotoshop-2025-04-17T161227.341-1536x864.jpg 1536w, https:\/\/www.tgrthaber.com\/mavikadin\/wp-content\/uploads\/haber-gorselleri-fotoshop-2025-04-17T161227.341.jpg 1600w\" sizes=\"(max-width: 1208px) 100vw, 1208px\" \/><\/p>\n<hr \/>\n<p>\u00d6zt\u00fcrk\u2019\u00fcn aktard\u0131klar\u0131na g\u00f6re Uzak \u015eehir \u2019in setinde hayranlar taraf\u0131ndan oyunculara kar\u015f\u0131 yo\u011fun bir sevgi oldu\u011fu g\u00f6r\u00fcl\u00fcyor. \u00d6zt\u00fcrk\u2019\u00fcn dizinin setinde oldu\u011funa dair kendi sosyal medyas\u0131ndan att\u0131\u011f\u0131 payla\u015f\u0131mlar dizi severler taraf\u0131ndan yo\u011fun ilgi ile izlendi.<\/p>\n<h3><img loading=\"lazy\" decoding=\"async\" class=\"alignnone wp-image-163741\" src=\"https:\/\/www.tgrthaber.com\/mavikadin\/wp-content\/uploads\/haber-gorselleri-fotoshop-2025-04-17T161254.469-1024x576.jpg\" alt=\"Fulya \u00d6zt\u00fcrk Uzak \u015eehir dizisi setinde!\" width=\"1208\" height=\"680\" title=\"\" srcset=\"https:\/\/www.tgrthaber.com\/mavikadin\/wp-content\/uploads\/haber-gorselleri-fotoshop-2025-04-17T161254.469-1024x576.jpg 1024w, https:\/\/www.tgrthaber.com\/mavikadin\/wp-content\/uploads\/haber-gorselleri-fotoshop-2025-04-17T161254.469-300x169.jpg 300w, https:\/\/www.tgrthaber.com\/mavikadin\/wp-content\/uploads\/haber-gorselleri-fotoshop-2025-04-17T161254.469-768x432.jpg 768w, https:\/\/www.tgrthaber.com\/mavikadin\/wp-content\/uploads\/haber-gorselleri-fotoshop-2025-04-17T161254.469-1536x864.jpg 1536w, https:\/\/www.tgrthaber.com\/mavikadin\/wp-content\/uploads\/haber-gorselleri-fotoshop-2025-04-17T161254.469.jpg 1600w\" sizes=\"(max-width: 1208px) 100vw, 1208px\" \/><\/h3>\n<hr \/>\n<h3>FULYA \u00d6ZT\u00dcRK K\u0130MD\u0130R?<\/h3>\n<p>Gazeteci Fulya \u00d6zt\u00fcrk, 5 Ocak 1989 y\u0131l\u0131nda Adana\u2019n\u0131n Seyhan il\u00e7esinde do\u011fdu. Be\u015f \u00e7ocuklu bir ailenin k\u0131z\u0131 olan \u00d6zt\u00fcrk, lise e\u011fitiminin ard\u0131ndan Marmara \u00dcniversitesi \u0130leti\u015fim Fak\u00fcltesi Radyo ve Televizyon B\u00f6l\u00fcm\u00fc\u2019nden mezun oldu.<\/p>\n<p><img loading=\"lazy\" decoding=\"async\" class=\"alignnone wp-image-163740\" src=\"https:\/\/www.tgrthaber.com\/mavikadin\/wp-content\/uploads\/haber-gorselleri-fotoshop-2025-04-17T161311.837-1024x576.jpg\" alt=\"Fulya \u00d6zt\u00fcrk Uzak \u015eehir dizisi setinde!\" width=\"1208\" height=\"680\" title=\"\" srcset=\"https:\/\/www.tgrthaber.com\/mavikadin\/wp-content\/uploads\/haber-gorselleri-fotoshop-2025-04-17T161311.837-1024x576.jpg 1024w, https:\/\/www.tgrthaber.com\/mavikadin\/wp-content\/uploads\/haber-gorselleri-fotoshop-2025-04-17T161311.837-300x169.jpg 300w, https:\/\/www.tgrthaber.com\/mavikadin\/wp-content\/uploads\/haber-gorselleri-fotoshop-2025-04-17T161311.837-768x432.jpg 768w, https:\/\/www.tgrthaber.com\/mavikadin\/wp-content\/uploads\/haber-gorselleri-fotoshop-2025-04-17T161311.837-1536x864.jpg 1536w, https:\/\/www.tgrthaber.com\/mavikadin\/wp-content\/uploads\/haber-gorselleri-fotoshop-2025-04-17T161311.837.jpg 1600w\" sizes=\"(max-width: 1208px) 100vw, 1208px\" \/><\/p>\n<hr \/>\n<p>\u00dcniversiteye gitti\u011fi sene stajyerlik hayat\u0131na ba\u015flad\u0131. 2010 y\u0131l\u0131nda saha muhabirli\u011fine ba\u015flayan \u00d6zt\u00fcrk, 2021 y\u0131l\u0131nda \u201cFulya ile Umudun Olsun\u201d adl\u0131 program\u0131n\u0131 sundu. G\u00fcnd\u00fcz ku\u015fa\u011f\u0131 program\u0131 olan dizi bir\u00e7ok \u00f6d\u00fcle de lay\u0131k g\u00f6r\u00fcld\u00fc. \u00c7e\u015fitli sava\u015f b\u00f6lgelerine giden \u00d6zt\u00fcrk, yapt\u0131\u011f\u0131 i\u015flerle sevilen isimler aras\u0131nda yer al\u0131yor.<\/p>\n","protected":false},"excerpt":{"rendered":"<p>Kanal D\u2019nin reyting rekortmeni Uzak \u015eehir, b\u00f6l\u00fcmleri ile f\u0131rt\u0131nalar estirmeye devam ediyor. Yay\u0131nlanan son b\u00f6l\u00fcm\u00fc ile seyirciye heyecan dolu anlar ya\u015fatan dizi, g\u00fcndemdeki yerini her zaman al\u0131yor. Gazeteci Fulya \u00d6zt\u00fcrk\u2019\u00fcn dizinin \u00e7ekildi\u011fi yer olan Mardin\u2019e gidip \u00e7ekim yapmas\u0131 ile g\u00fcndeme geldi. \u0130\u015fte, Fulya \u00d6zt\u00fcrk\u2019\u00fcn Uzak \u015eehir maceras\u0131\u2026<\/p>\n","protected":false},"author":34,"featured_media":163745,"comment_status":"closed","ping_status":"closed","sticky":false,"template":"","format":"standard","meta":{"rank_math_lock_modified_date":false,"footnotes":""},"categories":[76],"tags":[18326,2218,2295,2294,2293,5662],"class_list":["post-163713","post","type-post","status-publish","format-standard","has-post-thumbnail","hentry","category-magazin","tag-fulya-ozturk","tag-magazin-haberleri","tag-ozan-akbaba","tag-sinem-unsal","tag-uzak-sehir","tag-uzak-sehir-dizi"],"_links":{"self":[{"href":"https:\/\/www.tgrthaber.com\/mavikadin\/wp-json\/wp\/v2\/posts\/163713"}],"collection":[{"href":"https:\/\/www.tgrthaber.com\/mavikadin\/wp-json\/wp\/v2\/posts"}],"about":[{"href":"https:\/\/www.tgrthaber.com\/mavikadin\/wp-json\/wp\/v2\/types\/post"}],"author":[{"embeddable":true,"href":"https:\/\/www.tgrthaber.com\/mavikadin\/wp-json\/wp\/v2\/users\/34"}],"replies":[{"embeddable":true,"href":"https:\/\/www.tgrthaber.com\/mavikadin\/wp-json\/wp\/v2\/comments?post=163713"}],"version-history":[{"count":1,"href":"https:\/\/www.tgrthaber.com\/mavikadin\/wp-json\/wp\/v2\/posts\/163713\/revisions"}],"predecessor-version":[{"id":163750,"href":"https:\/\/www.tgrthaber.com\/mavikadin\/wp-json\/wp\/v2\/posts\/163713\/revisions\/163750"}],"wp:featuredmedia":[{"embeddable":true,"href":"https:\/\/www.tgrthaber.com\/mavikadin\/wp-json\/wp\/v2\/media\/163745"}],"wp:attachment":[{"href":"https:\/\/www.tgrthaber.com\/mavikadin\/wp-json\/wp\/v2\/media?parent=163713"}],"wp:term":[{"taxonomy":"category","embeddable":true,"href":"https:\/\/www.tgrthaber.com\/mavikadin\/wp-json\/wp\/v2\/categories?post=163713"},{"taxonomy":"post_tag","embeddable":true,"href":"https:\/\/www.tgrthaber.com\/mavikadin\/wp-json\/wp\/v2\/tags?post=163713"}],"curies":[{"name":"wp","href":"https:\/\/api.w.org\/{rel}","templated":true}]}}