{"id":163798,"date":"2025-04-17T18:10:49","date_gmt":"2025-04-17T15:10:49","guid":{"rendered":"https:\/\/www.tgrthaber.com\/mavikadin\/?p=163798"},"modified":"2025-04-17T18:10:49","modified_gmt":"2025-04-17T15:10:49","slug":"survivor-2025-yarismacisindan-dikkat-ceken-tuvalet-aciklamasi-herkes-bu-cevabi-merak-ediyordu","status":"publish","type":"post","link":"https:\/\/www.tgrthaber.com\/mavikadin\/survivor-2025-yarismacisindan-dikkat-ceken-tuvalet-aciklamasi-herkes-bu-cevabi-merak-ediyordu\/","title":{"rendered":"Survivor 2025 yar\u0131\u015fmac\u0131s\u0131ndan dikkat \u00e7eken tuvalet a\u00e7\u0131klamas\u0131! Herkes bu cevab\u0131 merak ediyordu"},"content":{"rendered":"<p class=\"p2\">Survivor All Star 2025 maceras\u0131 sona eren Tu\u011fba Yeni, 30 Mart ak\u015fam\u0131 ger\u00e7ekle\u015fen d\u00fcelloda K\u0131rm\u0131z\u0131 tak\u0131m yar\u0131\u015fmac\u0131s\u0131 Asena Demirba\u011f\u2019a kar\u015f\u0131 kaybederek adaya veda etti. Yar\u0131\u015fmadan elendikten sonra sessizli\u011fini bozan G\u00f6n\u00fcll\u00fcler tak\u0131m\u0131n\u0131n dikkat \u00e7eken ismi, sosyal medya hesab\u0131 \u00fczerinden s\u0131k\u00e7a y\u00f6neltilen sorulara cevap verdi. Yar\u0131\u015fman\u0131n merak edilen detaylar\u0131ndan biri olan \u2018Adada tuvalet var m\u0131?\u2019 sorusuna a\u00e7\u0131kl\u0131k getiren Tu\u011fba Yeni, ya\u015fanan zorluklar\u0131n perde arkas\u0131n\u0131 takip\u00e7ileriyle payla\u015ft\u0131. Adaya veda etmesine ra\u011fmen a\u00e7\u0131klamalar\u0131, yar\u0131\u015fman\u0131n bilinmeyen y\u00f6nlerini yeniden g\u00fcndeme ta\u015f\u0131d\u0131.<\/p>\n<h3>SURV\u0130VOR 2025&#8217;TEN ELENEN TU\u011eBA YEN\u0130&#8217;DEN TUVALET A\u00c7IKLAMASI<\/h3>\n<p class=\"p1\">Survivor All Star 2025\u2019in son g\u00fcnlerinde elenen Tu\u011fba Yeni, 30 Mart\u2019ta ger\u00e7ekle\u015fen d\u00fcelloda Asena Demirba\u011f\u2019a kar\u015f\u0131 ma\u011flup olarak yar\u0131\u015fmaya veda etti. Elenmesinin ard\u0131ndan sosyal medya hesab\u0131ndan sessizli\u011fini bozan Tu\u011fba, takip\u00e7ilerinin akl\u0131ndaki sorular\u0131 cevaps\u0131z b\u0131rakmad\u0131. En \u00e7ok y\u00f6neltilen sorulardan biri olan &#8216;Adada tuvalet oluyor mu?&#8217; konusuna a\u00e7\u0131kl\u0131k getiren eski yar\u0131\u015fmac\u0131, adadaki ya\u015fam ko\u015fullar\u0131n\u0131n ekranlarda g\u00f6r\u00fcnenden \u00e7ok daha \u00e7etin oldu\u011funu ifade etti. Tu\u011fba\u2019n\u0131n samimi a\u00e7\u0131klamalar\u0131, adan\u0131n perde arkas\u0131ndaki ger\u00e7ekleri yeniden g\u00fcndeme ta\u015f\u0131d\u0131 ve izleyicilerin dikkatini \u00e7ekti.<\/p>\n<p><img loading=\"lazy\" decoding=\"async\" class=\"alignnone wp-image-163811 size-large\" src=\"https:\/\/www.tgrthaber.com\/mavikadin\/wp-content\/uploads\/Ekran-Resmi-2025-04-17-17.45.45-1024x671.png\" alt=\"\" width=\"1024\" height=\"671\" title=\"\" srcset=\"https:\/\/www.tgrthaber.com\/mavikadin\/wp-content\/uploads\/Ekran-Resmi-2025-04-17-17.45.45-1024x671.png 1024w, https:\/\/www.tgrthaber.com\/mavikadin\/wp-content\/uploads\/Ekran-Resmi-2025-04-17-17.45.45-300x196.png 300w, https:\/\/www.tgrthaber.com\/mavikadin\/wp-content\/uploads\/Ekran-Resmi-2025-04-17-17.45.45-768x503.png 768w, https:\/\/www.tgrthaber.com\/mavikadin\/wp-content\/uploads\/Ekran-Resmi-2025-04-17-17.45.45.png 1362w\" sizes=\"(max-width: 1024px) 100vw, 1024px\" \/><\/p>\n<hr \/>\n<p class=\"p1\">\u00a0Kendi tecr\u00fcbesi \u00fczerinden konu\u015fan Tu\u011fba, bu deneyimin san\u0131landan \u00e7ok daha zorlu ve sab\u0131r gerektiren bir s\u00fcre\u00e7 oldu\u011funu vurgulad\u0131. T\u011fba Yeni&#8217;nin sosyal medya payla\u015f\u0131m\u0131 \u015fu \u015fekilde;<\/p>\n<p><img loading=\"lazy\" decoding=\"async\" class=\"alignnone wp-image-163822 size-large\" src=\"https:\/\/www.tgrthaber.com\/mavikadin\/wp-content\/uploads\/Ekran-Resmi-2025-04-17-17.42.40-1024x361.png\" alt=\"\" width=\"1024\" height=\"361\" title=\"\" srcset=\"https:\/\/www.tgrthaber.com\/mavikadin\/wp-content\/uploads\/Ekran-Resmi-2025-04-17-17.42.40-1024x361.png 1024w, https:\/\/www.tgrthaber.com\/mavikadin\/wp-content\/uploads\/Ekran-Resmi-2025-04-17-17.42.40-300x106.png 300w, https:\/\/www.tgrthaber.com\/mavikadin\/wp-content\/uploads\/Ekran-Resmi-2025-04-17-17.42.40-768x271.png 768w, https:\/\/www.tgrthaber.com\/mavikadin\/wp-content\/uploads\/Ekran-Resmi-2025-04-17-17.42.40.png 1276w\" sizes=\"(max-width: 1024px) 100vw, 1024px\" \/><\/p>\n<hr \/>\n<h3 class=\"p1\"><b>&#8221;\u00c7OK M\u00dcCADELE VERD\u0130M&#8221;<\/b><\/h3>\n<p class=\"p1\">Tu\u011fba Yeni, &#8216;Survivor 2025&#8217;e gelirken asl\u0131nda \u00e7ok m\u00fccadele verdim. Buraya gelebilmek ve kat\u0131labilmek i\u00e7in birka\u00e7 y\u0131ld\u0131r u\u011fra\u015f\u0131yorum bunun ad\u0131na. En sonunda kendimi burada buldu\u011fum i\u00e7in \u00e7ok mutluyum. Tabi ki kolay olmad\u0131. Buras\u0131 hem psikolojik olarak hem mental hem v\u00fccut olarak \u00e7ok yorucu bir yer. Bunun \u00fcstesinden elimden geldik\u00e7e gelmeye \u00e7al\u0131\u015ft\u0131m a\u00e7\u0131k\u00e7as\u0131. Ba\u015far\u0131l\u0131 oldu\u011fumu d\u00fc\u015f\u00fcn\u00fcyorum. Burada olmaktan \u00e7ok mutluydum. Elendi\u011fim i\u00e7in de \u00e7ok \u00fczg\u00fcn\u00fcm. Survivor her anlamda bana \u00e7ok \u015fey katt\u0131. Arkada\u015fl\u0131klar, dostluklar edindim. Ve kimseye g\u00fcvenmemeye \u00f6\u011frendim asl\u0131nda&#8217; demi\u015fti.<\/p>\n<p><img loading=\"lazy\" decoding=\"async\" class=\"alignnone wp-image-163821 size-large\" src=\"https:\/\/www.tgrthaber.com\/mavikadin\/wp-content\/uploads\/Ekran-Resmi-2025-04-17-17.45.45-1-1024x671.png\" alt=\"\" width=\"1024\" height=\"671\" title=\"\" srcset=\"https:\/\/www.tgrthaber.com\/mavikadin\/wp-content\/uploads\/Ekran-Resmi-2025-04-17-17.45.45-1-1024x671.png 1024w, https:\/\/www.tgrthaber.com\/mavikadin\/wp-content\/uploads\/Ekran-Resmi-2025-04-17-17.45.45-1-300x196.png 300w, https:\/\/www.tgrthaber.com\/mavikadin\/wp-content\/uploads\/Ekran-Resmi-2025-04-17-17.45.45-1-768x503.png 768w, https:\/\/www.tgrthaber.com\/mavikadin\/wp-content\/uploads\/Ekran-Resmi-2025-04-17-17.45.45-1.png 1362w\" sizes=\"(max-width: 1024px) 100vw, 1024px\" \/><\/p>\n<hr \/>\n<p class=\"p1\">Tu\u011fba Yeni s\u00f6zlerine \u015f\u00f6yle devam etti:\u00a0 &#8216;\u015e\u00f6yle de bir ger\u00e7ek var. Bunu da sonradan ben \u00f6\u011freniyorum. Ve inan\u0131lmaz derecede kan\u0131m dondu. Adada ben \u00e7ubuk \u00e7al\u0131\u015f\u0131rken, Asena \u00e7ubuk at\u0131\u015f\u0131 se\u00e7er diye d\u00fc\u015f\u00fcn\u00fcyordum. Ki \u00f6yle de olacakt\u0131, onu tahmin edebiliyordum. Bunu adada \u00e7al\u0131\u015f\u0131rken Sevgi g\u00f6rm\u00fc\u015f. Sevgi, Asena&#8217;ya gidip, Tu\u011fba adada \u00e7ubuk \u00e7al\u0131\u015f\u0131yor, sak\u0131n \u00e7ubuk at\u0131\u015f\u0131n\u0131 se\u00e7me. Eli al\u0131\u015ft\u0131\u011f\u0131 i\u00e7in bunu yapabilir. Onun basket at\u0131\u015flar\u0131n iyi de\u011fil, onu se\u00e7 demi\u015f. Sevgi&#8217;den bekledi\u011fim bir performans a\u00e7\u0131k\u00e7as\u0131. Onu alk\u0131\u015fl\u0131yorum. K\u00f6t\u00fc niyetiyle ba\u015f ba\u015fa b\u0131rak\u0131yorum. Herkes art niyetli insan oldu\u011funu g\u00f6rd\u00fc&#8217; diye konu\u015fmu\u015ftu.<\/p>\n<p><img loading=\"lazy\" decoding=\"async\" class=\"alignnone wp-image-163823 size-large\" src=\"https:\/\/www.tgrthaber.com\/mavikadin\/wp-content\/uploads\/Ekran-Resmi-2025-04-17-17.46.00-1024x570.png\" alt=\"\" width=\"1024\" height=\"570\" title=\"\" srcset=\"https:\/\/www.tgrthaber.com\/mavikadin\/wp-content\/uploads\/Ekran-Resmi-2025-04-17-17.46.00-1024x570.png 1024w, https:\/\/www.tgrthaber.com\/mavikadin\/wp-content\/uploads\/Ekran-Resmi-2025-04-17-17.46.00-300x167.png 300w, https:\/\/www.tgrthaber.com\/mavikadin\/wp-content\/uploads\/Ekran-Resmi-2025-04-17-17.46.00-768x427.png 768w, https:\/\/www.tgrthaber.com\/mavikadin\/wp-content\/uploads\/Ekran-Resmi-2025-04-17-17.46.00.png 1416w\" sizes=\"(max-width: 1024px) 100vw, 1024px\" \/><\/p>\n<hr \/>\n<h3 class=\"p1\"><b>SEVG\u0130&#8217;YE \u015eOK S\u00d6ZLER\u00a0<\/b><\/h3>\n<p class=\"p1\">Tak\u0131m arkada\u015f\u0131 Sevgi i\u00e7in \u015fok su\u00e7lamalarda bulunan Tu\u011fba, &#8216;\u015e\u00f6yle de bir ger\u00e7ek var. Bunu da sonradan ben \u00f6\u011freniyorum. Ve inan\u0131lmaz derecede kan\u0131m dondu. Adada ben \u00e7ubuk \u00e7al\u0131\u015f\u0131rken, Asena \u00e7ubuk at\u0131\u015f\u0131 se\u00e7er diye d\u00fc\u015f\u00fcn\u00fcyordum. Ki \u00f6yle de olacakt\u0131, onu tahmin edebiliyordum. Bunu adada \u00e7al\u0131\u015f\u0131rken Sevgi g\u00f6rm\u00fc\u015f. Sevgi, Asena&#8217;ya gidip, Tu\u011fba adada \u00e7ubuk \u00e7al\u0131\u015f\u0131yor, sak\u0131n \u00e7ubuk at\u0131\u015f\u0131n\u0131 se\u00e7me. Eli al\u0131\u015ft\u0131\u011f\u0131 i\u00e7in bunu yapabilir. Onun basket at\u0131\u015flar\u0131n iyi de\u011fil, onu se\u00e7 demi\u015f. Sevgi&#8217;den bekledi\u011fim bir performans a\u00e7\u0131k\u00e7as\u0131. Onu alk\u0131\u015fl\u0131yorum. K\u00f6t\u00fc niyetiyle ba\u015f ba\u015fa b\u0131rak\u0131yorum. Herkes art niyetli insan oldu\u011funu g\u00f6rd\u00fc&#8217;\u00a0 diye konu\u015ftu.<\/p>\n<p>&nbsp;<\/p>\n","protected":false},"excerpt":{"rendered":"<p>Survivor All Star 2025\u2019te elendikten sonra sessizli\u011fini bozan Tu\u011fba Yeni\u2019nin \u2018adada tuvalet yok\u2019 cevab\u0131 sosyal medyada b\u00fcy\u00fck yank\u0131 uyand\u0131rd\u0131. Yar\u0131\u015fman\u0131n zorluklar\u0131na dair perde arkas\u0131n\u0131 payla\u015fan ismin a\u00e7\u0131klamalar\u0131, ekranlarda g\u00f6sterilmeyen detaylar\u0131 g\u00fcn y\u00fcz\u00fcne \u00e7\u0131kard\u0131 ve  yine g\u00fcndem oldu.<\/p>\n","protected":false},"author":16,"featured_media":163825,"comment_status":"closed","ping_status":"closed","sticky":false,"template":"","format":"standard","meta":{"rank_math_lock_modified_date":false,"footnotes":""},"categories":[76],"tags":[133,2218,18345,18344,18346],"class_list":["post-163798","post","type-post","status-publish","format-standard","has-post-thumbnail","hentry","category-magazin","tag-magazin","tag-magazin-haberleri","tag-survivor-2025-tugba-yeni-tuvalet-aciklamasi","tag-survivor-2025-yarismaci-tuvalet-aciklamasi","tag-survivor-2025-yarismacisi-tuvalet-itirafi"],"_links":{"self":[{"href":"https:\/\/www.tgrthaber.com\/mavikadin\/wp-json\/wp\/v2\/posts\/163798"}],"collection":[{"href":"https:\/\/www.tgrthaber.com\/mavikadin\/wp-json\/wp\/v2\/posts"}],"about":[{"href":"https:\/\/www.tgrthaber.com\/mavikadin\/wp-json\/wp\/v2\/types\/post"}],"author":[{"embeddable":true,"href":"https:\/\/www.tgrthaber.com\/mavikadin\/wp-json\/wp\/v2\/users\/16"}],"replies":[{"embeddable":true,"href":"https:\/\/www.tgrthaber.com\/mavikadin\/wp-json\/wp\/v2\/comments?post=163798"}],"version-history":[{"count":1,"href":"https:\/\/www.tgrthaber.com\/mavikadin\/wp-json\/wp\/v2\/posts\/163798\/revisions"}],"predecessor-version":[{"id":163826,"href":"https:\/\/www.tgrthaber.com\/mavikadin\/wp-json\/wp\/v2\/posts\/163798\/revisions\/163826"}],"wp:featuredmedia":[{"embeddable":true,"href":"https:\/\/www.tgrthaber.com\/mavikadin\/wp-json\/wp\/v2\/media\/163825"}],"wp:attachment":[{"href":"https:\/\/www.tgrthaber.com\/mavikadin\/wp-json\/wp\/v2\/media?parent=163798"}],"wp:term":[{"taxonomy":"category","embeddable":true,"href":"https:\/\/www.tgrthaber.com\/mavikadin\/wp-json\/wp\/v2\/categories?post=163798"},{"taxonomy":"post_tag","embeddable":true,"href":"https:\/\/www.tgrthaber.com\/mavikadin\/wp-json\/wp\/v2\/tags?post=163798"}],"curies":[{"name":"wp","href":"https:\/\/api.w.org\/{rel}","templated":true}]}}