{"id":164313,"date":"2025-04-18T15:38:50","date_gmt":"2025-04-18T12:38:50","guid":{"rendered":"https:\/\/www.tgrthaber.com\/mavikadin\/?p=164313"},"modified":"2025-04-18T15:38:50","modified_gmt":"2025-04-18T12:38:50","slug":"irem-helvacioglu-kac-yasinda-irem-helvacioglu-kiminle-evlendi","status":"publish","type":"post","link":"https:\/\/www.tgrthaber.com\/mavikadin\/irem-helvacioglu-kac-yasinda-irem-helvacioglu-kiminle-evlendi\/","title":{"rendered":"\u0130rem Helvac\u0131o\u011flu ka\u00e7 ya\u015f\u0131nda? \u0130rem Helvac\u0131o\u011flu kiminle evlendi?"},"content":{"rendered":"<p>Son d\u00f6nemlerde \u201cKaradut\u201d dizisi ile ekranlara gelen \u0130rem Helvac\u0131o\u011flu, hamilelik haberi ile g\u00fcndeme geldi. Bu haber sonras\u0131 sevilen oyuncu merak edildi. \u0130rem Helvac\u0131o\u011flu ka\u00e7 ya\u015f\u0131nda? \u0130rem Helvac\u0131o\u011flu kiminle evlendi? sorular\u0131 ara\u015ft\u0131r\u0131lmaya ba\u015fland\u0131. \u0130\u015fte, bu sorular\u0131n cevaplar\u0131 haberimizde\u2026<\/p>\n<h3>\u0130REM HELVACIO\u011eLU KA\u00c7 YA\u015eINDA?<\/h3>\n<p>Ba\u015far\u0131l\u0131 oyunculu\u011fu ve zarafetiyle ekranlar\u0131n sevilen ismi haline gelen \u0130rem Helvac\u0131o\u011flu, 2 \u015eubat 1990 tarihinde Almanya\u2019da d\u00fcnyaya geldi. \u00a0\u0130rem Helvac\u0131o\u011flu \u015fimdilerde 35 ya\u015f\u0131ndad\u0131r. Almanya\u2019da do\u011fup b\u00fcy\u00fcmesine ra\u011fmen k\u00f6klerine ba\u011fl\u0131 kalm\u0131\u015f ve kariyerine T\u00fcrkiye\u2019de sa\u011flam ad\u0131mlarla devam etmi\u015ftir. \u0130lk olarak 2010 y\u0131l\u0131nda \u201cBehzat \u00c7. Bir Ankara Polisiyesi\u201d dizisinde k\u00fc\u00e7\u00fck bir rolle ekranlara ad\u0131m atan Helvac\u0131o\u011flu, k\u0131sa s\u00fcrede yetene\u011fiyle dikkatleri \u00fczerine \u00e7ekti.<\/p>\n<p><img loading=\"lazy\" decoding=\"async\" class=\"alignnone wp-image-164323\" src=\"https:\/\/www.tgrthaber.com\/mavikadin\/wp-content\/uploads\/haber-gorselleri-fotoshop-2025-04-18T153526.867-1024x576.jpg\" alt=\"\u0130rem Helvac\u0131o\u011flu ka\u00e7 ya\u015f\u0131nda? \u0130rem Helvac\u0131o\u011flu kiminle evlendi?\" width=\"1208\" height=\"680\" title=\"\" srcset=\"https:\/\/www.tgrthaber.com\/mavikadin\/wp-content\/uploads\/haber-gorselleri-fotoshop-2025-04-18T153526.867-1024x576.jpg 1024w, https:\/\/www.tgrthaber.com\/mavikadin\/wp-content\/uploads\/haber-gorselleri-fotoshop-2025-04-18T153526.867-300x169.jpg 300w, https:\/\/www.tgrthaber.com\/mavikadin\/wp-content\/uploads\/haber-gorselleri-fotoshop-2025-04-18T153526.867-768x432.jpg 768w, https:\/\/www.tgrthaber.com\/mavikadin\/wp-content\/uploads\/haber-gorselleri-fotoshop-2025-04-18T153526.867-1536x864.jpg 1536w, https:\/\/www.tgrthaber.com\/mavikadin\/wp-content\/uploads\/haber-gorselleri-fotoshop-2025-04-18T153526.867.jpg 1600w\" sizes=\"(max-width: 1208px) 100vw, 1208px\" \/><\/p>\n<hr \/>\n<p>Ancak as\u0131l \u00e7\u0131k\u0131\u015f\u0131n\u0131 2018 y\u0131l\u0131nda ATV ekranlar\u0131nda yay\u0131nlanan ve fenomen haline gelen \u201cSen Anlat Karadeniz\u201d dizisindeki \u201cNefes\u201d karakteriyle yakalad\u0131. Bu dizi sayesinde milyonlar\u0131n kalbine dokunan oyuncu, sadece oyunculu\u011fuyla de\u011fil ayn\u0131 zamanda g\u00fc\u00e7l\u00fc kad\u0131n imaj\u0131yla da takdir toplad\u0131. Son d\u00f6nem de ekranlara &#8216;Karadut&#8217; ile gelen \u0130rem Helvac\u0131o\u011flu, \u015fimdilerde bebek bekliyor.<\/p>\n<h3><img loading=\"lazy\" decoding=\"async\" class=\"alignnone wp-image-164324\" src=\"https:\/\/www.tgrthaber.com\/mavikadin\/wp-content\/uploads\/haber-gorselleri-fotoshop-2025-04-18T153508.382-1024x576.jpg\" alt=\"\u0130rem Helvac\u0131o\u011flu ka\u00e7 ya\u015f\u0131nda? \u0130rem Helvac\u0131o\u011flu kiminle evlendi?\" width=\"1208\" height=\"680\" title=\"\" srcset=\"https:\/\/www.tgrthaber.com\/mavikadin\/wp-content\/uploads\/haber-gorselleri-fotoshop-2025-04-18T153508.382-1024x576.jpg 1024w, https:\/\/www.tgrthaber.com\/mavikadin\/wp-content\/uploads\/haber-gorselleri-fotoshop-2025-04-18T153508.382-300x169.jpg 300w, https:\/\/www.tgrthaber.com\/mavikadin\/wp-content\/uploads\/haber-gorselleri-fotoshop-2025-04-18T153508.382-768x432.jpg 768w, https:\/\/www.tgrthaber.com\/mavikadin\/wp-content\/uploads\/haber-gorselleri-fotoshop-2025-04-18T153508.382-1536x864.jpg 1536w, https:\/\/www.tgrthaber.com\/mavikadin\/wp-content\/uploads\/haber-gorselleri-fotoshop-2025-04-18T153508.382.jpg 1600w\" sizes=\"(max-width: 1208px) 100vw, 1208px\" \/><\/h3>\n<hr \/>\n<h3>\u0130REM HELVACIO\u011eLU K\u0130M\u0130NLE EVLEND\u0130?<\/h3>\n<p>G\u00fczel oyuncu, 2024 y\u0131l\u0131nda uzun s\u00fcredir birlikte oldu\u011fu sevgilisi, i\u015fletmeci Ural Kaspar ile hayat\u0131n\u0131 birle\u015ftirdi. \u0130stanbul\u2019da ger\u00e7ekle\u015fen d\u00fc\u011f\u00fcn, samimi ve sade tarz\u0131yla dikkat \u00e7ekmi\u015fti.\u00a0 Aile \u00fcyeleri ve yak\u0131n dostlar\u0131n\u0131n kat\u0131ld\u0131\u011f\u0131 t\u00f6ren, magazin d\u00fcnyas\u0131n da b\u00fcy\u00fck yank\u0131 uyand\u0131rm\u0131\u015ft\u0131. \u0130rem Helvac\u0131o\u011flu\u2019nun sade gelinli\u011fi, do\u011fall\u0131\u011f\u0131 ve i\u00e7ten g\u00fcl\u00fcmsemesi sosyal medyada en \u00e7ok konu\u015fulan konulardan biri oldu.<\/p>\n<p><img loading=\"lazy\" decoding=\"async\" class=\"alignnone wp-image-164326\" src=\"https:\/\/www.tgrthaber.com\/mavikadin\/wp-content\/uploads\/haber-gorselleri-fotoshop-2025-04-18T153443.311-1024x576.jpg\" alt=\"\u0130rem Helvac\u0131o\u011flu ka\u00e7 ya\u015f\u0131nda? \u0130rem Helvac\u0131o\u011flu kiminle evlendi?\" width=\"1208\" height=\"680\" title=\"\" srcset=\"https:\/\/www.tgrthaber.com\/mavikadin\/wp-content\/uploads\/haber-gorselleri-fotoshop-2025-04-18T153443.311-1024x576.jpg 1024w, https:\/\/www.tgrthaber.com\/mavikadin\/wp-content\/uploads\/haber-gorselleri-fotoshop-2025-04-18T153443.311-300x169.jpg 300w, https:\/\/www.tgrthaber.com\/mavikadin\/wp-content\/uploads\/haber-gorselleri-fotoshop-2025-04-18T153443.311-768x432.jpg 768w, https:\/\/www.tgrthaber.com\/mavikadin\/wp-content\/uploads\/haber-gorselleri-fotoshop-2025-04-18T153443.311-1536x864.jpg 1536w, https:\/\/www.tgrthaber.com\/mavikadin\/wp-content\/uploads\/haber-gorselleri-fotoshop-2025-04-18T153443.311.jpg 1600w\" sizes=\"(max-width: 1208px) 100vw, 1208px\" \/><\/p>\n<hr \/>\n<p>\u0130rem Helvac\u0131o\u011flu, evlili\u011fiyle birlikte kariyerine de h\u0131z kesmeden devam ediyor. Son projelerinde farkl\u0131 karakterleri oynayarak oyunculuk yelpazesini geni\u015fleten Helvac\u0131o\u011flu, dijital platformlarda da s\u0131k\u00e7a yer almaya ba\u015flad\u0131. Hem romantik hem de dramatik rollerdeki ba\u015far\u0131s\u0131yla dikkat \u00e7eken oyuncu, sadece T\u00fcrkiye\u2019de de\u011fil, yurt d\u0131\u015f\u0131nda da hat\u0131r\u0131 say\u0131l\u0131r bir hayran kitlesine sahip oldu.<\/p>\n","protected":false},"excerpt":{"rendered":"<p>Ba\u015far\u0131l\u0131 oyuncu \u0130rem Helvac\u0131o\u011flu, bebek haberi ile g\u00fcndeme geldi. Bu haber sonras\u0131 \u0130rem Helvac\u0131o\u011flu, merak edilen isimlerden oldu. Peki, \u0130rem Helvac\u0131o\u011flu ka\u00e7 ya\u015f\u0131nda? \u0130rem Helvac\u0131o\u011flu kiminle evlendi? sorular\u0131n\u0131 sizler i\u00e7in ara\u015ft\u0131rd\u0131k. \u0130\u015fte, o detaylar\u2026<\/p>\n","protected":false},"author":34,"featured_media":164325,"comment_status":"closed","ping_status":"closed","sticky":false,"template":"","format":"standard","meta":{"rank_math_lock_modified_date":false,"footnotes":""},"categories":[491],"tags":[16521,3188,18474,18473,18472,3190],"class_list":["post-164313","post","type-post","status-publish","format-standard","has-post-thumbnail","hentry","category-biyografi","tag-biyografi-haberleri","tag-irem-helvacioglu","tag-irem-helvacioglu-kac-yasinda","tag-irem-helvacioglu-kiminle-evlendi","tag-irem-helvacioglu-ural-kaspar","tag-ural-kaspar"],"_links":{"self":[{"href":"https:\/\/www.tgrthaber.com\/mavikadin\/wp-json\/wp\/v2\/posts\/164313"}],"collection":[{"href":"https:\/\/www.tgrthaber.com\/mavikadin\/wp-json\/wp\/v2\/posts"}],"about":[{"href":"https:\/\/www.tgrthaber.com\/mavikadin\/wp-json\/wp\/v2\/types\/post"}],"author":[{"embeddable":true,"href":"https:\/\/www.tgrthaber.com\/mavikadin\/wp-json\/wp\/v2\/users\/34"}],"replies":[{"embeddable":true,"href":"https:\/\/www.tgrthaber.com\/mavikadin\/wp-json\/wp\/v2\/comments?post=164313"}],"version-history":[{"count":1,"href":"https:\/\/www.tgrthaber.com\/mavikadin\/wp-json\/wp\/v2\/posts\/164313\/revisions"}],"predecessor-version":[{"id":164327,"href":"https:\/\/www.tgrthaber.com\/mavikadin\/wp-json\/wp\/v2\/posts\/164313\/revisions\/164327"}],"wp:featuredmedia":[{"embeddable":true,"href":"https:\/\/www.tgrthaber.com\/mavikadin\/wp-json\/wp\/v2\/media\/164325"}],"wp:attachment":[{"href":"https:\/\/www.tgrthaber.com\/mavikadin\/wp-json\/wp\/v2\/media?parent=164313"}],"wp:term":[{"taxonomy":"category","embeddable":true,"href":"https:\/\/www.tgrthaber.com\/mavikadin\/wp-json\/wp\/v2\/categories?post=164313"},{"taxonomy":"post_tag","embeddable":true,"href":"https:\/\/www.tgrthaber.com\/mavikadin\/wp-json\/wp\/v2\/tags?post=164313"}],"curies":[{"name":"wp","href":"https:\/\/api.w.org\/{rel}","templated":true}]}}