{"id":167105,"date":"2025-04-24T12:10:23","date_gmt":"2025-04-24T09:10:23","guid":{"rendered":"https:\/\/www.tgrthaber.com\/mavikadin\/?p=167105"},"modified":"2025-04-24T12:10:23","modified_gmt":"2025-04-24T09:10:23","slug":"tigla-yapilan-ve-dunyaca-unlu-markalara-kafa-tutan-yaz-terlik-modelleri-2025","status":"publish","type":"post","link":"https:\/\/www.tgrthaber.com\/mavikadin\/tigla-yapilan-ve-dunyaca-unlu-markalara-kafa-tutan-yaz-terlik-modelleri-2025\/","title":{"rendered":"T\u0131\u011fla yap\u0131lan ve d\u00fcnyaca \u00fcnl\u00fc markalara kafa tutan yaz terlik modelleri 2025!"},"content":{"rendered":"<p>2025 y\u0131l\u0131na damga vuracak t\u0131\u011fla yap\u0131lan ve d\u00fcnyaca \u00fcnl\u00fc markalara kafa tutan yaz terlik modellerinin hangileri oldu\u011funu biliyor musunuz? Do\u011fall\u0131\u011f\u0131n git gide \u00f6n plana \u00e7\u0131kt\u0131\u011f\u0131 \u015fu d\u00f6nemde t\u0131\u011fla yap\u0131lan terlik modelleri yaz\u0131n kurtar\u0131c\u0131n\u0131z olmaya geliyor. Sizde bu yaz bir de\u011fi\u015fiklik yaparak t\u0131\u011fla yap\u0131lan terlik modellerine mutlaka bir \u015fans vermelisiniz. Sizde t\u0131\u011fla yap\u0131lan ve d\u00fcnyaca \u00fcnl\u00fc markalara kafa tutan yaz terlik modellerinin neler oldu\u011funu merak ediyorsan\u0131z, do\u011fru yerdesiniz. \u0130\u015fte t\u0131\u011fla yap\u0131lan ve d\u00fcnyaca \u00fcnl\u00fc markalara kafa tutan yaz terlik modelleri 2025\u2026<\/p>\n<h3>TI\u011eLA YAPILAN VE D\u00dcNYACA \u00dcNL\u00dc MARKALARA KAFA TUTAN YAZ TERL\u0130K MODELLER\u0130 2025!<\/h3>\n<p>T\u0131\u011fla yap\u0131lan ve d\u00fcnyaca \u00fcnl\u00fc markalara kafa tutan yaz terlik modelleriyle tan\u0131\u015fmaya haz\u0131r olun. 2025 yaz\u0131na damga vuran moda trendleri aras\u0131nda hi\u00e7 ku\u015fkusuz el eme\u011fi g\u00f6z nuru t\u0131\u011f terlikler \u00f6ne \u00e7\u0131k\u0131yor. \u00d6zg\u00fcn tasar\u0131mlar\u0131, s\u00fcrd\u00fcr\u00fclebilir yap\u0131s\u0131 ve ki\u015fiselle\u015ftirilebilir detaylar\u0131yla bu terlikler, art\u0131k yaln\u0131zca sahil kasabalar\u0131n\u0131n de\u011fil, d\u00fcnyaca \u00fcnl\u00fc markalar\u0131n da vazge\u00e7ilmezi haline geldi.<\/p>\n<p><img loading=\"lazy\" decoding=\"async\" class=\"alignnone wp-image-167125\" src=\"https:\/\/www.tgrthaber.com\/mavikadin\/wp-content\/uploads\/tigla-yapilan-terlik-2-1024x576.jpg\" alt=\"T\u0131\u011fla yap\u0131lan ve d\u00fcnyaca \u00fcnl\u00fc markalara kafa tutan yaz terlik modelleri 2025!\" width=\"1208\" height=\"680\" title=\"\" srcset=\"https:\/\/www.tgrthaber.com\/mavikadin\/wp-content\/uploads\/tigla-yapilan-terlik-2-1024x576.jpg 1024w, https:\/\/www.tgrthaber.com\/mavikadin\/wp-content\/uploads\/tigla-yapilan-terlik-2-300x169.jpg 300w, https:\/\/www.tgrthaber.com\/mavikadin\/wp-content\/uploads\/tigla-yapilan-terlik-2-768x432.jpg 768w, https:\/\/www.tgrthaber.com\/mavikadin\/wp-content\/uploads\/tigla-yapilan-terlik-2-1536x864.jpg 1536w, https:\/\/www.tgrthaber.com\/mavikadin\/wp-content\/uploads\/tigla-yapilan-terlik-2.jpg 1600w\" sizes=\"(max-width: 1208px) 100vw, 1208px\" \/><\/p>\n<hr \/>\n<p>Sizde do\u011fall\u0131\u011f\u0131n git gide etkisini art\u0131rd\u0131\u011f\u0131 \u015fu d\u00f6nemde tarz\u0131n\u0131zda de\u011fi\u015fiklik yapmak istiyorsan\u0131z, mutlaka t\u0131\u011fla yap\u0131lan yaz terlik modellerine bir \u015fans vermelisiniz. Havalar \u0131s\u0131n\u0131yor, yaz geliyor ve tatil planlar\u0131 yap\u0131l\u0131yor.<\/p>\n<p>Yaz tatilinin en \u00f6nemli par\u00e7alar\u0131ndan biri de terliklerdir. Terlikler hem tarz\u0131m\u0131z\u0131n yans\u0131mas\u0131na hem de kombinlerimizin do\u011fru bir \u015fekilde tamamlanmas\u0131na yard\u0131mc\u0131 olur. Sizde tercihinizi bu yaz t\u0131\u011fla yap\u0131lan terliklerden kullanmaya ne dersiniz? \u0130\u015fte t\u0131\u011fla yap\u0131lan ve d\u00fcnyaca \u00fcnl\u00fc markalara kafa tutan yaz terlik modelleri 2025\u2026<\/p>\n<p><img loading=\"lazy\" decoding=\"async\" class=\"alignnone wp-image-167126\" src=\"https:\/\/www.tgrthaber.com\/mavikadin\/wp-content\/uploads\/tigla-yapilan-terlik-5-1024x576.jpg\" alt=\"T\u0131\u011fla yap\u0131lan ve d\u00fcnyaca \u00fcnl\u00fc markalara kafa tutan yaz terlik modelleri 2025!\" width=\"1208\" height=\"680\" title=\"\" srcset=\"https:\/\/www.tgrthaber.com\/mavikadin\/wp-content\/uploads\/tigla-yapilan-terlik-5-1024x576.jpg 1024w, https:\/\/www.tgrthaber.com\/mavikadin\/wp-content\/uploads\/tigla-yapilan-terlik-5-300x169.jpg 300w, https:\/\/www.tgrthaber.com\/mavikadin\/wp-content\/uploads\/tigla-yapilan-terlik-5-768x432.jpg 768w, https:\/\/www.tgrthaber.com\/mavikadin\/wp-content\/uploads\/tigla-yapilan-terlik-5-1536x864.jpg 1536w, https:\/\/www.tgrthaber.com\/mavikadin\/wp-content\/uploads\/tigla-yapilan-terlik-5.jpg 1600w\" sizes=\"(max-width: 1208px) 100vw, 1208px\" \/><\/p>\n<hr \/>\n<h3>TI\u011eLA YAPILAN YAZ TERL\u0130K MODELLER\u0130 DO\u011eALLI\u011eI \u00d6N PLANA \u00c7IKARIYOR!<\/h3>\n<p>T\u0131\u011fla yap\u0131lan yaz terlik modelleri 2025 y\u0131l\u0131na damga vurmaya geliyor. G\u00fcn\u00fcm\u00fczde \u00f6rg\u00fc modas\u0131 pop\u00fclerli\u011fini art\u0131rmaya devam ediyor. \u00d6rg\u00fcden yap\u0131lan t\u00fcrl\u00fc \u00e7e\u015fit e\u015fyalara bir yenisi daha ekleniyor. Y\u0131llard\u0131r var olan fakat \u015fimdilerde yeniden g\u00fcn y\u00fcz\u00fcne \u00e7\u0131kan t\u0131\u011fla yap\u0131lan terlikler, 2025 yaz\u0131nda \u00e7ok tercih edilecek gibi duruyor.<\/p>\n<p><img loading=\"lazy\" decoding=\"async\" class=\"alignnone wp-image-167127\" src=\"https:\/\/www.tgrthaber.com\/mavikadin\/wp-content\/uploads\/tigla-yapilan-terlik-6-1024x576.jpg\" alt=\"T\u0131\u011fla yap\u0131lan ve d\u00fcnyaca \u00fcnl\u00fc markalara kafa tutan yaz terlik modelleri 2025!\" width=\"1208\" height=\"680\" title=\"\" srcset=\"https:\/\/www.tgrthaber.com\/mavikadin\/wp-content\/uploads\/tigla-yapilan-terlik-6-1024x576.jpg 1024w, https:\/\/www.tgrthaber.com\/mavikadin\/wp-content\/uploads\/tigla-yapilan-terlik-6-300x169.jpg 300w, https:\/\/www.tgrthaber.com\/mavikadin\/wp-content\/uploads\/tigla-yapilan-terlik-6-768x432.jpg 768w, https:\/\/www.tgrthaber.com\/mavikadin\/wp-content\/uploads\/tigla-yapilan-terlik-6-1536x864.jpg 1536w, https:\/\/www.tgrthaber.com\/mavikadin\/wp-content\/uploads\/tigla-yapilan-terlik-6.jpg 1600w\" sizes=\"(max-width: 1208px) 100vw, 1208px\" \/><\/p>\n<hr \/>\n<p>Bu yaz, do\u011fall\u0131ktan ilham alan t\u0131\u011f i\u015fi yaz terlikleri, sadece konfor sunmakla kalm\u0131yor ayn\u0131 zamanda stil sahibi kad\u0131nlar\u0131n da yeni g\u00f6zdesi oluyor. %100 pamuk ya da keten iplerle haz\u0131rlanan bu modeller hem aya\u011f\u0131 terletmiyor hem de \u00e7evre dostu olu\u015flar\u0131yla dikkat \u00e7ekiyor.<\/p>\n<h3>TI\u011eLA YAPILAN YAZ TERL\u0130K MODELLER\u0130 2025!<\/h3>\n<p><strong>Makrome Dokulu Parmak Aras\u0131 Terlikler<\/strong>: Bohem stilin modern yorumu olarak kar\u015f\u0131m\u0131za \u00e7\u0131k\u0131yor.<\/p>\n<p><img loading=\"lazy\" decoding=\"async\" class=\"alignnone wp-image-167129\" src=\"https:\/\/www.tgrthaber.com\/mavikadin\/wp-content\/uploads\/tigla-yapilan-terlik-4-1024x576.jpg\" alt=\"T\u0131\u011fla yap\u0131lan ve d\u00fcnyaca \u00fcnl\u00fc markalara kafa tutan yaz terlik modelleri 2025!\" width=\"1208\" height=\"680\" title=\"\" srcset=\"https:\/\/www.tgrthaber.com\/mavikadin\/wp-content\/uploads\/tigla-yapilan-terlik-4-1024x576.jpg 1024w, https:\/\/www.tgrthaber.com\/mavikadin\/wp-content\/uploads\/tigla-yapilan-terlik-4-300x169.jpg 300w, https:\/\/www.tgrthaber.com\/mavikadin\/wp-content\/uploads\/tigla-yapilan-terlik-4-768x432.jpg 768w, https:\/\/www.tgrthaber.com\/mavikadin\/wp-content\/uploads\/tigla-yapilan-terlik-4-1536x864.jpg 1536w, https:\/\/www.tgrthaber.com\/mavikadin\/wp-content\/uploads\/tigla-yapilan-terlik-4.jpg 1600w\" sizes=\"(max-width: 1208px) 100vw, 1208px\" \/><\/p>\n<hr \/>\n<p><strong>Platform Tabanl\u0131 T\u0131\u011f Terlikler<\/strong>: \u015e\u0131kl\u0131k ve rahatl\u0131\u011f\u0131 ayn\u0131 potada eriten modeller 2025 yaz\u0131na damga vurmaya geliyor.<\/p>\n<p><img loading=\"lazy\" decoding=\"async\" class=\"alignnone wp-image-167130\" src=\"https:\/\/www.tgrthaber.com\/mavikadin\/wp-content\/uploads\/tigla-yapilan-terlik-3-1024x576.jpg\" alt=\"T\u0131\u011fla yap\u0131lan ve d\u00fcnyaca \u00fcnl\u00fc markalara kafa tutan yaz terlik modelleri 2025!\" width=\"1208\" height=\"680\" title=\"\" srcset=\"https:\/\/www.tgrthaber.com\/mavikadin\/wp-content\/uploads\/tigla-yapilan-terlik-3-1024x576.jpg 1024w, https:\/\/www.tgrthaber.com\/mavikadin\/wp-content\/uploads\/tigla-yapilan-terlik-3-300x169.jpg 300w, https:\/\/www.tgrthaber.com\/mavikadin\/wp-content\/uploads\/tigla-yapilan-terlik-3-768x432.jpg 768w, https:\/\/www.tgrthaber.com\/mavikadin\/wp-content\/uploads\/tigla-yapilan-terlik-3-1536x864.jpg 1536w, https:\/\/www.tgrthaber.com\/mavikadin\/wp-content\/uploads\/tigla-yapilan-terlik-3.jpg 1600w\" sizes=\"(max-width: 1208px) 100vw, 1208px\" \/><\/p>\n<hr \/>\n<p><strong>Renk Bloklu Vintage Terlikler<\/strong>: 70\u2019ler ruhunu yans\u0131tan retro detaylar bu y\u0131l\u0131n g\u00f6zdesi olacak.<\/p>\n<p><img loading=\"lazy\" decoding=\"async\" class=\"alignnone wp-image-167131\" src=\"https:\/\/www.tgrthaber.com\/mavikadin\/wp-content\/uploads\/tigla-yapilan-terlik-7-1024x576.jpg\" alt=\"T\u0131\u011fla yap\u0131lan ve d\u00fcnyaca \u00fcnl\u00fc markalara kafa tutan yaz terlik modelleri 2025!\" width=\"1208\" height=\"680\" title=\"\" srcset=\"https:\/\/www.tgrthaber.com\/mavikadin\/wp-content\/uploads\/tigla-yapilan-terlik-7-1024x576.jpg 1024w, https:\/\/www.tgrthaber.com\/mavikadin\/wp-content\/uploads\/tigla-yapilan-terlik-7-300x169.jpg 300w, https:\/\/www.tgrthaber.com\/mavikadin\/wp-content\/uploads\/tigla-yapilan-terlik-7-768x432.jpg 768w, https:\/\/www.tgrthaber.com\/mavikadin\/wp-content\/uploads\/tigla-yapilan-terlik-7-1536x864.jpg 1536w, https:\/\/www.tgrthaber.com\/mavikadin\/wp-content\/uploads\/tigla-yapilan-terlik-7.jpg 1600w\" sizes=\"(max-width: 1208px) 100vw, 1208px\" \/><\/p>\n<hr \/>\n<p><strong>Ki\u015fiye \u00d6zel Tasar\u0131mlar<\/strong>: Kullan\u0131c\u0131n\u0131n ismine \u00f6zel i\u015flenen modeller bu y\u0131l\u0131n favorisi olarak kar\u015f\u0131m\u0131za \u00e7\u0131k\u0131yor.<\/p>\n<p>T\u0131\u011fla yap\u0131lan yaz terlikleri, yaln\u0131zca bir yaz aksesuar\u0131 olmaktan \u00e7\u0131k\u0131yor. Bu terlikler, sade, \u00f6zg\u00fcn ve do\u011fal bir hayat tarz\u0131n\u0131 benimseyen her kad\u0131n\u0131n sembol\u00fc oluyor. El eme\u011fi, g\u00f6z nuru bu tasar\u0131mlar d\u00fcnyaca \u00fcnl\u00fc markalara da kafa tutuyor. Do\u011fall\u0131\u011f\u0131n pop\u00fclerli\u011fini art\u0131rd\u0131\u011f\u0131 bu d\u00f6nemde bir\u00e7ok \u00fcnl\u00fc marka t\u0131\u011fla yap\u0131lan yaz terlik modellerini tercih ediyor.<\/p>\n","protected":false},"excerpt":{"rendered":"<p>Son zamanlarda t\u0131\u011fla yap\u0131lan el eme\u011fi g\u00f6z nuru e\u015fyalar olduk\u00e7a pop\u00fclerli\u011fini art\u0131rm\u0131\u015f durumda. Sizde t\u0131\u011fla yap\u0131lan ve d\u00fcnyaca \u00fcnl\u00fc markalara kafa tutan yaz terlik modellerinin neler oldu\u011funu merak ediyorsan\u0131z, do\u011fru yerdesiniz. \u0130\u015fte t\u0131\u011fla yap\u0131lan ve d\u00fcnyaca \u00fcnl\u00fc markalara kafa tutan yaz terlik modelleri 2025\u2026<\/p>\n","protected":false},"author":26,"featured_media":167124,"comment_status":"closed","ping_status":"closed","sticky":false,"template":"","format":"standard","meta":{"rank_math_lock_modified_date":false,"footnotes":""},"categories":[1797],"tags":[19129,19127,19126],"class_list":["post-167105","post","type-post","status-publish","format-standard","has-post-thumbnail","hentry","category-orgu-hobi","tag-orgu-haberleri","tag-terlik","tag-tigla-yapilan-yaz-terlik-modelleri"],"_links":{"self":[{"href":"https:\/\/www.tgrthaber.com\/mavikadin\/wp-json\/wp\/v2\/posts\/167105"}],"collection":[{"href":"https:\/\/www.tgrthaber.com\/mavikadin\/wp-json\/wp\/v2\/posts"}],"about":[{"href":"https:\/\/www.tgrthaber.com\/mavikadin\/wp-json\/wp\/v2\/types\/post"}],"author":[{"embeddable":true,"href":"https:\/\/www.tgrthaber.com\/mavikadin\/wp-json\/wp\/v2\/users\/26"}],"replies":[{"embeddable":true,"href":"https:\/\/www.tgrthaber.com\/mavikadin\/wp-json\/wp\/v2\/comments?post=167105"}],"version-history":[{"count":2,"href":"https:\/\/www.tgrthaber.com\/mavikadin\/wp-json\/wp\/v2\/posts\/167105\/revisions"}],"predecessor-version":[{"id":167133,"href":"https:\/\/www.tgrthaber.com\/mavikadin\/wp-json\/wp\/v2\/posts\/167105\/revisions\/167133"}],"wp:featuredmedia":[{"embeddable":true,"href":"https:\/\/www.tgrthaber.com\/mavikadin\/wp-json\/wp\/v2\/media\/167124"}],"wp:attachment":[{"href":"https:\/\/www.tgrthaber.com\/mavikadin\/wp-json\/wp\/v2\/media?parent=167105"}],"wp:term":[{"taxonomy":"category","embeddable":true,"href":"https:\/\/www.tgrthaber.com\/mavikadin\/wp-json\/wp\/v2\/categories?post=167105"},{"taxonomy":"post_tag","embeddable":true,"href":"https:\/\/www.tgrthaber.com\/mavikadin\/wp-json\/wp\/v2\/tags?post=167105"}],"curies":[{"name":"wp","href":"https:\/\/api.w.org\/{rel}","templated":true}]}}