{"id":167613,"date":"2025-04-25T10:30:48","date_gmt":"2025-04-25T07:30:48","guid":{"rendered":"https:\/\/www.tgrthaber.com\/mavikadin\/?p=167613"},"modified":"2025-04-25T10:33:13","modified_gmt":"2025-04-25T07:33:13","slug":"aras-bulut-iynemli-esref-ruya-dizisine-mi-geliyor-icerde-dizisinin-sevilen-ikilisi-yillar-sonra-bir-arada","status":"publish","type":"post","link":"https:\/\/www.tgrthaber.com\/mavikadin\/aras-bulut-iynemli-esref-ruya-dizisine-mi-geliyor-icerde-dizisinin-sevilen-ikilisi-yillar-sonra-bir-arada\/","title":{"rendered":"Aras Bulut \u0130ynemli E\u015fref R\u00fcya dizisine mi geliyor? \u0130\u00e7erde dizisinin sevilen ikilisi y\u0131llar sonra bir arada"},"content":{"rendered":"<p>Aras Bulut \u0130ynemli seneler \u00f6nce \u0130\u00e7erde dizisinde birlikte oynad\u0131\u011f\u0131 \u00c7a\u011fatay Ulusoy ile E\u015fref R\u00fcya\u2019da bir araya geliyor. Diziye bu sezonda dahil olaca\u011f\u0131 iddia edilen \u0130ynemli\u2019nin rol\u00fcn\u00fcn uzun s\u00fcre haf\u0131zalardan silinmeyece\u011fi konu\u015fuluyor.<\/p>\n<h3>ARAS BULUT \u0130YNEML\u0130 E\u015eREF R\u00dcYA D\u0130Z\u0130S\u0130NE M\u0130 GEL\u0130YOR?<\/h3>\n<p>Deha dizisinin final yapaca\u011f\u0131 iddialar\u0131ndan sonra Aras Bulut \u0130ynemli\u2019nin yeni dizisi g\u00fcndem oldu. \u0130ynemli\u2019nin \u00c7a\u011fatay Ulusoy ile E\u015fref R\u00fcya\u2019da birlikte oynayacaklar\u0131 iddia edildi.<\/p>\n<p><img loading=\"lazy\" decoding=\"async\" class=\"alignnone size-full wp-image-167635\" src=\"https:\/\/www.tgrthaber.com\/mavikadin\/wp-content\/uploads\/Aras-Bulut-1.png\" alt=\"\" width=\"1208\" height=\"680\" title=\"\" srcset=\"https:\/\/www.tgrthaber.com\/mavikadin\/wp-content\/uploads\/Aras-Bulut-1.png 1208w, https:\/\/www.tgrthaber.com\/mavikadin\/wp-content\/uploads\/Aras-Bulut-1-300x169.png 300w, https:\/\/www.tgrthaber.com\/mavikadin\/wp-content\/uploads\/Aras-Bulut-1-1024x576.png 1024w, https:\/\/www.tgrthaber.com\/mavikadin\/wp-content\/uploads\/Aras-Bulut-1-768x432.png 768w\" sizes=\"(max-width: 1208px) 100vw, 1208px\" \/><\/p>\n<hr \/>\n<h3>TAL\u0130HS\u0130Z KAZA SONRASI SETLERE D\u00d6ND\u00dc<\/h3>\n<p>Deha\u2019n\u0131n ba\u015far\u0131l\u0131 oyuncusu Aras Bulut \u0130ynemli sette ya\u015fad\u0131\u011f\u0131 talihsiz kaza nedeniyle ilk kez koltuk de\u011fnekleriyle g\u00f6r\u00fcnt\u00fclendi. Aksiyon sahnesi \u00e7ekimleri s\u0131ras\u0131nda aya\u011f\u0131n\u0131 burkan \u00fcnl\u00fc ismin yap\u0131lan kontroller sonucunda ayak bile\u011finde k\u0131r\u0131k oldu\u011fu anla\u015f\u0131ld\u0131. Aya\u011f\u0131nda k\u0131r\u0131k oldu\u011fu anla\u015f\u0131ld\u0131ktan hemen sonra ameliyata al\u0131nan \u0130ynemli, sosyal medya hesab\u0131ndan kendisini merak eden takip\u00e7ilerine te\u015fekk\u00fcr ederek, \u201cAllah beterinden korusun. Ge\u00e7mi\u015f olsun dilekleriniz i\u00e7in \u00e7ok te\u015fekk\u00fcr ederim\u201d \u015feklinde konu\u015ftu. Dinlenme s\u00fcrecinden sonra setlere d\u00f6nen oyuncu koltuk de\u011fnekleriyle arabas\u0131ndan inerken g\u00f6r\u00fcnt\u00fclendi. \u0130ynemli\u2019nin sa\u011fl\u0131k durumuna ra\u011fmen keyifli hali sosyal medyada be\u011feni toplad\u0131.<\/p>\n<p><img loading=\"lazy\" decoding=\"async\" class=\"alignnone size-full wp-image-167638\" src=\"https:\/\/www.tgrthaber.com\/mavikadin\/wp-content\/uploads\/Aras-Bulut-2.png\" alt=\"\" width=\"1208\" height=\"680\" title=\"\" srcset=\"https:\/\/www.tgrthaber.com\/mavikadin\/wp-content\/uploads\/Aras-Bulut-2.png 1208w, https:\/\/www.tgrthaber.com\/mavikadin\/wp-content\/uploads\/Aras-Bulut-2-300x169.png 300w, https:\/\/www.tgrthaber.com\/mavikadin\/wp-content\/uploads\/Aras-Bulut-2-1024x576.png 1024w, https:\/\/www.tgrthaber.com\/mavikadin\/wp-content\/uploads\/Aras-Bulut-2-768x432.png 768w\" sizes=\"(max-width: 1208px) 100vw, 1208px\" \/><\/p>\n<hr \/>\n<h3>KOLTUK DE\u011eNEKLER\u0130YLE G\u00d6R\u00dcNT\u00dcLEND\u0130<\/h3>\n<p>Aras Bulut \u0130ynemli arabas\u0131ndan inerken koltuk de\u011fnekleriyle g\u00f6r\u00fcnt\u00fclendi. Her zamanki enerjisiyle dikkat \u00e7eken \u00fcnl\u00fc oyuncu, ya\u015fad\u0131\u011f\u0131 fiziksel zorluklara ra\u011fmen ne\u015fesinden bir \u015fey kaybetmedi\u011fini g\u00f6sterdi.<\/p>\n<p>Sosyal medyada bir\u00e7ok kullan\u0131c\u0131, \u201cGer\u00e7ek bir oyuncu b\u00f6yle olur\u201d, \u201cZorluklara ra\u011fmen b\u0131rakmad\u0131, helal olsun\u201d gibi yorumlarla \u0130ynemli\u2019ye destek oldu.<\/p>\n<p>Setlerdeki yo\u011fun \u00e7al\u0131\u015fma temposu s\u00fcrekli devam eden \u0130ynemli, fizik tedavi s\u00fcrecine de set \u00e7al\u0131\u015fmas\u0131na da birlikte devam ediyor. \u0130ynemli\u2019nin takip\u00e7ileri ve yak\u0131n dostlar\u0131 da onun tamamen sa\u011fl\u0131\u011f\u0131na kavu\u015fmas\u0131n\u0131 temenni ediyor.<\/p>\n<p><img loading=\"lazy\" decoding=\"async\" class=\"alignnone size-full wp-image-167640\" src=\"https:\/\/www.tgrthaber.com\/mavikadin\/wp-content\/uploads\/Aras-Bulut-5.png\" alt=\"\" width=\"1208\" height=\"680\" title=\"\" srcset=\"https:\/\/www.tgrthaber.com\/mavikadin\/wp-content\/uploads\/Aras-Bulut-5.png 1208w, https:\/\/www.tgrthaber.com\/mavikadin\/wp-content\/uploads\/Aras-Bulut-5-300x169.png 300w, https:\/\/www.tgrthaber.com\/mavikadin\/wp-content\/uploads\/Aras-Bulut-5-1024x576.png 1024w, https:\/\/www.tgrthaber.com\/mavikadin\/wp-content\/uploads\/Aras-Bulut-5-768x432.png 768w\" sizes=\"(max-width: 1208px) 100vw, 1208px\" \/><\/p>\n<hr \/>\n<h3>ARAS BULUT \u0130YNEML\u0130 K\u0130MD\u0130R?<\/h3>\n<p>Aras Bulut \u0130ynemli 1990 y\u0131l\u0131nda \u0130stanbul\u2019da d\u00fcnyaya geldi. Sanatla i\u00e7 i\u00e7e bir ailede b\u00fcy\u00fcyen \u00fcnl\u00fc ismin abisi tiyatrocu, ablas\u0131 ise ses sanat\u00e7\u0131s\u0131d\u0131r.E\u011fitimini Be\u015fikta\u015f Anadolu Lisesi\u2019nde tamamlayan \u0130ynemli daha sonra \u0130stanbul Teknik \u00dcniversitesi\u2019nde U\u00e7ak M\u00fchendisli\u011fi e\u011fitimi ald\u0131.<\/p>\n<p>\u0130ynemli, Patos reklam\u0131yla tan\u0131nd\u0131ktan sonra \u2018\u00d6yle Bir Ge\u00e7er Zaman ki\u2019 dizisinin se\u00e7melerine kat\u0131ld\u0131 ve Mete karakteriyle oyunculuk kariyerine ba\u015flad\u0131.<\/p>\n","protected":false},"excerpt":{"rendered":"<p>Aras Bulut \u0130ynemli E\u015fref R\u00fcya dizisine mi geliyor? merak ediliyor. Deha dizisinin final yapaca\u011f\u0131 iddialar\u0131ndan sonra Aras Bulut \u0130ynemli\u2019nin yeni dizisi g\u00fcndeme geldi.<\/p>\n","protected":false},"author":5,"featured_media":167641,"comment_status":"closed","ping_status":"closed","sticky":false,"template":"","format":"standard","meta":{"rank_math_lock_modified_date":false,"footnotes":""},"categories":[602],"tags":[2793,2628,4755,19249],"class_list":["post-167613","post","type-post","status-publish","format-standard","has-post-thumbnail","hentry","category-diziler","tag-aras-bulut-iynemli","tag-dizi-haberleri","tag-esref-ruya","tag-icerde"],"_links":{"self":[{"href":"https:\/\/www.tgrthaber.com\/mavikadin\/wp-json\/wp\/v2\/posts\/167613"}],"collection":[{"href":"https:\/\/www.tgrthaber.com\/mavikadin\/wp-json\/wp\/v2\/posts"}],"about":[{"href":"https:\/\/www.tgrthaber.com\/mavikadin\/wp-json\/wp\/v2\/types\/post"}],"author":[{"embeddable":true,"href":"https:\/\/www.tgrthaber.com\/mavikadin\/wp-json\/wp\/v2\/users\/5"}],"replies":[{"embeddable":true,"href":"https:\/\/www.tgrthaber.com\/mavikadin\/wp-json\/wp\/v2\/comments?post=167613"}],"version-history":[{"count":2,"href":"https:\/\/www.tgrthaber.com\/mavikadin\/wp-json\/wp\/v2\/posts\/167613\/revisions"}],"predecessor-version":[{"id":167646,"href":"https:\/\/www.tgrthaber.com\/mavikadin\/wp-json\/wp\/v2\/posts\/167613\/revisions\/167646"}],"wp:featuredmedia":[{"embeddable":true,"href":"https:\/\/www.tgrthaber.com\/mavikadin\/wp-json\/wp\/v2\/media\/167641"}],"wp:attachment":[{"href":"https:\/\/www.tgrthaber.com\/mavikadin\/wp-json\/wp\/v2\/media?parent=167613"}],"wp:term":[{"taxonomy":"category","embeddable":true,"href":"https:\/\/www.tgrthaber.com\/mavikadin\/wp-json\/wp\/v2\/categories?post=167613"},{"taxonomy":"post_tag","embeddable":true,"href":"https:\/\/www.tgrthaber.com\/mavikadin\/wp-json\/wp\/v2\/tags?post=167613"}],"curies":[{"name":"wp","href":"https:\/\/api.w.org\/{rel}","templated":true}]}}