{"id":181406,"date":"2025-05-22T17:17:21","date_gmt":"2025-05-22T14:17:21","guid":{"rendered":"https:\/\/www.tgrthaber.com\/mavikadin\/?p=181406"},"modified":"2025-05-22T17:17:21","modified_gmt":"2025-05-22T14:17:21","slug":"orduda-ev-kadinlari-sanatlariyla-gorucuye-cikti-el-emegi-urunlerini-sergilediler","status":"publish","type":"post","link":"https:\/\/www.tgrthaber.com\/mavikadin\/orduda-ev-kadinlari-sanatlariyla-gorucuye-cikti-el-emegi-urunlerini-sergilediler\/","title":{"rendered":"Ordu\u2019da ev kad\u0131nlar\u0131 sanatlar\u0131yla g\u00f6r\u00fcc\u00fcye \u00e7\u0131kt\u0131! El eme\u011fi \u00fcr\u00fcnlerini sergilediler"},"content":{"rendered":"<p>Ordu&#8217;nun \u00dcnye il\u00e7esinde M\u00fcr\u00fcvvet Vidinli Halk E\u011fitimi Merkezi ile Meslek ve Sanat E\u011fitimi Kurslar\u0131 i\u015f birli\u011fi ev kad\u0131nlar\u0131n\u0131n bir y\u0131ll\u0131k \u00e7al\u0131\u015fmalar\u0131 sonucunda el sanatlar\u0131 sergisi a\u00e7\u0131ld\u0131.<\/p>\n<h3>ORDU\u2019DA EV KADINLARI SANATLARIYLA G\u00d6R\u00dcC\u00dcYE \u00c7IKTI!<\/h3>\n<p>\u00dcnye M\u00fcr\u00fcvvet Vidinli Halk E\u011fitimi Merkezi ile \u00dcnye Meslek ve Sanat E\u011fitimi Kurslar\u0131nda e\u011fitim g\u00f6ren kursiyerler, 72 usta \u00f6\u011freticilerinin \u00f6nc\u00fcl\u00fc\u011f\u00fcnde bir y\u0131l boyunca haz\u0131rlad\u0131klar\u0131 el sanatlar\u0131n\u0131 g\u00f6r\u00fcc\u00fcye \u00e7\u0131kard\u0131. Atat\u00fcrk Park\u0131 Sosyal Tesisleri&#8217;nde d\u00fczenlenen programda giyim, \u00e7ocuk geli\u015fimi, \u00e7ini, seramik, ke\u00e7e, \u00f6rg\u00fc, nak\u0131\u015f, tak\u0131 ve kuyumculuk alanlar\u0131ndan olu\u015fan ev kad\u0131nlar\u0131n\u0131n el sanatlar\u0131 sergisi yo\u011fun ilgi g\u00f6rd\u00fc.<\/p>\n<p><img loading=\"lazy\" decoding=\"async\" class=\"alignnone size-full wp-image-181407\" src=\"https:\/\/www.tgrthaber.com\/mavikadin\/wp-content\/uploads\/Ordu-1.png\" alt=\"\" width=\"1208\" height=\"680\" title=\"\" srcset=\"https:\/\/www.tgrthaber.com\/mavikadin\/wp-content\/uploads\/Ordu-1.png 1208w, https:\/\/www.tgrthaber.com\/mavikadin\/wp-content\/uploads\/Ordu-1-300x169.png 300w, https:\/\/www.tgrthaber.com\/mavikadin\/wp-content\/uploads\/Ordu-1-1024x576.png 1024w, https:\/\/www.tgrthaber.com\/mavikadin\/wp-content\/uploads\/Ordu-1-768x432.png 768w\" sizes=\"(max-width: 1208px) 100vw, 1208px\" \/><\/p>\n<hr \/>\n<h3>&#8220;SERG\u0130DE HER \u00dcR\u00dcN\u00dcN B\u0130R HAYAT H\u0130KAYES\u0130 VAR&#8221;<\/h3>\n<p>A\u00e7\u0131lan el sanatlar\u0131 sergisinde her \u00fcr\u00fcn\u00fcn sab\u0131rla i\u015flendi\u011fi anlara ve her motifin y\u00fcreklerdeki hayallere \u015fahitlik etti\u011fini vurgulayan \u00dcnye M\u00fcr\u00fcvvet Vidinli Halk E\u011fitimi Merkezi M\u00fcd\u00fcr\u00fc Mustafa Bilgin, &#8220;Bu sergide her bir k\u00f6\u015fe bir hayat hikayesinin sessiz tan\u0131\u011f\u0131d\u0131r, her \u00fcr\u00fcn\u00fcn sab\u0131rla i\u015flendi\u011fi anlara, her motif bir y\u00fcre\u011fin sakince att\u0131\u011f\u0131 hayallere \u015fahitlik eder. Burada sadece el eme\u011fi, g\u00f6z nuru \u00fcr\u00fcnler de\u011fil, ayn\u0131 zamanda insan\u0131n kendini yeniden ke\u015ffetme azmi vard\u0131r. Her \u00fcr\u00fcn g\u00f6r\u00fcnenden fazlas\u0131n\u0131 i\u00e7inde ta\u015f\u0131r. Bir annenin \u00e7ocu\u011funa daha iyi bir gelecek sunma arzusu, bir gencin hayata tutunma m\u00fccadelesi bu detaylarda gizlidir. Sergimize att\u0131\u011f\u0131n\u0131z her ad\u0131mda yaln\u0131zca sanatla de\u011fil ayn\u0131 zamanda insan ruhunun derinli\u011fiyle, dayan\u0131\u015fman\u0131n g\u00fcc\u00fcyle, umutla, yo\u011frulmu\u015f bir yolculukla kar\u015f\u0131la\u015facaks\u0131n\u0131z&#8221; dedi.<\/p>\n<p><img loading=\"lazy\" decoding=\"async\" class=\"alignnone size-full wp-image-181408\" src=\"https:\/\/www.tgrthaber.com\/mavikadin\/wp-content\/uploads\/Ordu-4.png\" alt=\"\" width=\"1208\" height=\"680\" title=\"\" srcset=\"https:\/\/www.tgrthaber.com\/mavikadin\/wp-content\/uploads\/Ordu-4.png 1208w, https:\/\/www.tgrthaber.com\/mavikadin\/wp-content\/uploads\/Ordu-4-300x169.png 300w, https:\/\/www.tgrthaber.com\/mavikadin\/wp-content\/uploads\/Ordu-4-1024x576.png 1024w, https:\/\/www.tgrthaber.com\/mavikadin\/wp-content\/uploads\/Ordu-4-768x432.png 768w\" sizes=\"(max-width: 1208px) 100vw, 1208px\" \/><\/p>\n<hr \/>\n<p>Programda \u00dcnye Cumhuriyet Ba\u015fsavc\u0131s\u0131 Hayri Ormanc\u0131, \u00dcnye \u0130l\u00e7e Milli E\u011fitim M\u00fcd\u00fcr\u00fc Murtaza Alan, \u00dcnye \u0130l\u00e7e M\u00fcft\u00fcs\u00fc Ali Fuat Baycan, \u00dcnye Belediye Ba\u015fkan Vekili Orhan G\u00fcrel ve kat\u0131l\u0131mc\u0131lar taraf\u0131ndan a\u00e7\u0131l\u0131\u015f kurdelesi kesildi. Sergiye kat\u0131lanlar el sanatlar\u0131 \u00fcr\u00fcnleri stantlar\u0131n\u0131 tek tek gezerek incelemelerde bulundu.<\/p>\n","protected":false},"excerpt":{"rendered":"<p>Ordu\u2019da ev kad\u0131nlar\u0131 el eme\u011fi \u00fcr\u00fcnleriyle g\u00f6r\u00fcc\u00fcye \u00e7\u0131kt\u0131. Ordu&#8217;nun \u00dcnye il\u00e7esinde M\u00fcr\u00fcvvet Vidinli Halk E\u011fitimi Merkezi ile Meslek ve Sanat E\u011fitimi Kurslar\u0131 i\u015f birli\u011fi ile ev kad\u0131nlar\u0131n\u0131n \u00e7al\u0131\u015fmalar\u0131 sergilendi.<\/p>\n","protected":false},"author":5,"featured_media":181409,"comment_status":"closed","ping_status":"closed","sticky":false,"template":"","format":"standard","meta":{"rank_math_lock_modified_date":false,"footnotes":""},"categories":[2149],"tags":[3455,22459,22458,22460],"class_list":["post-181406","post","type-post","status-publish","format-standard","has-post-thumbnail","hentry","category-guclu-kadin","tag-guclu-kadin","tag-halk-egitimi-merkezi","tag-ordu-sanat","tag-unye-cumhuriyet-bassavcisi"],"_links":{"self":[{"href":"https:\/\/www.tgrthaber.com\/mavikadin\/wp-json\/wp\/v2\/posts\/181406"}],"collection":[{"href":"https:\/\/www.tgrthaber.com\/mavikadin\/wp-json\/wp\/v2\/posts"}],"about":[{"href":"https:\/\/www.tgrthaber.com\/mavikadin\/wp-json\/wp\/v2\/types\/post"}],"author":[{"embeddable":true,"href":"https:\/\/www.tgrthaber.com\/mavikadin\/wp-json\/wp\/v2\/users\/5"}],"replies":[{"embeddable":true,"href":"https:\/\/www.tgrthaber.com\/mavikadin\/wp-json\/wp\/v2\/comments?post=181406"}],"version-history":[{"count":1,"href":"https:\/\/www.tgrthaber.com\/mavikadin\/wp-json\/wp\/v2\/posts\/181406\/revisions"}],"predecessor-version":[{"id":181410,"href":"https:\/\/www.tgrthaber.com\/mavikadin\/wp-json\/wp\/v2\/posts\/181406\/revisions\/181410"}],"wp:featuredmedia":[{"embeddable":true,"href":"https:\/\/www.tgrthaber.com\/mavikadin\/wp-json\/wp\/v2\/media\/181409"}],"wp:attachment":[{"href":"https:\/\/www.tgrthaber.com\/mavikadin\/wp-json\/wp\/v2\/media?parent=181406"}],"wp:term":[{"taxonomy":"category","embeddable":true,"href":"https:\/\/www.tgrthaber.com\/mavikadin\/wp-json\/wp\/v2\/categories?post=181406"},{"taxonomy":"post_tag","embeddable":true,"href":"https:\/\/www.tgrthaber.com\/mavikadin\/wp-json\/wp\/v2\/tags?post=181406"}],"curies":[{"name":"wp","href":"https:\/\/api.w.org\/{rel}","templated":true}]}}