{"id":181607,"date":"2025-05-23T10:28:21","date_gmt":"2025-05-23T07:28:21","guid":{"rendered":"https:\/\/www.tgrthaber.com\/mavikadin\/?p=181607"},"modified":"2025-05-23T10:28:22","modified_gmt":"2025-05-23T07:28:22","slug":"tekstil-tasarimcisi-lutfiye-donmez-evini-uretim-merkezine-cevirdi-atolyesi-olmadan-girisimcilige-atildi","status":"publish","type":"post","link":"https:\/\/www.tgrthaber.com\/mavikadin\/tekstil-tasarimcisi-lutfiye-donmez-evini-uretim-merkezine-cevirdi-atolyesi-olmadan-girisimcilige-atildi\/","title":{"rendered":"Tekstil tasar\u0131mc\u0131s\u0131 L\u00fctfiye D\u00f6nmez evini \u00fcretim merkezine \u00e7evirdi! At\u00f6lyesi olmadan giri\u015fimcili\u011fe at\u0131ld\u0131"},"content":{"rendered":"<p>Tekstil tasar\u0131mc\u0131s\u0131 olarak faaliyet g\u00f6steren L\u00fctfiye D\u00f6nmez, evini \u00fcretim merkezine \u00e7evirdi. At\u00f6lyesi olmadan giri\u015fimcili\u011fe at\u0131lan L\u00fctfiye D\u00f6nmez, evinin bir odas\u0131nda \u00fcretim yaparak kendi markas\u0131n\u0131 kurdu. L\u00fctfiye D\u00f6nmez, at\u00f6lyesi olmadan ba\u015flad\u0131\u011f\u0131 bu i\u015fe kendi markas\u0131n\u0131 kurarak giri\u015fimcilik hikayesini yazd\u0131. \u0130\u015fte L\u00fctfiye D\u00f6nmez\u2019in evdeki \u00fcretimden markaya uzanan giri\u015fimcilik hikayesi\u2026<\/p>\n<h3>TEKST\u0130L TASARIMCISI L\u00dcTF\u0130YE D\u00d6NMEZ EV\u0130N\u0130 \u00dcRET\u0130M MERKEZ\u0130NE \u00c7EV\u0130RD\u0130!<\/h3>\n<p>Eski\u015fehir\u2019de tekstil tasar\u0131mc\u0131s\u0131 olan L\u00fctfiye D\u00f6nmez evinin bir odas\u0131n\u0131 \u00fcretim merkezine \u00e7evirerek giri\u015fimcili\u011fe at\u0131ld\u0131. L\u00fctfiye D\u00f6nmez, at\u00f6lyesi olmadan evde \u00fcretim yaparak marka kurdu\u011funu ve kendini daha \u00e7ok geli\u015ftirmek istedi\u011fini dile getirdi.<\/p>\n<p><img loading=\"lazy\" decoding=\"async\" class=\"alignnone wp-image-181614\" src=\"https:\/\/www.tgrthaber.com\/mavikadin\/wp-content\/uploads\/Lutfiye-Donmez-1024x576.jpg\" alt=\"Tekstil tasar\u0131mc\u0131s\u0131 L\u00fctfiye D\u00f6nmez evini \u00fcretim merkezine \u00e7evirdi! At\u00f6lyesi olmadan giri\u015fimcili\u011fe at\u0131ld\u0131 \" width=\"1208\" height=\"680\" title=\"\" srcset=\"https:\/\/www.tgrthaber.com\/mavikadin\/wp-content\/uploads\/Lutfiye-Donmez-1024x576.jpg 1024w, https:\/\/www.tgrthaber.com\/mavikadin\/wp-content\/uploads\/Lutfiye-Donmez-300x169.jpg 300w, https:\/\/www.tgrthaber.com\/mavikadin\/wp-content\/uploads\/Lutfiye-Donmez-768x432.jpg 768w, https:\/\/www.tgrthaber.com\/mavikadin\/wp-content\/uploads\/Lutfiye-Donmez-1536x864.jpg 1536w, https:\/\/www.tgrthaber.com\/mavikadin\/wp-content\/uploads\/Lutfiye-Donmez.jpg 1600w\" sizes=\"(max-width: 1208px) 100vw, 1208px\" \/><\/p>\n<hr \/>\n<p>Tekstil Tasar\u0131m\u0131 mezunu ve ayn\u0131 alanda y\u00fcksek lisans\u0131na devam eden L\u00fctfiye D\u00f6nmez, Tepeba\u015f\u0131 Belediyesi&#8217;nin kad\u0131nlara y\u00f6nelik projesi olan Han\u0131meli Soka\u011f\u0131&#8217;nda kendi el eme\u011fi \u00fcr\u00fcnlerini sergiliyor. Kendi alan\u0131 olan tekstil \u00fczerinde farkl\u0131 malzemeleri bir araya getirerek \u00e7anta, kemer ve giysi gibi \u00fcr\u00fcnler tasarlayan L\u00fctfiye D\u00f6nmez, deri, kuma\u015f ve pazen gibi \u00e7e\u015fitli materyalleri geli\u015ftirerek yeni \u00fcr\u00fcnler \u00fcretti\u011fini belirtti.<\/p>\n<h3>\u201cM\u00dc\u015eTER\u0130 POTANS\u0130YEL\u0130NE G\u00d6RE \u00dcR\u00dcNLER \u00dcRETMEYE \u00c7ALI\u015eIYORUM\u201d<\/h3>\n<p>Kurdu\u011fu markas\u0131n\u0131 geli\u015ftirme ve tan\u0131tma s\u00fcrecinde olan L\u00fctfiye D\u00f6nmez, \u201cTekstil Tasar\u0131m\u0131 mezunuyum ve \u015fu an ayn\u0131 b\u00f6l\u00fcmde y\u00fcksek lisans yap\u0131yorum. Kendi alan\u0131mda \u00e7anta, kemer, giysi \u00fczerine malzemeleri de\u011fi\u015ftirerek \u00fcr\u00fcnler yap\u0131yorum. Deri, kuma\u015f, pazen gibi \u00fcr\u00fcnler kullan\u0131yorum. Bunlar\u0131 kar\u0131\u015ft\u0131rarak yeni bak\u0131\u015f a\u00e7\u0131lar\u0131 getirip yeni \u00fcr\u00fcnler tasarlamaya ba\u015flad\u0131m. Bir marka kurdum ve markam\u0131 geli\u015ftirip tan\u0131tmaya \u00e7al\u0131\u015f\u0131yorum. Bu da kendimi geli\u015ftirmeye ve farkl\u0131 \u00fcr\u00fcnler \u00fcretmeme yard\u0131mc\u0131 oluyor. S\u00fcrekli d\u00fc\u015f\u00fcnerek, m\u00fc\u015fteri potansiyeline g\u00f6re \u00fcr\u00fcnler \u00fcretmeye \u00e7al\u0131\u015f\u0131yorum. Bu da benim geli\u015fmeme \u00e7ok b\u00fcy\u00fck katk\u0131 sa\u011fl\u0131yor\u201d \u015feklinde konu\u015ftu.<\/p>\n<p><img loading=\"lazy\" decoding=\"async\" class=\"alignnone wp-image-181615\" src=\"https:\/\/www.tgrthaber.com\/mavikadin\/wp-content\/uploads\/Lutfiye-Donmez-2-1024x576.jpg\" alt=\"Tekstil tasar\u0131mc\u0131s\u0131 L\u00fctfiye D\u00f6nmez evini \u00fcretim merkezine \u00e7evirdi! At\u00f6lyesi olmadan giri\u015fimcili\u011fe at\u0131ld\u0131 \" width=\"1208\" height=\"680\" title=\"\" srcset=\"https:\/\/www.tgrthaber.com\/mavikadin\/wp-content\/uploads\/Lutfiye-Donmez-2-1024x576.jpg 1024w, https:\/\/www.tgrthaber.com\/mavikadin\/wp-content\/uploads\/Lutfiye-Donmez-2-300x169.jpg 300w, https:\/\/www.tgrthaber.com\/mavikadin\/wp-content\/uploads\/Lutfiye-Donmez-2-768x432.jpg 768w, https:\/\/www.tgrthaber.com\/mavikadin\/wp-content\/uploads\/Lutfiye-Donmez-2-1536x864.jpg 1536w, https:\/\/www.tgrthaber.com\/mavikadin\/wp-content\/uploads\/Lutfiye-Donmez-2.jpg 1600w\" sizes=\"(max-width: 1208px) 100vw, 1208px\" \/><\/p>\n<hr \/>\n<h3>\u201c\u015eU ANLIK B\u0130R AT\u00d6LYEM YOK, AMA AT\u00d6LYEM\u0130N OLMASINI \u00c7OK \u0130ST\u0130YORUM\u201d<\/h3>\n<p>\u015eu an i\u00e7in bir at\u00f6lyesi bulunmamas\u0131na ra\u011fmen evinin bir odas\u0131n\u0131 \u00fcr\u00fcnleri \u00fcretmek i\u00e7in kulland\u0131\u011f\u0131n\u0131 dile getiren L\u00fctfiye D\u00f6nmez, \u201c\u015eu anl\u0131k bir at\u00f6lyem yok ama at\u00f6lyemin olmas\u0131n\u0131 \u00e7ok istiyorum. At\u00f6lyem olmadan evimin bir odas\u0131nda \u00fcretim ger\u00e7ekle\u015ftiriyorum. Odan\u0131n bir k\u00f6\u015fesinde kendi kurdu\u011fum alan\u0131 bazen de mutfak masas\u0131n\u0131 kullan\u0131yorum. Bu \u015fekilde d\u00fczenli bir \u015fekilde i\u015flerimi o alanda yapmaya \u00e7al\u0131\u015f\u0131yorum. \u015eu an ba\u015flang\u0131\u00e7 a\u015famas\u0131nday\u0131m ve bu tarz stantlarla da \u00fcr\u00fcnlerimi sergiliyorum\u201d ifadelerine yer verdi.<\/p>\n","protected":false},"excerpt":{"rendered":"<p>Eski\u015fehir\u2019de tekstil tasar\u0131mc\u0131s\u0131 olan L\u00fctfiye D\u00f6nmez evinin bir odas\u0131n\u0131 \u00fcretim merkezine \u00e7evirerek giri\u015fimcili\u011fe at\u0131ld\u0131. L\u00fctfiye D\u00f6nmez, at\u00f6lyesi olmadan ba\u015flad\u0131\u011f\u0131 bu i\u015fe kendi markas\u0131n\u0131 kurarak giri\u015fimcilik hikayesini yazd\u0131. \u0130\u015fte detaylar\u2026<\/p>\n","protected":false},"author":26,"featured_media":181613,"comment_status":"closed","ping_status":"closed","sticky":false,"template":"","format":"standard","meta":{"rank_math_lock_modified_date":false,"footnotes":""},"categories":[2149],"tags":[19138,3455,20399,22512,22511],"class_list":["post-181607","post","type-post","status-publish","format-standard","has-post-thumbnail","hentry","category-guclu-kadin","tag-girisimcilik","tag-guclu-kadin","tag-guclu-kadin-haberleri","tag-lutfiye-donmez","tag-tekstil-tasarimcisi"],"_links":{"self":[{"href":"https:\/\/www.tgrthaber.com\/mavikadin\/wp-json\/wp\/v2\/posts\/181607"}],"collection":[{"href":"https:\/\/www.tgrthaber.com\/mavikadin\/wp-json\/wp\/v2\/posts"}],"about":[{"href":"https:\/\/www.tgrthaber.com\/mavikadin\/wp-json\/wp\/v2\/types\/post"}],"author":[{"embeddable":true,"href":"https:\/\/www.tgrthaber.com\/mavikadin\/wp-json\/wp\/v2\/users\/26"}],"replies":[{"embeddable":true,"href":"https:\/\/www.tgrthaber.com\/mavikadin\/wp-json\/wp\/v2\/comments?post=181607"}],"version-history":[{"count":2,"href":"https:\/\/www.tgrthaber.com\/mavikadin\/wp-json\/wp\/v2\/posts\/181607\/revisions"}],"predecessor-version":[{"id":181618,"href":"https:\/\/www.tgrthaber.com\/mavikadin\/wp-json\/wp\/v2\/posts\/181607\/revisions\/181618"}],"wp:featuredmedia":[{"embeddable":true,"href":"https:\/\/www.tgrthaber.com\/mavikadin\/wp-json\/wp\/v2\/media\/181613"}],"wp:attachment":[{"href":"https:\/\/www.tgrthaber.com\/mavikadin\/wp-json\/wp\/v2\/media?parent=181607"}],"wp:term":[{"taxonomy":"category","embeddable":true,"href":"https:\/\/www.tgrthaber.com\/mavikadin\/wp-json\/wp\/v2\/categories?post=181607"},{"taxonomy":"post_tag","embeddable":true,"href":"https:\/\/www.tgrthaber.com\/mavikadin\/wp-json\/wp\/v2\/tags?post=181607"}],"curies":[{"name":"wp","href":"https:\/\/api.w.org\/{rel}","templated":true}]}}