{"id":182199,"date":"2025-05-24T16:48:10","date_gmt":"2025-05-24T13:48:10","guid":{"rendered":"https:\/\/www.tgrthaber.com\/mavikadin\/?p=182199"},"modified":"2025-05-24T16:48:10","modified_gmt":"2025-05-24T13:48:10","slug":"ankarada-4-cocuk-annesi-ciftlik-kurdu-hayallerimin-pesinden-kostum","status":"publish","type":"post","link":"https:\/\/www.tgrthaber.com\/mavikadin\/ankarada-4-cocuk-annesi-ciftlik-kurdu-hayallerimin-pesinden-kostum\/","title":{"rendered":"Ankara\u2019da 4 \u00e7ocuk annesi \u00e7iftlik kurdu! Hayallerimin pe\u015finden ko\u015ftum"},"content":{"rendered":"<p>Ankara&#8217;n\u0131n \u00c7ubuk il\u00e7esine ba\u011fl\u0131 A\u011fac\u0131 k\u00f6y\u00fcnde ya\u015fayan 4 \u00e7ocuk annesi G\u00f6n\u00fcl Tufan, 16 ya\u015f\u0131nda ba\u015flad\u0131\u011f\u0131 hayvanc\u0131l\u0131k ser\u00fcveninde bug\u00fcn 100 b\u00fcy\u00fckba\u015f kurbanl\u0131k hayvan yeti\u015ftiriyor. E\u015fi ve \u00e7ocuklar\u0131yla birlikte \u00e7al\u0131\u015fan Tufan, \u201cHayallerimin pe\u015finden ko\u015ftum, e\u015fimi de ikna ettim. \u015eimdi birlikte \u00e7al\u0131\u015f\u0131yoruz\u201d a\u00e7\u0131klamas\u0131nda bulundu.<\/p>\n<h3>ANKARA\u2019DA 4 \u00c7OCUK ANNES\u0130 \u00c7\u0130FTL\u0130K KURDU!<\/h3>\n<p>26 y\u0131ld\u0131r hayvanc\u0131l\u0131kla u\u011fra\u015fan Tufan, ilk olarak iki buza\u011f\u0131yla ba\u015flad\u0131\u011f\u0131 besicilik faaliyetini her ge\u00e7en y\u0131l b\u00fcy\u00fctt\u00fc. Kurbanl\u0131k hayvan \u00fcretiminde b\u00f6lgesinde \u00f6rnek g\u00f6sterilen kad\u0131n giri\u015fimcilerden biri haline gelen Tufan, sabahlar\u0131 g\u00fcn do\u011fmadan hayvanlar\u0131n\u0131n bak\u0131m\u0131na ba\u015fl\u0131yor.<\/p>\n<p><img loading=\"lazy\" decoding=\"async\" class=\"alignnone size-full wp-image-182200\" src=\"https:\/\/www.tgrthaber.com\/mavikadin\/wp-content\/uploads\/Ciftci-1.png\" alt=\"\" width=\"1208\" height=\"680\" title=\"\" srcset=\"https:\/\/www.tgrthaber.com\/mavikadin\/wp-content\/uploads\/Ciftci-1.png 1208w, https:\/\/www.tgrthaber.com\/mavikadin\/wp-content\/uploads\/Ciftci-1-300x169.png 300w, https:\/\/www.tgrthaber.com\/mavikadin\/wp-content\/uploads\/Ciftci-1-1024x576.png 1024w, https:\/\/www.tgrthaber.com\/mavikadin\/wp-content\/uploads\/Ciftci-1-768x432.png 768w\" sizes=\"(max-width: 1208px) 100vw, 1208px\" \/><\/p>\n<hr \/>\n<p>&#8220;\u00d6nce onlar\u0131n rahat\u0131n\u0131 sa\u011fl\u0131yoruz, sonra kendi kahvalt\u0131m\u0131z\u0131 yap\u0131yoruz&#8221; diyen Tufan, e\u015fiyle birlikte yemleme, sulama ve sa\u011f\u0131m i\u015flemlerini de bizzat kendisi yap\u0131yor. E\u015finin ba\u015flang\u0131\u00e7ta k\u00f6y i\u015flerine s\u0131cak bakmad\u0131\u011f\u0131n\u0131 belirten Tufan, &#8220;\u015eehirde ya\u015famak istiyordu. Ancak \u015fimdi o da bu i\u015fin hem bereketini hem huzurunu g\u00f6rd\u00fc. Art\u0131k birlikte \u00fcretim yap\u0131yoruz&#8221; diye konu\u015ftu.<\/p>\n<p>Tar\u0131m ve Orman Bakanl\u0131\u011f\u0131 ile il\u00e7e m\u00fcd\u00fcrl\u00fc\u011f\u00fcn\u00fcn sundu\u011fu desteklerin \u00f6nemine de\u011finen Tufan, &#8220;A\u015f\u0131lardan tedavilere kadar her a\u015famada yan\u0131m\u0131zda oldular. Birlikte \u00e7al\u0131\u015farak bu seviyeye geldik&#8221; ifadelerini kulland\u0131.<\/p>\n<p><img loading=\"lazy\" decoding=\"async\" class=\"alignnone size-full wp-image-182201\" src=\"https:\/\/www.tgrthaber.com\/mavikadin\/wp-content\/uploads\/Ciftci-3.png\" alt=\"\" width=\"1208\" height=\"680\" title=\"\" srcset=\"https:\/\/www.tgrthaber.com\/mavikadin\/wp-content\/uploads\/Ciftci-3.png 1208w, https:\/\/www.tgrthaber.com\/mavikadin\/wp-content\/uploads\/Ciftci-3-300x169.png 300w, https:\/\/www.tgrthaber.com\/mavikadin\/wp-content\/uploads\/Ciftci-3-1024x576.png 1024w, https:\/\/www.tgrthaber.com\/mavikadin\/wp-content\/uploads\/Ciftci-3-768x432.png 768w\" sizes=\"(max-width: 1208px) 100vw, 1208px\" \/><\/p>\n<hr \/>\n<p>Toplumdaki &#8220;kad\u0131n yapamaz&#8221; alg\u0131s\u0131yla da m\u00fccadele etti\u011fini belirten Tufan, &#8220;Bana inanmayan \u00e7ok oldu. Ama ben y\u0131lmad\u0131m. Giri\u015fimci kad\u0131nlara tavsiyem: Bir inekle bile olsa ba\u015flas\u0131nlar. Yeter ki istesinler&#8221; dedi.<\/p>\n<p>Tufan ailesi, bu y\u0131l Kurban Bayram\u0131 i\u00e7in haz\u0131rlad\u0131\u011f\u0131 b\u00fcy\u00fckba\u015f hayvanlar\u0131 sat\u0131\u015fa sunmaya haz\u0131rlan\u0131yor.<\/p>\n","protected":false},"excerpt":{"rendered":"<p>Ankara\u2019da ya\u015fayan 4 \u00e7ocuk annesi kad\u0131n t\u00fcm bask\u0131lara ra\u011fmen hayallerinin pe\u015finden ko\u015ftu ve \u00e7iftlik kurdu. E\u015fini de ikna eden kad\u0131n \u015eimdi birlikte \u00e7al\u0131\u015f\u0131yoruz dedi.<\/p>\n","protected":false},"author":5,"featured_media":182202,"comment_status":"closed","ping_status":"closed","sticky":false,"template":"","format":"standard","meta":{"rank_math_lock_modified_date":false,"footnotes":""},"categories":[2149],"tags":[7998,22653,22652,3455],"class_list":["post-182199","post","type-post","status-publish","format-standard","has-post-thumbnail","hentry","category-guclu-kadin","tag-ankara","tag-ciftci-kadin","tag-ciftlik","tag-guclu-kadin"],"_links":{"self":[{"href":"https:\/\/www.tgrthaber.com\/mavikadin\/wp-json\/wp\/v2\/posts\/182199"}],"collection":[{"href":"https:\/\/www.tgrthaber.com\/mavikadin\/wp-json\/wp\/v2\/posts"}],"about":[{"href":"https:\/\/www.tgrthaber.com\/mavikadin\/wp-json\/wp\/v2\/types\/post"}],"author":[{"embeddable":true,"href":"https:\/\/www.tgrthaber.com\/mavikadin\/wp-json\/wp\/v2\/users\/5"}],"replies":[{"embeddable":true,"href":"https:\/\/www.tgrthaber.com\/mavikadin\/wp-json\/wp\/v2\/comments?post=182199"}],"version-history":[{"count":1,"href":"https:\/\/www.tgrthaber.com\/mavikadin\/wp-json\/wp\/v2\/posts\/182199\/revisions"}],"predecessor-version":[{"id":182203,"href":"https:\/\/www.tgrthaber.com\/mavikadin\/wp-json\/wp\/v2\/posts\/182199\/revisions\/182203"}],"wp:featuredmedia":[{"embeddable":true,"href":"https:\/\/www.tgrthaber.com\/mavikadin\/wp-json\/wp\/v2\/media\/182202"}],"wp:attachment":[{"href":"https:\/\/www.tgrthaber.com\/mavikadin\/wp-json\/wp\/v2\/media?parent=182199"}],"wp:term":[{"taxonomy":"category","embeddable":true,"href":"https:\/\/www.tgrthaber.com\/mavikadin\/wp-json\/wp\/v2\/categories?post=182199"},{"taxonomy":"post_tag","embeddable":true,"href":"https:\/\/www.tgrthaber.com\/mavikadin\/wp-json\/wp\/v2\/tags?post=182199"}],"curies":[{"name":"wp","href":"https:\/\/api.w.org\/{rel}","templated":true}]}}