{"id":182205,"date":"2025-05-24T17:05:01","date_gmt":"2025-05-24T14:05:01","guid":{"rendered":"https:\/\/www.tgrthaber.com\/mavikadin\/?p=182205"},"modified":"2025-05-24T17:05:01","modified_gmt":"2025-05-24T14:05:01","slug":"kocaeli-kadinlari-muzede-etkinligi-son-gununde-muzeler-haftasi-dolu-dolu-gecti","status":"publish","type":"post","link":"https:\/\/www.tgrthaber.com\/mavikadin\/kocaeli-kadinlari-muzede-etkinligi-son-gununde-muzeler-haftasi-dolu-dolu-gecti\/","title":{"rendered":"Kocaeli Kad\u0131nlar\u0131 M\u00fczede etkinli\u011fi son g\u00fcn\u00fcnde! M\u00fczeler Haftas\u0131 dolu dolu ge\u00e7ti"},"content":{"rendered":"<p>Her y\u0131l 18-24 May\u0131s tarihleri aras\u0131nda kutlanan M\u00fczeler Haftas\u0131, bu y\u0131l da Kocaeli\u2019de birbirinden \u00f6zel etkinliklerle kutlan\u0131yor. Bu kapsamda B\u00fcy\u00fck\u015fehir Belediyesi Kad\u0131n ve Aile Hizmetleri Dairesi Ba\u015fkanl\u0131\u011f\u0131\u2019na ba\u011fl\u0131 \u00c7ocuk Hizmetleri \u015eube M\u00fcd\u00fcrl\u00fc\u011f\u00fc ile Kocaeli M\u00fcze M\u00fcd\u00fcrl\u00fc\u011f\u00fc i\u015f birli\u011finde &#8220;Kocaeli Kad\u0131nlar\u0131 M\u00fczede&#8221; etkinli\u011fi ger\u00e7ekle\u015ftirildi.<\/p>\n<h3>KOCAEL\u0130 KADINLARI M\u00dcZEDE ETK\u0130NL\u0130\u011e\u0130 SON G\u00dcN\u00dcNDE!<\/h3>\n<p>Anne \u015eehir Merkezleri&#8217;nden hizmet alan kad\u0131nlar ve \u00e7ocuklar\u0131n kat\u0131l\u0131m\u0131yla hayata ge\u00e7irilen etkinlikte, k\u00fclt\u00fcrel miras\u0131n izlerini ta\u015f\u0131yan sergiler, e\u011fitici s\u00f6yle\u015filer ve at\u00f6lyeler yer ald\u0131. Etkinli\u011fin a\u00e7\u0131l\u0131\u015f\u0131nda yer alan &#8220;Dilimizin Zenginlikleri&#8221; sergisi, \u00e7ocuklar\u0131n T\u00fcrk\u00e7eye dair fark\u0131ndal\u0131klar\u0131n\u0131 ortaya koyduklar\u0131 \u00f6\u011fretici \u00e7al\u0131\u015fmalar dikkat \u00e7ekti. Ziyaret\u00e7iler, dilimizin k\u00fclt\u00fcrel derinli\u011fini \u00e7ocuk g\u00f6z\u00fcyle ke\u015ffetmenin keyfini ya\u015fad\u0131.<\/p>\n<p><img loading=\"lazy\" decoding=\"async\" class=\"alignnone size-full wp-image-182206\" src=\"https:\/\/www.tgrthaber.com\/mavikadin\/wp-content\/uploads\/Kocaeli-Kadinlari-Muzede-1.png\" alt=\"\" width=\"1208\" height=\"680\" title=\"\" srcset=\"https:\/\/www.tgrthaber.com\/mavikadin\/wp-content\/uploads\/Kocaeli-Kadinlari-Muzede-1.png 1208w, https:\/\/www.tgrthaber.com\/mavikadin\/wp-content\/uploads\/Kocaeli-Kadinlari-Muzede-1-300x169.png 300w, https:\/\/www.tgrthaber.com\/mavikadin\/wp-content\/uploads\/Kocaeli-Kadinlari-Muzede-1-1024x576.png 1024w, https:\/\/www.tgrthaber.com\/mavikadin\/wp-content\/uploads\/Kocaeli-Kadinlari-Muzede-1-768x432.png 768w\" sizes=\"(max-width: 1208px) 100vw, 1208px\" \/><\/p>\n<hr \/>\n<h3>MODERN \u00c7A\u011eDA EBEVEYN OLMAK \u00dcZER\u0130NE S\u00d6YLE\u015e\u0130<\/h3>\n<p>Program dahilinde Lokomotif \u00c7ocuk K\u00f6y\u00fc Psikolo\u011fu S\u00fcmeyye Sara\u00e7o\u011flu taraf\u0131ndan ger\u00e7ekle\u015ftirilen &#8220;Modern \u00c7a\u011fda Ebeveyn Olmak&#8221; ba\u015fl\u0131kl\u0131 s\u00f6yle\u015fi, dijital \u00e7a\u011fda ebeveynli\u011fin getirdi\u011fi zorluklara \u0131\u015f\u0131k tuttu. Psikolog Sara\u00e7o\u011flu, g\u00fcn\u00fcm\u00fcz ebeveynlerinin bilgi bombard\u0131man\u0131 alt\u0131nda kald\u0131\u011f\u0131n\u0131 belirterek, &#8220;G\u00fcn\u00fcm\u00fczde ebeveynler, her konuda farkl\u0131 uzman g\u00f6r\u00fc\u015fleri ve i\u00e7erikler aras\u0131nda s\u0131k\u0131\u015f\u0131yor. Bu da anne babalar\u0131n \u00e7ocuklar\u0131n\u0131n ger\u00e7ek ihtiya\u00e7lar\u0131n\u0131 fark etmesini zorla\u015ft\u0131r\u0131yor. Oysa sa\u011fl\u0131kl\u0131 ebeveynlik, her bilgiyi uygulamak de\u011fil; kendi \u00e7ocu\u011funu anlayarak, ba\u011f kurarak ilerlemektir. Rehber ebeveyn; s\u0131n\u0131r koyarken sevgiyle yakla\u015fan, ekran\u0131 yasaklamak yerine birlikte anlamland\u0131rmay\u0131 se\u00e7en ki\u015fidir. \u00c7ocu\u011fun dijital d\u00fcnyayla kurdu\u011fu ili\u015fkiyi yarg\u0131lamadan g\u00f6zlemlemek, merakla dinlemek ve birlikte d\u00fc\u015f\u00fcnmesini sa\u011flamak \u00e7ok de\u011ferlidir.&#8221; dedi.<\/p>\n<p>Etkinlik s\u00fcresince \u00e7ocuklar i\u00e7in masa oyunlar\u0131, ak\u0131l ve zek\u00e2 etkinlikleri, sanat ve boyama at\u00f6lyeleri d\u00fczenlendi. Minikler hem e\u011flenip hem \u00f6\u011frendikleri keyifli bir g\u00fcn ge\u00e7irdi.<\/p>\n<p><img loading=\"lazy\" decoding=\"async\" class=\"alignnone size-full wp-image-182207\" src=\"https:\/\/www.tgrthaber.com\/mavikadin\/wp-content\/uploads\/Kocaeli-Kadinlari-Muzede-2.png\" alt=\"\" width=\"1208\" height=\"680\" title=\"\" srcset=\"https:\/\/www.tgrthaber.com\/mavikadin\/wp-content\/uploads\/Kocaeli-Kadinlari-Muzede-2.png 1208w, https:\/\/www.tgrthaber.com\/mavikadin\/wp-content\/uploads\/Kocaeli-Kadinlari-Muzede-2-300x169.png 300w, https:\/\/www.tgrthaber.com\/mavikadin\/wp-content\/uploads\/Kocaeli-Kadinlari-Muzede-2-1024x576.png 1024w, https:\/\/www.tgrthaber.com\/mavikadin\/wp-content\/uploads\/Kocaeli-Kadinlari-Muzede-2-768x432.png 768w\" sizes=\"(max-width: 1208px) 100vw, 1208px\" \/><\/p>\n","protected":false},"excerpt":{"rendered":"<p>M\u00fczeler Haftas\u0131 kapsam\u0131nda yap\u0131lan Kocaeli Kad\u0131nlar\u0131 M\u00fczede etkinli\u011fi bug\u00fcn son g\u00fcn\u00fcnde. Etkinlikte k\u00fclt\u00fcrel miras\u0131n izlerini ta\u015f\u0131yan sergiler, e\u011fitici s\u00f6yle\u015filer ve at\u00f6lyeler yer ald\u0131.<\/p>\n","protected":false},"author":5,"featured_media":182208,"comment_status":"closed","ping_status":"closed","sticky":false,"template":"","format":"standard","meta":{"rank_math_lock_modified_date":false,"footnotes":""},"categories":[2149],"tags":[3455,4433,22654,22655],"class_list":["post-182205","post","type-post","status-publish","format-standard","has-post-thumbnail","hentry","category-guclu-kadin","tag-guclu-kadin","tag-kocaeli","tag-kocaeli-kadinlari-muzede","tag-muze-etkinligi"],"_links":{"self":[{"href":"https:\/\/www.tgrthaber.com\/mavikadin\/wp-json\/wp\/v2\/posts\/182205"}],"collection":[{"href":"https:\/\/www.tgrthaber.com\/mavikadin\/wp-json\/wp\/v2\/posts"}],"about":[{"href":"https:\/\/www.tgrthaber.com\/mavikadin\/wp-json\/wp\/v2\/types\/post"}],"author":[{"embeddable":true,"href":"https:\/\/www.tgrthaber.com\/mavikadin\/wp-json\/wp\/v2\/users\/5"}],"replies":[{"embeddable":true,"href":"https:\/\/www.tgrthaber.com\/mavikadin\/wp-json\/wp\/v2\/comments?post=182205"}],"version-history":[{"count":1,"href":"https:\/\/www.tgrthaber.com\/mavikadin\/wp-json\/wp\/v2\/posts\/182205\/revisions"}],"predecessor-version":[{"id":182209,"href":"https:\/\/www.tgrthaber.com\/mavikadin\/wp-json\/wp\/v2\/posts\/182205\/revisions\/182209"}],"wp:featuredmedia":[{"embeddable":true,"href":"https:\/\/www.tgrthaber.com\/mavikadin\/wp-json\/wp\/v2\/media\/182208"}],"wp:attachment":[{"href":"https:\/\/www.tgrthaber.com\/mavikadin\/wp-json\/wp\/v2\/media?parent=182205"}],"wp:term":[{"taxonomy":"category","embeddable":true,"href":"https:\/\/www.tgrthaber.com\/mavikadin\/wp-json\/wp\/v2\/categories?post=182205"},{"taxonomy":"post_tag","embeddable":true,"href":"https:\/\/www.tgrthaber.com\/mavikadin\/wp-json\/wp\/v2\/tags?post=182205"}],"curies":[{"name":"wp","href":"https:\/\/api.w.org\/{rel}","templated":true}]}}