{"id":182446,"date":"2025-05-25T16:05:27","date_gmt":"2025-05-25T13:05:27","guid":{"rendered":"https:\/\/www.tgrthaber.com\/mavikadin\/?p=182446"},"modified":"2025-05-25T16:05:28","modified_gmt":"2025-05-25T13:05:28","slug":"idil-bilgen-miss-worlde-ceyrek-finale-yukseldi-ingiltere-guzeli-yarismayi-birakti","status":"publish","type":"post","link":"https:\/\/www.tgrthaber.com\/mavikadin\/idil-bilgen-miss-worlde-ceyrek-finale-yukseldi-ingiltere-guzeli-yarismayi-birakti\/","title":{"rendered":"\u0130dil Bilgen Miss Worl\u2019de \u00e7eyrek finale y\u00fckseldi! \u0130ngiltere g\u00fczeli yar\u0131\u015fmay\u0131 b\u0131rakt\u0131"},"content":{"rendered":"<p>T\u00fcrkiye g\u00fczeli \u0130dil Bilgen\u2019in \u00e7eyrek finale kald\u0131\u011f\u0131 g\u00fczellik yar\u0131\u015fmas\u0131 Miss Worl hakk\u0131nda ortaya at\u0131lan iddialar g\u00fcndem oldu. \u0130ngiltere g\u00fczeli Milla Magee\u2019nin s\u00f6yledi\u011fi s\u00f6zler magazin g\u00fcndeminde yer ald\u0131. Milla Magee\u2019nin organizasyona y\u00f6nelik s\u00f6yledi\u011fi iddialar bir hayli kafa kar\u0131\u015ft\u0131r\u0131c\u0131 oldu. \u0130\u015fte detaylar\u2026<\/p>\n<h3>\u0130D\u0130L B\u0130LGEN M\u0130SS WORL\u2019DE \u00c7EYREK F\u0130NALE Y\u00dcKSELD\u0130!<\/h3>\n<p>Miss World 2025 yar\u0131\u015fmas\u0131na T\u00fcrkiye ad\u0131na kat\u0131lan \u0130dil Bilgen, Hindistan\u2019\u0131n Haydarabad kentinde d\u00fczenlenen g\u00f6rkemli organizasyonda \u00e7eyrek finale y\u00fckselerek b\u00fcy\u00fck bir ba\u015far\u0131ya imza att\u0131. Ko\u00e7 \u00dcniversitesi T\u0131p Fak\u00fcltesi mezunu olan 24 ya\u015f\u0131ndaki Bilgen, g\u00fczelli\u011finin yan\u0131 s\u0131ra e\u011fitimi ve duru\u015fuyla da dikkatleri \u00fczerine \u00e7ekti.<\/p>\n<p><img loading=\"lazy\" decoding=\"async\" class=\"alignnone wp-image-182452\" src=\"https:\/\/www.tgrthaber.com\/mavikadin\/wp-content\/uploads\/haber-gorselleri-fotoshop-2025-05-25T155955.562-1024x576.jpg\" alt=\"\u0130dil Bilgen Miss Worl\u2019de \u00e7eyrek finale y\u00fckseldi! \u0130ngiltere g\u00fczeli yar\u0131\u015fmay\u0131 b\u0131rakt\u0131\" width=\"1208\" height=\"680\" title=\"\" srcset=\"https:\/\/www.tgrthaber.com\/mavikadin\/wp-content\/uploads\/haber-gorselleri-fotoshop-2025-05-25T155955.562-1024x576.jpg 1024w, https:\/\/www.tgrthaber.com\/mavikadin\/wp-content\/uploads\/haber-gorselleri-fotoshop-2025-05-25T155955.562-300x169.jpg 300w, https:\/\/www.tgrthaber.com\/mavikadin\/wp-content\/uploads\/haber-gorselleri-fotoshop-2025-05-25T155955.562-768x432.jpg 768w, https:\/\/www.tgrthaber.com\/mavikadin\/wp-content\/uploads\/haber-gorselleri-fotoshop-2025-05-25T155955.562-1536x864.jpg 1536w, https:\/\/www.tgrthaber.com\/mavikadin\/wp-content\/uploads\/haber-gorselleri-fotoshop-2025-05-25T155955.562.jpg 1600w\" sizes=\"(max-width: 1208px) 100vw, 1208px\" \/><\/p>\n<hr \/>\n<p>Ancak yar\u0131\u015fma heyecan\u0131n\u0131n g\u00f6lgesinde, \u0130ngiltere g\u00fczeli Milla Magee\u2019nin organizasyona y\u00f6nelik a\u011f\u0131r su\u00e7lamalar\u0131 g\u00fcndeme bomba gibi d\u00fc\u015ft\u00fc. Yar\u0131\u015fman\u0131n prestiji ise \u0130ngiliz g\u00fczel Milla Magee\u2019nin a\u00e7\u0131klamalar\u0131yla sars\u0131ld\u0131. 24 ya\u015f\u0131ndaki Magee, yar\u0131\u015fmadan \u00e7ekildi\u011fini duyurarak organizat\u00f6rlere y\u00f6nelik ciddi iddialarda bulundu.<\/p>\n<h3><img loading=\"lazy\" decoding=\"async\" class=\"alignnone wp-image-182449\" src=\"https:\/\/www.tgrthaber.com\/mavikadin\/wp-content\/uploads\/haber-gorselleri-fotoshop-2025-05-25T160029.574-1024x576.jpg\" alt=\"\u0130dil Bilgen Miss Worl\u2019de \u00e7eyrek finale y\u00fckseldi! \u0130ngiltere g\u00fczeli yar\u0131\u015fmay\u0131 b\u0131rakt\u0131\" width=\"1208\" height=\"680\" title=\"\" srcset=\"https:\/\/www.tgrthaber.com\/mavikadin\/wp-content\/uploads\/haber-gorselleri-fotoshop-2025-05-25T160029.574-1024x576.jpg 1024w, https:\/\/www.tgrthaber.com\/mavikadin\/wp-content\/uploads\/haber-gorselleri-fotoshop-2025-05-25T160029.574-300x169.jpg 300w, https:\/\/www.tgrthaber.com\/mavikadin\/wp-content\/uploads\/haber-gorselleri-fotoshop-2025-05-25T160029.574-768x432.jpg 768w, https:\/\/www.tgrthaber.com\/mavikadin\/wp-content\/uploads\/haber-gorselleri-fotoshop-2025-05-25T160029.574-1536x864.jpg 1536w, https:\/\/www.tgrthaber.com\/mavikadin\/wp-content\/uploads\/haber-gorselleri-fotoshop-2025-05-25T160029.574.jpg 1600w\" sizes=\"(max-width: 1208px) 100vw, 1208px\" \/><\/h3>\n<hr \/>\n<h3>\u0130NG\u0130LTERE G\u00dcZEL\u0130 YARI\u015eMAYI BIRAKTI<\/h3>\n<p>Sosyal medyada ve \u0130ngiltere bas\u0131n\u0131nda yank\u0131 uyand\u0131ran a\u00e7\u0131klamalar\u0131nda Milla Magee, yar\u0131\u015fmac\u0131lar\u0131n istemedikleri durumlara maruz kald\u0131klar\u0131n\u0131 ve bunun kabul edilemez bir durum oldu\u011funu s\u00f6yledi. Ayn\u0131 zamanda yar\u0131\u015fmac\u0131lar\u0131n g\u00fcn boyu makyajl\u0131 kalmalar\u0131, balo elbiseleriyle dola\u015fmalar\u0131 gibi zorlay\u0131c\u0131 \u015fartlara maruz b\u0131rak\u0131ld\u0131\u011f\u0131n\u0131 da ifade etti.<\/p>\n<p><img loading=\"lazy\" decoding=\"async\" class=\"alignnone wp-image-182450\" src=\"https:\/\/www.tgrthaber.com\/mavikadin\/wp-content\/uploads\/haber-gorselleri-fotoshop-2025-05-25T160019.570-1024x576.jpg\" alt=\"\u0130dil Bilgen Miss Worl\u2019de \u00e7eyrek finale y\u00fckseldi! \u0130ngiltere g\u00fczeli yar\u0131\u015fmay\u0131 b\u0131rakt\u0131\" width=\"1208\" height=\"680\" title=\"\" srcset=\"https:\/\/www.tgrthaber.com\/mavikadin\/wp-content\/uploads\/haber-gorselleri-fotoshop-2025-05-25T160019.570-1024x576.jpg 1024w, https:\/\/www.tgrthaber.com\/mavikadin\/wp-content\/uploads\/haber-gorselleri-fotoshop-2025-05-25T160019.570-300x169.jpg 300w, https:\/\/www.tgrthaber.com\/mavikadin\/wp-content\/uploads\/haber-gorselleri-fotoshop-2025-05-25T160019.570-768x432.jpg 768w, https:\/\/www.tgrthaber.com\/mavikadin\/wp-content\/uploads\/haber-gorselleri-fotoshop-2025-05-25T160019.570-1536x864.jpg 1536w, https:\/\/www.tgrthaber.com\/mavikadin\/wp-content\/uploads\/haber-gorselleri-fotoshop-2025-05-25T160019.570.jpg 1600w\" sizes=\"(max-width: 1208px) 100vw, 1208px\" \/><\/p>\n<hr \/>\n<p>Bu su\u00e7lamalar, g\u00fczellik yar\u0131\u015fmalar\u0131n\u0131n perde arkas\u0131na dair kamuoyunda yeni bir tart\u0131\u015fma ba\u015flatt\u0131. \u00d6zellikle gen\u00e7 kad\u0131nlar\u0131n kendi \u00fclkelerini temsil etmek i\u00e7in b\u00fcy\u00fck emek harcad\u0131\u011f\u0131 bu t\u00fcr organizasyonlar\u0131n, \u015feffafl\u0131k ve etik standartlar a\u00e7\u0131s\u0131ndan tekrar de\u011ferlendirilmesi gerekti\u011fi y\u00f6n\u00fcnde g\u00f6r\u00fc\u015fler y\u00fckseldi.<\/p>\n<p><img loading=\"lazy\" decoding=\"async\" class=\"alignnone wp-image-182448\" src=\"https:\/\/www.tgrthaber.com\/mavikadin\/wp-content\/uploads\/haber-gorselleri-fotoshop-2025-05-25T160045.424-1024x576.jpg\" alt=\"\u0130dil Bilgen Miss Worl\u2019de \u00e7eyrek finale y\u00fckseldi! \u0130ngiltere g\u00fczeli yar\u0131\u015fmay\u0131 b\u0131rakt\u0131\" width=\"1208\" height=\"680\" title=\"\" srcset=\"https:\/\/www.tgrthaber.com\/mavikadin\/wp-content\/uploads\/haber-gorselleri-fotoshop-2025-05-25T160045.424-1024x576.jpg 1024w, https:\/\/www.tgrthaber.com\/mavikadin\/wp-content\/uploads\/haber-gorselleri-fotoshop-2025-05-25T160045.424-300x169.jpg 300w, https:\/\/www.tgrthaber.com\/mavikadin\/wp-content\/uploads\/haber-gorselleri-fotoshop-2025-05-25T160045.424-768x432.jpg 768w, https:\/\/www.tgrthaber.com\/mavikadin\/wp-content\/uploads\/haber-gorselleri-fotoshop-2025-05-25T160045.424-1536x864.jpg 1536w, https:\/\/www.tgrthaber.com\/mavikadin\/wp-content\/uploads\/haber-gorselleri-fotoshop-2025-05-25T160045.424.jpg 1600w\" sizes=\"(max-width: 1208px) 100vw, 1208px\" \/><\/p>\n<hr \/>\n<p>\u0130dil Bilgen ise bu polemiklerin uza\u011f\u0131nda, T\u00fcrkiye\u2019yi en iyi \u015fekilde temsil etmeye devam ediyor. Yar\u0131\u015fma s\u00fcrecinde sessiz ama istikrarl\u0131 bir duru\u015f sergileyen Bilgen\u2019in, \u00e7eyrek finalde elde etti\u011fi ba\u015far\u0131y\u0131 daha ileriye ta\u015f\u0131y\u0131p ta\u015f\u0131yamayaca\u011f\u0131 merak konusu oldu.<\/p>\n<p><img loading=\"lazy\" decoding=\"async\" class=\"alignnone wp-image-182451\" src=\"https:\/\/www.tgrthaber.com\/mavikadin\/wp-content\/uploads\/haber-gorselleri-fotoshop-2025-05-25T160006.515-1024x576.jpg\" alt=\"\u0130dil Bilgen Miss Worl\u2019de \u00e7eyrek finale y\u00fckseldi! \u0130ngiltere g\u00fczeli yar\u0131\u015fmay\u0131 b\u0131rakt\u0131\" width=\"1208\" height=\"680\" title=\"\" srcset=\"https:\/\/www.tgrthaber.com\/mavikadin\/wp-content\/uploads\/haber-gorselleri-fotoshop-2025-05-25T160006.515-1024x576.jpg 1024w, https:\/\/www.tgrthaber.com\/mavikadin\/wp-content\/uploads\/haber-gorselleri-fotoshop-2025-05-25T160006.515-300x169.jpg 300w, https:\/\/www.tgrthaber.com\/mavikadin\/wp-content\/uploads\/haber-gorselleri-fotoshop-2025-05-25T160006.515-768x432.jpg 768w, https:\/\/www.tgrthaber.com\/mavikadin\/wp-content\/uploads\/haber-gorselleri-fotoshop-2025-05-25T160006.515-1536x864.jpg 1536w, https:\/\/www.tgrthaber.com\/mavikadin\/wp-content\/uploads\/haber-gorselleri-fotoshop-2025-05-25T160006.515.jpg 1600w\" sizes=\"(max-width: 1208px) 100vw, 1208px\" \/><\/p>\n<hr \/>\n<p>Miss World sahnesinde ya\u015fanan bu geli\u015fmeler, g\u00fczellik yar\u0131\u015fmalar\u0131n\u0131n yaln\u0131zca \u0131\u015f\u0131lt\u0131l\u0131 podyumlardan ibaret olmad\u0131\u011f\u0131n\u0131 bir kez daha g\u00f6zler \u00f6n\u00fcne serdi. T\u00fcrkiye&#8217;nin gururu \u0130dil Bilgen hem zarafeti hem de karakteriyle dikkat \u00e7ekerken, \u0130ngiltere temsilcisinin s\u00f6zleri bu t\u00fcr yar\u0131\u015fmalar\u0131n gelece\u011fini sorgulatacak gibi g\u00f6r\u00fcn\u00fcyor.<\/p>\n","protected":false},"excerpt":{"rendered":"<p>G\u00fczellik yar\u0131\u015fmas\u0131 kapsam\u0131nda Miss Worl 2025 yar\u0131\u015fmas\u0131na T\u00fcrkiye\u2019den kat\u0131lan \u0130dil Bilgen, \u00e7eyrek finale y\u00fckseldi. Ancak Bilgen\u2019in \u00e7eyrek finale kald\u0131\u011f\u0131 Miss Worl yar\u0131\u015fmas\u0131nda ise yeni bir iddia ortaya at\u0131ld\u0131. \u0130ngiltere g\u00fczeli Milla Magee\u2019nin s\u00f6yledi\u011fi s\u00f6zler g\u00fcndem oldu. \u0130\u015fte detaylar\u2026<\/p>\n","protected":false},"author":34,"featured_media":182447,"comment_status":"closed","ping_status":"closed","sticky":false,"template":"","format":"standard","meta":{"rank_math_lock_modified_date":false,"footnotes":""},"categories":[76],"tags":[20702,22708,2218,20701],"class_list":["post-182446","post","type-post","status-publish","format-standard","has-post-thumbnail","hentry","category-magazin","tag-idil-bilgen","tag-ingiltere-guzeli-milla-magee","tag-magazin-haberleri","tag-miss-world-2025"],"_links":{"self":[{"href":"https:\/\/www.tgrthaber.com\/mavikadin\/wp-json\/wp\/v2\/posts\/182446"}],"collection":[{"href":"https:\/\/www.tgrthaber.com\/mavikadin\/wp-json\/wp\/v2\/posts"}],"about":[{"href":"https:\/\/www.tgrthaber.com\/mavikadin\/wp-json\/wp\/v2\/types\/post"}],"author":[{"embeddable":true,"href":"https:\/\/www.tgrthaber.com\/mavikadin\/wp-json\/wp\/v2\/users\/34"}],"replies":[{"embeddable":true,"href":"https:\/\/www.tgrthaber.com\/mavikadin\/wp-json\/wp\/v2\/comments?post=182446"}],"version-history":[{"count":1,"href":"https:\/\/www.tgrthaber.com\/mavikadin\/wp-json\/wp\/v2\/posts\/182446\/revisions"}],"predecessor-version":[{"id":182453,"href":"https:\/\/www.tgrthaber.com\/mavikadin\/wp-json\/wp\/v2\/posts\/182446\/revisions\/182453"}],"wp:featuredmedia":[{"embeddable":true,"href":"https:\/\/www.tgrthaber.com\/mavikadin\/wp-json\/wp\/v2\/media\/182447"}],"wp:attachment":[{"href":"https:\/\/www.tgrthaber.com\/mavikadin\/wp-json\/wp\/v2\/media?parent=182446"}],"wp:term":[{"taxonomy":"category","embeddable":true,"href":"https:\/\/www.tgrthaber.com\/mavikadin\/wp-json\/wp\/v2\/categories?post=182446"},{"taxonomy":"post_tag","embeddable":true,"href":"https:\/\/www.tgrthaber.com\/mavikadin\/wp-json\/wp\/v2\/tags?post=182446"}],"curies":[{"name":"wp","href":"https:\/\/api.w.org\/{rel}","templated":true}]}}