{"id":183000,"date":"2025-05-26T21:04:42","date_gmt":"2025-05-26T18:04:42","guid":{"rendered":"https:\/\/www.tgrthaber.com\/mavikadin\/?p=183000"},"modified":"2025-05-26T21:04:42","modified_gmt":"2025-05-26T18:04:42","slug":"gassal-3-sezon-cikacak-mi-gassal-3-sezona-dair-ilk-aciklama-senaristten-geldi","status":"publish","type":"post","link":"https:\/\/www.tgrthaber.com\/mavikadin\/gassal-3-sezon-cikacak-mi-gassal-3-sezona-dair-ilk-aciklama-senaristten-geldi\/","title":{"rendered":"Gassal 3. sezon \u00e7\u0131kacak m\u0131? Gassal 3. sezona dair ilk a\u00e7\u0131klama senaristten geldi"},"content":{"rendered":"<p>Dijital dizi d\u00fcnyas\u0131nda son d\u00f6nemin en s\u0131ra d\u0131\u015f\u0131 yap\u0131mlar\u0131ndan biri olarak \u00f6ne \u00e7\u0131kan Gassal, hem konusu hem de atmosferiyle dikkatleri \u00fczerine \u00e7ekmeye devam ediyor. TRT Tabii platformunda yay\u0131nlanan ve \u00f6l\u00fcmle y\u00fczle\u015fmeyi kara mizah e\u015fli\u011finde i\u015fleyen dizi, ikinci sezonunu geride b\u0131rak\u0131rken izleyiciler \u015fimdi tek bir sorunun cevab\u0131n\u0131 ar\u0131yor: Gassal \u00fc\u00e7\u00fcnc\u00fc sezonla geri d\u00f6necek mi? Peki Gassal 3. sezon ne zaman? \u0130\u015fte detaylar&#8230;<\/p>\n<h3>BAK\u0130 KARAKTER\u0130 BU SEZON EKRANLARA DAMGA VURDU<\/h3>\n<p>\u0130lk sezonunda al\u0131\u015f\u0131lmad\u0131k bir sorudan yola \u00e7\u0131kan ve k\u0131sa s\u00fcrede sad\u0131k bir izleyici kitlesi edinen dizi, ikinci sezonuyla da sosyal medyada geni\u015f yank\u0131 uyand\u0131rd\u0131.<\/p>\n<p><img loading=\"lazy\" decoding=\"async\" class=\"alignnone wp-image-183002\" src=\"https:\/\/www.tgrthaber.com\/mavikadin\/wp-content\/uploads\/679cdd5a146dc0062c6b60a3-300x168.webp\" alt=\"\" width=\"1208\" height=\"678\" title=\"\" srcset=\"https:\/\/www.tgrthaber.com\/mavikadin\/wp-content\/uploads\/679cdd5a146dc0062c6b60a3-300x168.webp 300w, https:\/\/www.tgrthaber.com\/mavikadin\/wp-content\/uploads\/679cdd5a146dc0062c6b60a3.webp 730w\" sizes=\"(max-width: 1208px) 100vw, 1208px\" \/><\/p>\n<hr \/>\n<p>Ahmet Kural\u2019\u0131n oynad\u0131\u011f\u0131 \u201cBaki\u201d karakteri \u00fczerinden ilerleyen hikaye, bu sezon daha derinle\u015fmi\u015f, \u00f6l\u00fcm ve ya\u015fam aras\u0131nda s\u0131k\u0131\u015f\u0131p kalm\u0131\u015f bir ruh halini kara komedi ve dram \u00f6\u011feleriyle harmanlayarak ekranlara ta\u015f\u0131m\u0131\u015ft\u0131. Dizinin sezon finali ise seyircide pek \u00e7ok soru i\u015fareti b\u0131rakm\u0131\u015ft\u0131.<\/p>\n<p><img loading=\"lazy\" decoding=\"async\" class=\"alignnone wp-image-183003\" src=\"https:\/\/www.tgrthaber.com\/mavikadin\/wp-content\/uploads\/683478501f20a2984e657d13-300x169.webp\" alt=\"\" width=\"1208\" height=\"680\" title=\"\" srcset=\"https:\/\/www.tgrthaber.com\/mavikadin\/wp-content\/uploads\/683478501f20a2984e657d13-300x169.webp 300w, https:\/\/www.tgrthaber.com\/mavikadin\/wp-content\/uploads\/683478501f20a2984e657d13.webp 750w\" sizes=\"(max-width: 1208px) 100vw, 1208px\" \/><\/p>\n<hr \/>\n<h3>SENAR\u0130ST S\u00dcMEYYE KARAARSLAN\u2019DAN \u0130LK A\u00c7IKLAMA GELD\u0130<\/h3>\n<p>\u0130kinci sezonun ard\u0131ndan kulislerde \u00fc\u00e7\u00fcnc\u00fc sezonla ilgili s\u00f6ylentiler h\u0131zla yay\u0131l\u0131rken, merak edilen sorular\u0131n cevaplar\u0131, nihayet dizinin senaristi S\u00fcmeyye Karaarslan\u2019dan geldi. 24 May\u0131s 2025\u2019te d\u00fczenlenen sezon galas\u0131nda konu\u015fan Karaarslan, Gassal\u2019\u0131n yolculu\u011funun hen\u00fcz tamamlanmad\u0131\u011f\u0131n\u0131 ve yeni sezon i\u00e7in haz\u0131rl\u0131klar\u0131n ba\u015flad\u0131\u011f\u0131n\u0131 duyurdu. Senaryo s\u00fcrecinin devam etti\u011fini belirten senarist, \u00fc\u00e7\u00fcnc\u00fc sezonun i\u00e7eri\u011fine dair \u015fimdilik ipucu vermese de, izleyicinin \u201cbeklemeye de\u011fer\u201d bir s\u00fcre\u00e7le kar\u015f\u0131la\u015faca\u011f\u0131n\u0131 ifade etti.<\/p>\n<p><img loading=\"lazy\" decoding=\"async\" class=\"alignnone wp-image-183004\" src=\"https:\/\/www.tgrthaber.com\/mavikadin\/wp-content\/uploads\/i-109-300x169.webp\" alt=\"\" width=\"1208\" height=\"680\" title=\"\" srcset=\"https:\/\/www.tgrthaber.com\/mavikadin\/wp-content\/uploads\/i-109-300x169.webp 300w, https:\/\/www.tgrthaber.com\/mavikadin\/wp-content\/uploads\/i-109.webp 480w\" sizes=\"(max-width: 1208px) 100vw, 1208px\" \/><\/p>\n<hr \/>\n<h3>GASSAL 3. SEZON \u00c7IKACAK MI?<\/h3>\n<p>\u015eu an i\u00e7in \u00fc\u00e7\u00fcnc\u00fc sezonun yay\u0131n takvimine dair kesin bir a\u00e7\u0131klama yap\u0131lm\u0131\u015f de\u011fil. Ancak edinilen bilgilere g\u00f6re, senaryo s\u00fcreci tamamland\u0131ktan sonra \u00e7ekimlere ba\u015flanacak. \u0130kinci sezonun yay\u0131n tarihi olan 24 May\u0131s 2025 referans al\u0131nd\u0131\u011f\u0131nda, yeni sezonun 2026 y\u0131l\u0131n\u0131n ilkbahar aylar\u0131nda izleyiciyle bulu\u015fma ihtimali \u00e7ok y\u00fcksek g\u00f6r\u00fcn\u00fcyor.<\/p>\n<p><img loading=\"lazy\" decoding=\"async\" class=\"alignnone wp-image-183005\" src=\"https:\/\/www.tgrthaber.com\/mavikadin\/wp-content\/uploads\/i-1-17-300x169.webp\" alt=\"\" width=\"1208\" height=\"680\" title=\"\" srcset=\"https:\/\/www.tgrthaber.com\/mavikadin\/wp-content\/uploads\/i-1-17-300x169.webp 300w, https:\/\/www.tgrthaber.com\/mavikadin\/wp-content\/uploads\/i-1-17.webp 480w\" sizes=\"(max-width: 1208px) 100vw, 1208px\" \/><\/p>\n<hr \/>\n<p>Bu s\u0131rada hem kadroda hem de teknik ekipte bir de\u011fi\u015fiklik olup olmayaca\u011f\u0131 da izleyiciler aras\u0131nda konu\u015fulmaya ba\u015fland\u0131. \u00d6zellikle Ahmet Kural\u2019\u0131n \u00fc\u00e7\u00fcnc\u00fc sezonda yer al\u0131p almayaca\u011f\u0131 merak konusu. Sosyal medyada pek \u00e7ok ki\u015fi bu soruya cevap ararken, dizinin farkl\u0131 karakterlerle yoluna devam etme ihtimali de g\u00fcndemde. Gassal\u2019\u0131n anlat\u0131m tarz\u0131 ve genel havas\u0131 d\u00fc\u015f\u00fcn\u00fcld\u00fc\u011f\u00fcnde, yeni y\u00fczlerin hikayeye dahil olmas\u0131 kimseyi \u015fa\u015f\u0131rtmayacak gibi duruyor.<\/p>\n<p><img loading=\"lazy\" decoding=\"async\" class=\"alignnone wp-image-183006\" src=\"https:\/\/www.tgrthaber.com\/mavikadin\/wp-content\/uploads\/gassal-ucuncu-sezon-gelecek-mi-1-300x169.jpg\" alt=\"\" width=\"1208\" height=\"680\" title=\"\" srcset=\"https:\/\/www.tgrthaber.com\/mavikadin\/wp-content\/uploads\/gassal-ucuncu-sezon-gelecek-mi-1-300x169.jpg 300w, https:\/\/www.tgrthaber.com\/mavikadin\/wp-content\/uploads\/gassal-ucuncu-sezon-gelecek-mi-1-1024x576.jpg 1024w, https:\/\/www.tgrthaber.com\/mavikadin\/wp-content\/uploads\/gassal-ucuncu-sezon-gelecek-mi-1-768x432.jpg 768w, https:\/\/www.tgrthaber.com\/mavikadin\/wp-content\/uploads\/gassal-ucuncu-sezon-gelecek-mi-1.jpg 1200w\" sizes=\"(max-width: 1208px) 100vw, 1208px\" \/><\/p>\n<hr \/>\n<p>Gassal, klasik anlat\u0131 kal\u0131plar\u0131n\u0131 zorlayan yap\u0131s\u0131yla dijital platformda kendine \u00f6zel bir yer a\u00e7may\u0131 ba\u015fard\u0131. \u00dc\u00e7\u00fcnc\u00fc sezonla ilgili resmi tarih hen\u00fcz netle\u015fmemi\u015f olsa da, dizinin senaristi ve yap\u0131m ekibinden gelen sinyaller, bekleyi\u015fin kar\u015f\u0131l\u0131\u011f\u0131n\u0131 verecek bir sezonun haz\u0131rland\u0131\u011f\u0131n\u0131 g\u00f6steriyor.<\/p>\n","protected":false},"excerpt":{"rendered":"<p>TRT\u2019nin dijital platformu Tabii\u2019nin dikkat \u00e7eken yap\u0131mlar\u0131ndan biri olan Gassal, ikinci sezonunu tamamlamas\u0131n\u0131n ard\u0131ndan yeniden g\u00fcndeme ta\u015f\u0131nd\u0131. Kara komediyle dram\u0131 ustal\u0131kla bir araya getiren dizi, \u00fc\u00e7\u00fcnc\u00fc sezon iddialar\u0131yla \u015fimdiden izleyicilerini heyecanland\u0131rmaya ba\u015flad\u0131. Peki Gassal 3. sezon \u00e7\u0131kacak m\u0131, ne zaman gelecek? \u0130\u015fte Gassal dizinin senaristi S\u00fcmeyye Karaarslan\u2019\u0131n konuya dair ilk a\u00e7\u0131klamalar\u0131&#8230;<\/p>\n","protected":false},"author":35,"featured_media":183001,"comment_status":"closed","ping_status":"closed","sticky":false,"template":"","format":"standard","meta":{"rank_math_lock_modified_date":false,"footnotes":""},"categories":[602],"tags":[4543,3602,6216,22835,6801],"class_list":["post-183000","post","type-post","status-publish","format-standard","has-post-thumbnail","hentry","category-diziler","tag-ahmet-kural","tag-diziler","tag-gassal-dizisi","tag-gassal-e-zaman","tag-sumeyye-karaarslan"],"_links":{"self":[{"href":"https:\/\/www.tgrthaber.com\/mavikadin\/wp-json\/wp\/v2\/posts\/183000"}],"collection":[{"href":"https:\/\/www.tgrthaber.com\/mavikadin\/wp-json\/wp\/v2\/posts"}],"about":[{"href":"https:\/\/www.tgrthaber.com\/mavikadin\/wp-json\/wp\/v2\/types\/post"}],"author":[{"embeddable":true,"href":"https:\/\/www.tgrthaber.com\/mavikadin\/wp-json\/wp\/v2\/users\/35"}],"replies":[{"embeddable":true,"href":"https:\/\/www.tgrthaber.com\/mavikadin\/wp-json\/wp\/v2\/comments?post=183000"}],"version-history":[{"count":2,"href":"https:\/\/www.tgrthaber.com\/mavikadin\/wp-json\/wp\/v2\/posts\/183000\/revisions"}],"predecessor-version":[{"id":183008,"href":"https:\/\/www.tgrthaber.com\/mavikadin\/wp-json\/wp\/v2\/posts\/183000\/revisions\/183008"}],"wp:featuredmedia":[{"embeddable":true,"href":"https:\/\/www.tgrthaber.com\/mavikadin\/wp-json\/wp\/v2\/media\/183001"}],"wp:attachment":[{"href":"https:\/\/www.tgrthaber.com\/mavikadin\/wp-json\/wp\/v2\/media?parent=183000"}],"wp:term":[{"taxonomy":"category","embeddable":true,"href":"https:\/\/www.tgrthaber.com\/mavikadin\/wp-json\/wp\/v2\/categories?post=183000"},{"taxonomy":"post_tag","embeddable":true,"href":"https:\/\/www.tgrthaber.com\/mavikadin\/wp-json\/wp\/v2\/tags?post=183000"}],"curies":[{"name":"wp","href":"https:\/\/api.w.org\/{rel}","templated":true}]}}