{"id":183041,"date":"2025-05-27T00:05:56","date_gmt":"2025-05-26T21:05:56","guid":{"rendered":"https:\/\/www.tgrthaber.com\/mavikadin\/?p=183041"},"modified":"2025-05-27T00:11:34","modified_gmt":"2025-05-26T21:11:34","slug":"kizilcik-serbeti-3-sezon-finali-2-fragmani-yayinlandi-mi-kizilcik-serbeti-3-sezon-finalinde-neler-olacak","status":"publish","type":"post","link":"https:\/\/www.tgrthaber.com\/mavikadin\/kizilcik-serbeti-3-sezon-finali-2-fragmani-yayinlandi-mi-kizilcik-serbeti-3-sezon-finalinde-neler-olacak\/","title":{"rendered":"K\u0131z\u0131lc\u0131k \u015eerbeti 3 sezon finali 2 fragman\u0131 yay\u0131nland\u0131 m\u0131? K\u0131z\u0131lc\u0131k \u015eerbeti 3 sezon finalinde neler olacak?"},"content":{"rendered":"<p>Show Tv ekranlar\u0131nda 3 sezon boyunca izleyicinin kar\u015f\u0131s\u0131na \u00e7\u0131kan K\u0131z\u0131lc\u0131k \u015eerbeti dizisi sezon finaline do\u011fru yakla\u015f\u0131yor. K\u0131z\u0131lc\u0131k \u015eerbeti dizisinin oyuncu kadrosundan \u00f6nemli isimlerin \u00e7\u0131kmas\u0131n\u0131n ard\u0131ndan sezon finalinde nas\u0131l bir son olaca\u011f\u0131 merak konusu oldu. \u0130zleyenlerin merakla bekledi\u011fi K\u0131z\u0131lc\u0131k \u015eerbeti 3 sezon finali 2 fragman\u0131n ne zaman yay\u0131nlanacak? K\u0131z\u0131lc\u0131k \u015eerbeti 103 b\u00f6l\u00fcm ne zaman yay\u0131nlanacak?<\/p>\n<h3>KIZILCIK \u015eERBET\u0130 3 SEZON F\u0130NAL\u0130 2 FRAGMANI NE ZAMAN YAYINLANACAK?<\/h3>\n<p>K\u0131z\u0131lc\u0131k \u015eerbeti dizisi sezon finaline g\u00fcnler kald\u0131. Dizinin sezon finaline dair b\u00f6l\u00fcmleri tam olarak bitiremedi. \u0130zleyicilerin K\u0131z\u0131lc\u0131k \u015eerbeti 103 b\u00f6l\u00fcm 2 fragman\u0131n ne zaman yay\u0131nlanacak? diye aramalara ba\u015flad\u0131. Birsen Altunta\u015f\u2019\u0131n haberine g\u00f6re K\u0131z\u0131lc\u0131k \u015eerbeti 3 sezon finali 2 fragman\u0131 \u00c7ar\u015famba ak\u015fam\u0131 ekranlara gelecek. Sezon finaline dair baz\u0131 \u00f6zel sahnelerin \u00e7ekimlerinin devam etti\u011fini bunun i\u00e7inde ekibin yeni b\u00f6l\u00fcme dair g\u00f6r\u00fcnt\u00fcleri 2 g\u00fcn sonra yay\u0131nlayaca\u011f\u0131 duyuruldu. Peki, K\u0131z\u0131lc\u0131k \u015eerbeti 3 sezon finali b\u00f6l\u00fcm\u00fcnde neler olacak? K\u0131z\u0131lc\u0131k \u015eerbeti 103 b\u00f6l\u00fcm sezon finalinde neler ya\u015fanacak?<\/p>\n<p><img loading=\"lazy\" decoding=\"async\" class=\"alignnone wp-image-183042\" src=\"https:\/\/www.tgrthaber.com\/mavikadin\/wp-content\/uploads\/Kizilcik-Serbeti-3-sezon-finali-2-fragmani-yayinlandi-mi-300x169.jpg\" alt=\"\" width=\"1208\" height=\"680\" title=\"\" srcset=\"https:\/\/www.tgrthaber.com\/mavikadin\/wp-content\/uploads\/Kizilcik-Serbeti-3-sezon-finali-2-fragmani-yayinlandi-mi-300x169.jpg 300w, https:\/\/www.tgrthaber.com\/mavikadin\/wp-content\/uploads\/Kizilcik-Serbeti-3-sezon-finali-2-fragmani-yayinlandi-mi-1024x576.jpg 1024w, https:\/\/www.tgrthaber.com\/mavikadin\/wp-content\/uploads\/Kizilcik-Serbeti-3-sezon-finali-2-fragmani-yayinlandi-mi-768x432.jpg 768w, https:\/\/www.tgrthaber.com\/mavikadin\/wp-content\/uploads\/Kizilcik-Serbeti-3-sezon-finali-2-fragmani-yayinlandi-mi-1536x864.jpg 1536w, https:\/\/www.tgrthaber.com\/mavikadin\/wp-content\/uploads\/Kizilcik-Serbeti-3-sezon-finali-2-fragmani-yayinlandi-mi.jpg 1920w\" sizes=\"(max-width: 1208px) 100vw, 1208px\" \/><\/p>\n<hr \/>\n<h3>KIZILCIK \u015eERBET\u0130 103 B\u00d6L\u00dcMDE NELER OLACAK?<\/h3>\n<p>K\u0131z\u0131lc\u0131k \u015eerbeti\u2019nin son b\u00f6l\u00fcm\u00fcnde Nursema tam evden ayr\u0131lacakken annesi Pembe\u2019nin \u00f6l\u00fcm nedeninin I\u015f\u0131l oldu\u011funu \u00f6\u011frenecek. I\u015f\u0131l, Nursema\u2019y\u0131 kar\u015f\u0131s\u0131nda g\u00f6rd\u00fc\u011f\u00fc anda \u015foka u\u011frayacak. Mustafa, I\u015f\u0131l\u2019\u0131n bir adama para verirken g\u00f6r\u00fcr ve neler \u00e7evirdi\u011fini \u00f6\u011frenmek i\u00e7in harekete ge\u00e7ecek. Mustafa, I\u015f\u0131l\u2019\u0131n olay\u0131n\u0131 ortaya \u00e7\u0131karmak ad\u0131na Nursema\u2019y\u0131 evden uzakla\u015ft\u0131rmaya karar verecek. \u201c Bu evde olacaklar\u0131 g\u00f6rmeni istemiyorum\u201d diyecek.<\/p>\n<p><img loading=\"lazy\" decoding=\"async\" class=\"alignnone wp-image-183043\" src=\"https:\/\/www.tgrthaber.com\/mavikadin\/wp-content\/uploads\/kizilcik-serbeti-103-bolum-300x169.jpg\" alt=\"\" width=\"1208\" height=\"680\" title=\"\" srcset=\"https:\/\/www.tgrthaber.com\/mavikadin\/wp-content\/uploads\/kizilcik-serbeti-103-bolum-300x169.jpg 300w, https:\/\/www.tgrthaber.com\/mavikadin\/wp-content\/uploads\/kizilcik-serbeti-103-bolum-1024x576.jpg 1024w, https:\/\/www.tgrthaber.com\/mavikadin\/wp-content\/uploads\/kizilcik-serbeti-103-bolum-768x432.jpg 768w, https:\/\/www.tgrthaber.com\/mavikadin\/wp-content\/uploads\/kizilcik-serbeti-103-bolum-1536x864.jpg 1536w, https:\/\/www.tgrthaber.com\/mavikadin\/wp-content\/uploads\/kizilcik-serbeti-103-bolum.jpg 1920w\" sizes=\"(max-width: 1208px) 100vw, 1208px\" \/><\/p>\n<hr \/>\n<p>\u00d6mer ve K\u0131v\u0131lc\u0131m ise ya\u015fan\u0131lan bu karga\u015fa i\u00e7erisinde \u00e7ocuklar\u0131n\u0131n gelece\u011fini kurmak i\u00e7in haz\u0131rl\u0131klar\u0131 yapmaya devam ederler. O\u011fullar\u0131n\u0131n ad\u0131n Kemal koymaya karar verirler.<\/p>\n<p><img loading=\"lazy\" decoding=\"async\" class=\"alignnone wp-image-183044\" src=\"https:\/\/www.tgrthaber.com\/mavikadin\/wp-content\/uploads\/kizilcik-serbeti-3-sezon-finali-300x169.jpg\" alt=\"\" width=\"1208\" height=\"680\" title=\"\" srcset=\"https:\/\/www.tgrthaber.com\/mavikadin\/wp-content\/uploads\/kizilcik-serbeti-3-sezon-finali-300x169.jpg 300w, https:\/\/www.tgrthaber.com\/mavikadin\/wp-content\/uploads\/kizilcik-serbeti-3-sezon-finali-1024x576.jpg 1024w, https:\/\/www.tgrthaber.com\/mavikadin\/wp-content\/uploads\/kizilcik-serbeti-3-sezon-finali-768x432.jpg 768w, https:\/\/www.tgrthaber.com\/mavikadin\/wp-content\/uploads\/kizilcik-serbeti-3-sezon-finali-1536x864.jpg 1536w, https:\/\/www.tgrthaber.com\/mavikadin\/wp-content\/uploads\/kizilcik-serbeti-3-sezon-finali.jpg 1920w\" sizes=\"(max-width: 1208px) 100vw, 1208px\" \/><\/p>\n<hr \/>\n<p>Feyyaz ile Fatih, Nursema hakk\u0131nda konu\u015facaklar. Feyyaz, Nursema\u2019ya eve gelmezse bu i\u015fin bitece\u011fine dair tehditte bulunmu\u015ftu. Nursema\u2019n\u0131n ya\u015fad\u0131klar\u0131n\u0131 g\u00f6ren Fatih, ablas\u0131 Nursema\u2019n\u0131n evlili\u011fi i\u00e7in Feyyaz ile konu\u015fmaya karar verecekler. Asude ise Nursema\u2019ya evlili\u011fi hakk\u0131nda sert s\u00f6ylemlerde bulunacak. Nursema ise Feyyaz\u2019dan ayr\u0131lmamak i\u00e7in her \u015feyi onunla konu\u015fmaya karar verecek. \u201cFeyyaz benden uzak durma\u201d<\/p>\n<p><img loading=\"lazy\" decoding=\"async\" class=\"alignnone wp-image-183045\" src=\"https:\/\/www.tgrthaber.com\/mavikadin\/wp-content\/uploads\/kizilcik-serbeti-3-sezon-finali-2-fragman-ne-zmaan-yayinlanacak-300x169.jpg\" alt=\"\" width=\"1208\" height=\"680\" title=\"\" srcset=\"https:\/\/www.tgrthaber.com\/mavikadin\/wp-content\/uploads\/kizilcik-serbeti-3-sezon-finali-2-fragman-ne-zmaan-yayinlanacak-300x169.jpg 300w, https:\/\/www.tgrthaber.com\/mavikadin\/wp-content\/uploads\/kizilcik-serbeti-3-sezon-finali-2-fragman-ne-zmaan-yayinlanacak-1024x576.jpg 1024w, https:\/\/www.tgrthaber.com\/mavikadin\/wp-content\/uploads\/kizilcik-serbeti-3-sezon-finali-2-fragman-ne-zmaan-yayinlanacak-768x432.jpg 768w, https:\/\/www.tgrthaber.com\/mavikadin\/wp-content\/uploads\/kizilcik-serbeti-3-sezon-finali-2-fragman-ne-zmaan-yayinlanacak-1536x864.jpg 1536w, https:\/\/www.tgrthaber.com\/mavikadin\/wp-content\/uploads\/kizilcik-serbeti-3-sezon-finali-2-fragman-ne-zmaan-yayinlanacak.jpg 1920w\" sizes=\"(max-width: 1208px) 100vw, 1208px\" \/><\/p>\n<hr \/>\n<p>Mustafa, kafas\u0131nda planlad\u0131\u011f\u0131 olay\u0131 ger\u00e7ekle\u015ftirmek i\u00e7in herkesten helallik alacak. Mustafa annesi Pembe\u2019nin \u00f6l\u00fcm\u00fcnden I\u015f\u0131l\u2019\u0131n sorumlu oldu\u011funu ba\u015f\u0131ndan beri biliyor muydu? S\u00f6nmez Han\u0131m ve Fatih, Mustafa\u2019n\u0131n hareketlerinden \u015f\u00fcphe duyacaklar. Mustafa, annesinin \u00f6l\u00fcm\u00fcnden sorumlu olan ki\u015fiyi \u00f6ld\u00fcrmeye karar verecek? K\u0131z\u0131lc\u0131k \u015eerbeti 3 sezon finalinde I\u015f\u0131l m\u0131 \u00f6lecek yoksa Abdullah Bey mi vurulacak?<\/p>\n","protected":false},"excerpt":{"rendered":"<p>Cuma ak\u015famlar\u0131n\u0131n sevilen fenomen dizisi K\u0131z\u0131lc\u0131k \u015eerbeti 3 sezon finali ile seyirci kar\u015f\u0131s\u0131na \u00e7\u0131kacak. K\u0131z\u0131lc\u0131k \u015eerbeti 103 b\u00f6l\u00fcm ilk fragman\u0131 yay\u0131nland\u0131. Yay\u0131nlanan fragmanda ortal\u0131k daha kar\u0131\u015faca\u011f\u0131 g\u00f6zler \u00f6n\u00fcne serildi. Peki, K\u0131z\u0131lc\u0131k \u015eerbeti 3 sezon finali 2 fragman\u0131 yay\u0131nland\u0131 m\u0131? K\u0131z\u0131lc\u0131k \u015eerbeti 103 b\u00f6l\u00fcmde neler olacak?<\/p>\n","protected":false},"author":10,"featured_media":183046,"comment_status":"closed","ping_status":"closed","sticky":false,"template":"","format":"standard","meta":{"rank_math_lock_modified_date":false,"footnotes":""},"categories":[602],"tags":[2628,10390,157,22841,22842],"class_list":["post-183041","post","type-post","status-publish","format-standard","has-post-thumbnail","hentry","category-diziler","tag-dizi-haberleri","tag-dizi-magazin","tag-kizilcik-serbeti","tag-kizilcik-serbeti-103-bolum","tag-kizilcik-serbeti-3-sezon-finali-2-fragman"],"_links":{"self":[{"href":"https:\/\/www.tgrthaber.com\/mavikadin\/wp-json\/wp\/v2\/posts\/183041"}],"collection":[{"href":"https:\/\/www.tgrthaber.com\/mavikadin\/wp-json\/wp\/v2\/posts"}],"about":[{"href":"https:\/\/www.tgrthaber.com\/mavikadin\/wp-json\/wp\/v2\/types\/post"}],"author":[{"embeddable":true,"href":"https:\/\/www.tgrthaber.com\/mavikadin\/wp-json\/wp\/v2\/users\/10"}],"replies":[{"embeddable":true,"href":"https:\/\/www.tgrthaber.com\/mavikadin\/wp-json\/wp\/v2\/comments?post=183041"}],"version-history":[{"count":1,"href":"https:\/\/www.tgrthaber.com\/mavikadin\/wp-json\/wp\/v2\/posts\/183041\/revisions"}],"predecessor-version":[{"id":183047,"href":"https:\/\/www.tgrthaber.com\/mavikadin\/wp-json\/wp\/v2\/posts\/183041\/revisions\/183047"}],"wp:featuredmedia":[{"embeddable":true,"href":"https:\/\/www.tgrthaber.com\/mavikadin\/wp-json\/wp\/v2\/media\/183046"}],"wp:attachment":[{"href":"https:\/\/www.tgrthaber.com\/mavikadin\/wp-json\/wp\/v2\/media?parent=183041"}],"wp:term":[{"taxonomy":"category","embeddable":true,"href":"https:\/\/www.tgrthaber.com\/mavikadin\/wp-json\/wp\/v2\/categories?post=183041"},{"taxonomy":"post_tag","embeddable":true,"href":"https:\/\/www.tgrthaber.com\/mavikadin\/wp-json\/wp\/v2\/tags?post=183041"}],"curies":[{"name":"wp","href":"https:\/\/api.w.org\/{rel}","templated":true}]}}