{"id":183055,"date":"2025-05-27T01:46:06","date_gmt":"2025-05-26T22:46:06","guid":{"rendered":"https:\/\/www.tgrthaber.com\/mavikadin\/?p=183055"},"modified":"2025-05-27T01:46:06","modified_gmt":"2025-05-26T22:46:06","slug":"kurulus-osman-193-bolum-2-fragmani-yayinlandi-kurulus-osman-193-bolumde-neler-olacak","status":"publish","type":"post","link":"https:\/\/www.tgrthaber.com\/mavikadin\/kurulus-osman-193-bolum-2-fragmani-yayinlandi-kurulus-osman-193-bolumde-neler-olacak\/","title":{"rendered":"Kurulu\u015f Osman 193 b\u00f6l\u00fcm 2 fragman\u0131 yay\u0131nland\u0131! Kurulu\u015f Osman 193 b\u00f6l\u00fcmde neler olacak?"},"content":{"rendered":"<p>\u00c7ar\u015famba ak\u015famlar\u0131n\u0131n efsanele\u015fmi\u015f dizisi Kurulu\u015f Osman sezon finali \u00f6ncesi yeni b\u00f6l\u00fcmleriyle ekrana gelmeye devam ediyor. Osman Bey, planlad\u0131\u011f\u0131 toy karar\u0131n\u0131 kurabilecek mi? Halime Sofia\u2019ya kar\u015f\u0131 ne yapacak? t\u00fcm ya\u015fan\u0131lacak geli\u015fmelerin cevab\u0131 Kurulu\u015f Osman dizisinin 193 b\u00f6l\u00fcm\u00fcnde sakl\u0131. Peki, Kurulu\u015f Osman 193 b\u00f6l\u00fcm\u00fcnde neler olacak?<\/p>\n<h3>KURULU\u015e OSMAN 193 B\u00d6L\u00dcM\u00dcNDE NELER OLACAK?<\/h3>\n<p>Osman i\u00e7lerindeki Yi\u011fit Bey\u2019in d\u00fc\u015fman\u0131n kar\u015f\u0131 tarafa ge\u00e7ti\u011fini fark edecek. Arkada\u015flar\u0131yla birlikte hedefledi\u011fi d\u00fczeni kurabilmek i\u00e7in d\u00fc\u015fmanlar\u0131n\u0131n hamlelerini geri teptirecek. Halime ise Sofia ile hesapla\u015fmas\u0131 s\u0131ras\u0131nda yaralanacak. Sofia, Osman\u2019a kar\u015f\u0131 harekete ge\u00e7meye devam edecek.<\/p>\n<p><img loading=\"lazy\" decoding=\"async\" class=\"alignnone wp-image-183056\" src=\"https:\/\/www.tgrthaber.com\/mavikadin\/wp-content\/uploads\/kurulus-osman-26-300x169.jpg\" alt=\"\" width=\"1208\" height=\"680\" title=\"\" srcset=\"https:\/\/www.tgrthaber.com\/mavikadin\/wp-content\/uploads\/kurulus-osman-26-300x169.jpg 300w, https:\/\/www.tgrthaber.com\/mavikadin\/wp-content\/uploads\/kurulus-osman-26-1024x576.jpg 1024w, https:\/\/www.tgrthaber.com\/mavikadin\/wp-content\/uploads\/kurulus-osman-26-768x432.jpg 768w, https:\/\/www.tgrthaber.com\/mavikadin\/wp-content\/uploads\/kurulus-osman-26-1536x864.jpg 1536w, https:\/\/www.tgrthaber.com\/mavikadin\/wp-content\/uploads\/kurulus-osman-26.jpg 1920w\" sizes=\"(max-width: 1208px) 100vw, 1208px\" \/><\/p>\n<hr \/>\n<p>Claudius ise Osman ve adamlar\u0131na kar\u015f\u0131 ordusunu harekete ge\u00e7irecek. Kaleyi asla alamayacaklar\u0131na dair askerlerini inand\u0131racak. Osman ve Claudius G\u00f6yn\u00fck ile Mudurnu i\u00e7in kar\u015f\u0131 kar\u015f\u0131ya gelecek. \u0130ki taraf\u0131n ordusu da sava\u015f\u0131 kaybetmemek i\u00e7in ellerinden geleni yapacak. Sofia halka kar\u015f\u0131 \u201c Ya \u00f6lece\u011fiz ya da \u015fehrimizi geri alaca\u011f\u0131z\u201d diye ba\u011f\u0131rarak sava\u015f\u0131n i\u00e7erisine \u00e7ekmeye \u00e7al\u0131\u015facak.<\/p>\n<p><img loading=\"lazy\" decoding=\"async\" class=\"alignnone wp-image-183057\" src=\"https:\/\/www.tgrthaber.com\/mavikadin\/wp-content\/uploads\/kurulus-olsman-193-bolum-300x169.jpg\" alt=\"\" width=\"1208\" height=\"680\" title=\"\" srcset=\"https:\/\/www.tgrthaber.com\/mavikadin\/wp-content\/uploads\/kurulus-olsman-193-bolum-300x169.jpg 300w, https:\/\/www.tgrthaber.com\/mavikadin\/wp-content\/uploads\/kurulus-olsman-193-bolum-1024x576.jpg 1024w, https:\/\/www.tgrthaber.com\/mavikadin\/wp-content\/uploads\/kurulus-olsman-193-bolum-768x432.jpg 768w, https:\/\/www.tgrthaber.com\/mavikadin\/wp-content\/uploads\/kurulus-olsman-193-bolum-1536x864.jpg 1536w, https:\/\/www.tgrthaber.com\/mavikadin\/wp-content\/uploads\/kurulus-olsman-193-bolum.jpg 1920w\" sizes=\"(max-width: 1208px) 100vw, 1208px\" \/><\/p>\n<hr \/>\n<p>Osman, Claudius ve Sofia ile sava\u015f\u0131rken halk\u0131 i\u00e7inde yenilikler yapmaya devam edecek. Osman Bey, \u201c Gen\u00e7 alpler ve bac\u0131lar evlenebilsin diye bir vak\u0131f kuraca\u011f\u0131z\u201d karar\u0131 alacak. Osman Beyin karar\u0131 y\u00f6netimdeki herkes taraf\u0131ndan \u201c Neslin devam\u0131 devletin bekas\u0131d\u0131r\u201d denilerek kabul g\u00f6recek.<\/p>\n<p><img loading=\"lazy\" decoding=\"async\" class=\"alignnone wp-image-183058\" src=\"https:\/\/www.tgrthaber.com\/mavikadin\/wp-content\/uploads\/kurulus-osman-193-bolumde-neler-olacak-300x169.jpg\" alt=\"\" width=\"1208\" height=\"680\" title=\"\" srcset=\"https:\/\/www.tgrthaber.com\/mavikadin\/wp-content\/uploads\/kurulus-osman-193-bolumde-neler-olacak-300x169.jpg 300w, https:\/\/www.tgrthaber.com\/mavikadin\/wp-content\/uploads\/kurulus-osman-193-bolumde-neler-olacak-1024x576.jpg 1024w, https:\/\/www.tgrthaber.com\/mavikadin\/wp-content\/uploads\/kurulus-osman-193-bolumde-neler-olacak-768x432.jpg 768w, https:\/\/www.tgrthaber.com\/mavikadin\/wp-content\/uploads\/kurulus-osman-193-bolumde-neler-olacak-1536x864.jpg 1536w, https:\/\/www.tgrthaber.com\/mavikadin\/wp-content\/uploads\/kurulus-osman-193-bolumde-neler-olacak.jpg 1920w\" sizes=\"(max-width: 1208px) 100vw, 1208px\" \/><\/p>\n<hr \/>\n<p>Osman Bey, Claudius\u2019un t\u00fcm gizli hilelerine kar\u015f\u0131 ordusunu haz\u0131r hale getirecek ve \u201c Kan\u0131m\u0131z\u0131n son damlas\u0131na kadar Alem-i \u0130slam i\u00e7in m\u00fccadele edece\u011fiz\u201d diyerek kaleye do\u011fru sald\u0131r\u0131 emri verecek. Havan toplar\u0131 Claudius\u2019un kalesini y\u0131kmak i\u00e7in at\u0131lacak.<\/p>\n<p><img loading=\"lazy\" decoding=\"async\" class=\"alignnone wp-image-183059\" src=\"https:\/\/www.tgrthaber.com\/mavikadin\/wp-content\/uploads\/kurulus-osman-sezon-finali-4-haziran-2025-carsamba-aksami-300x169.jpg\" alt=\"\" width=\"1208\" height=\"680\" title=\"\" srcset=\"https:\/\/www.tgrthaber.com\/mavikadin\/wp-content\/uploads\/kurulus-osman-sezon-finali-4-haziran-2025-carsamba-aksami-300x169.jpg 300w, https:\/\/www.tgrthaber.com\/mavikadin\/wp-content\/uploads\/kurulus-osman-sezon-finali-4-haziran-2025-carsamba-aksami-1024x576.jpg 1024w, https:\/\/www.tgrthaber.com\/mavikadin\/wp-content\/uploads\/kurulus-osman-sezon-finali-4-haziran-2025-carsamba-aksami-768x432.jpg 768w, https:\/\/www.tgrthaber.com\/mavikadin\/wp-content\/uploads\/kurulus-osman-sezon-finali-4-haziran-2025-carsamba-aksami-1536x864.jpg 1536w, https:\/\/www.tgrthaber.com\/mavikadin\/wp-content\/uploads\/kurulus-osman-sezon-finali-4-haziran-2025-carsamba-aksami.jpg 1920w\" sizes=\"(max-width: 1208px) 100vw, 1208px\" \/><\/p>\n<hr \/>\n<h3>KURULU\u015e OSMAN 194. B\u00d6L\u00dcM\u00dc \u0130LE SEZON F\u0130NAL\u0130NE G\u0130RECEK<\/h3>\n<p>ATV ekranlar\u0131nda 6 sezon boyunca oynamaya devam eden Kurulu\u015f Osman dizisi Haziran 2025 y\u0131l\u0131nda sezon finaline girecek. 4 Haziran 2025 \u00c7ar\u015famba saat 20:00\u2019da Kurulu\u015f Osman 194 b\u00f6l\u00fcm sezon finali yay\u0131nlanacak. Eyl\u00fcl ya da Ekim 2025 gibi Kurulu\u015f Osman dizisinin 7 sezonu ba\u015flamas\u0131 tahmin ediliyor. Yeni yay\u0131n d\u00f6neminde yeni oyuncular\u0131n dahil olup olmayaca\u011f\u0131 konusunda herhangi net bir a\u00e7\u0131klama yap\u0131lmad\u0131.<\/p>\n","protected":false},"excerpt":{"rendered":"<p>ATV\u2019nin sevilen dizisi Kurulu\u015f Osman tarihin tozlu raflar\u0131nda kalm\u0131\u015f olaylara \u0131\u015f\u0131k tutmaya devam ediyor. 28 May\u0131s 2025 ak\u015fam\u0131 ekranlara yeni b\u00f6l\u00fcm\u00fc ile gelecek olan Kurulu\u015f Osman 193 b\u00f6l\u00fcm 2 fragman\u0131 yay\u0131nland\u0131. Peki, Kurulu\u015f Osman 193 b\u00f6l\u00fcm\u00fcnde neler olacak?<\/p>\n","protected":false},"author":10,"featured_media":183060,"comment_status":"closed","ping_status":"closed","sticky":false,"template":"","format":"standard","meta":{"rank_math_lock_modified_date":false,"footnotes":""},"categories":[602],"tags":[2628,10390,22846,22845],"class_list":["post-183055","post","type-post","status-publish","format-standard","has-post-thumbnail","hentry","category-diziler","tag-dizi-haberleri","tag-dizi-magazin","tag-kurulus-osman-193-bolum","tag-kurulus-osman-193-bolum-2-fragman"],"_links":{"self":[{"href":"https:\/\/www.tgrthaber.com\/mavikadin\/wp-json\/wp\/v2\/posts\/183055"}],"collection":[{"href":"https:\/\/www.tgrthaber.com\/mavikadin\/wp-json\/wp\/v2\/posts"}],"about":[{"href":"https:\/\/www.tgrthaber.com\/mavikadin\/wp-json\/wp\/v2\/types\/post"}],"author":[{"embeddable":true,"href":"https:\/\/www.tgrthaber.com\/mavikadin\/wp-json\/wp\/v2\/users\/10"}],"replies":[{"embeddable":true,"href":"https:\/\/www.tgrthaber.com\/mavikadin\/wp-json\/wp\/v2\/comments?post=183055"}],"version-history":[{"count":1,"href":"https:\/\/www.tgrthaber.com\/mavikadin\/wp-json\/wp\/v2\/posts\/183055\/revisions"}],"predecessor-version":[{"id":183061,"href":"https:\/\/www.tgrthaber.com\/mavikadin\/wp-json\/wp\/v2\/posts\/183055\/revisions\/183061"}],"wp:featuredmedia":[{"embeddable":true,"href":"https:\/\/www.tgrthaber.com\/mavikadin\/wp-json\/wp\/v2\/media\/183060"}],"wp:attachment":[{"href":"https:\/\/www.tgrthaber.com\/mavikadin\/wp-json\/wp\/v2\/media?parent=183055"}],"wp:term":[{"taxonomy":"category","embeddable":true,"href":"https:\/\/www.tgrthaber.com\/mavikadin\/wp-json\/wp\/v2\/categories?post=183055"},{"taxonomy":"post_tag","embeddable":true,"href":"https:\/\/www.tgrthaber.com\/mavikadin\/wp-json\/wp\/v2\/tags?post=183055"}],"curies":[{"name":"wp","href":"https:\/\/api.w.org\/{rel}","templated":true}]}}