{"id":183098,"date":"2025-05-27T10:04:19","date_gmt":"2025-05-27T07:04:19","guid":{"rendered":"https:\/\/www.tgrthaber.com\/mavikadin\/?p=183098"},"modified":"2025-05-27T10:04:19","modified_gmt":"2025-05-27T07:04:19","slug":"uzak-sehir-dizisinde-kaya-oluyor-mu-atakan-ozkaya-diziden-ayriliyor-mu","status":"publish","type":"post","link":"https:\/\/www.tgrthaber.com\/mavikadin\/uzak-sehir-dizisinde-kaya-oluyor-mu-atakan-ozkaya-diziden-ayriliyor-mu\/","title":{"rendered":"Uzak \u015eehir dizisinde Kaya \u00f6l\u00fcyor mu? Atakan \u00d6zkaya diziden ayr\u0131l\u0131yor mu?"},"content":{"rendered":"<p>Ekranlar\u0131n reyting rekortmeni ba\u015far\u0131l\u0131 dizisi Uzak \u015eehir t\u00fcm h\u0131z\u0131yla yay\u0131nlanmaya devam ediyor. Yeni b\u00f6l\u00fcmleriyle seyirciyi ekran ba\u015f\u0131na kilitleyen dizi izlenme rekorlar\u0131 da k\u0131r\u0131yor. Ge\u00e7ti\u011fimiz ak\u015fam yeni b\u00f6l\u00fcm\u00fcyle seyirci ile bulu\u015fan dizide nefes kesen anlar ya\u015fand\u0131. Herkes Boran\u2019\u0131n katilinin kim oldu\u011funu ara\u015ft\u0131r\u0131rken ortaya \u00e7\u0131kan ger\u00e7ekler herkesi \u015fa\u015f\u0131rtt\u0131. Dizinin son sahnesinde ger\u00e7ekle\u015fen korkun\u00e7 kaza sonras\u0131 Kaya\u2019n\u0131n \u00f6l\u00fcp \u00f6lmedi\u011fi merak edildi. Peki, Uzak \u015eehir dizisinde Kaya \u00f6l\u00fcyor mu? Atakan \u00d6zkaya diziden ayr\u0131l\u0131yor mu? Uzak \u015eehir dizisinin Kaya\u2019s\u0131 Atakan \u00d6zkaya\u2019n\u0131n diziden ayr\u0131l\u0131p ayr\u0131lmad\u0131\u011f\u0131 hakk\u0131nda merak edilenleri sizin i\u00e7in ara\u015ft\u0131rd\u0131k. \u0130\u015fte Kaya\u2019n\u0131n Uzak \u015eehir\u2019e veda edip etmeyece\u011fine dair detaylar\u2026<\/p>\n<h3>UZAK \u015eEH\u0130R D\u0130Z\u0130S\u0130NDE KAYA \u00d6L\u00dcYOR MU?<\/h3>\n<p>Kanal D ekranlar\u0131n\u0131n reyting rekortmeni dizisi Uzak \u015eehir, yay\u0131nland\u0131\u011f\u0131 g\u00fcnden bu yana b\u00fcy\u00fck bir ilgiyle takip ediliyor.\u00a0 Konusu ve g\u00fc\u00e7l\u00fc oyuncu kadrosuyla dikkatleri \u00fczerine \u00e7eken dizi, yepyeni b\u00f6l\u00fcmleriyle seyirciyi ekran ba\u015f\u0131na kilitlemeye devam ediyor.<\/p>\n<p><img loading=\"lazy\" decoding=\"async\" class=\"alignnone wp-image-183101\" src=\"https:\/\/www.tgrthaber.com\/mavikadin\/wp-content\/uploads\/Uzak-Sehir-3-21-1024x576.jpg\" alt=\"Uzak \u015eehir dizisinde Kaya \u00f6l\u00fcyor mu? Atakan \u00d6zkaya diziden ayr\u0131l\u0131yor mu?\" width=\"1208\" height=\"680\" title=\"\" srcset=\"https:\/\/www.tgrthaber.com\/mavikadin\/wp-content\/uploads\/Uzak-Sehir-3-21-1024x576.jpg 1024w, https:\/\/www.tgrthaber.com\/mavikadin\/wp-content\/uploads\/Uzak-Sehir-3-21-300x169.jpg 300w, https:\/\/www.tgrthaber.com\/mavikadin\/wp-content\/uploads\/Uzak-Sehir-3-21-768x432.jpg 768w, https:\/\/www.tgrthaber.com\/mavikadin\/wp-content\/uploads\/Uzak-Sehir-3-21-1536x864.jpg 1536w, https:\/\/www.tgrthaber.com\/mavikadin\/wp-content\/uploads\/Uzak-Sehir-3-21.jpg 1600w\" sizes=\"(max-width: 1208px) 100vw, 1208px\" \/><\/p>\n<hr \/>\n<p>Ge\u00e7ti\u011fimiz b\u00f6l\u00fcmlerde t\u00fcm \u015f\u00fcpheler Halis\u2019in \u00fczerinde g\u00f6sterilirken Nadim Baybars ve Hasan Day\u0131\u2019n\u0131n birlikte i\u015f birli\u011fi i\u00e7erisinde olabilecekleri iddia edilmi\u015fti. Halis\u2019in Fikriye\u2019yi Cihan\u2019\u0131n ise Halis\u2019i vurmas\u0131 herkesi \u015foke etmi\u015fti. Cihan abisinin katilinin pe\u015fine d\u00fc\u015fm\u00fc\u015f ve bu i\u015fi b\u0131rakmam\u0131\u015ft\u0131.<\/p>\n<p><img loading=\"lazy\" decoding=\"async\" class=\"alignnone wp-image-183102\" src=\"https:\/\/www.tgrthaber.com\/mavikadin\/wp-content\/uploads\/Uzak-Sehir-6-8-1024x576.jpg\" alt=\"Uzak \u015eehir dizisinde Kaya \u00f6l\u00fcyor mu? Atakan \u00d6zkaya diziden ayr\u0131l\u0131yor mu?\" width=\"1208\" height=\"680\" title=\"\" srcset=\"https:\/\/www.tgrthaber.com\/mavikadin\/wp-content\/uploads\/Uzak-Sehir-6-8-1024x576.jpg 1024w, https:\/\/www.tgrthaber.com\/mavikadin\/wp-content\/uploads\/Uzak-Sehir-6-8-300x169.jpg 300w, https:\/\/www.tgrthaber.com\/mavikadin\/wp-content\/uploads\/Uzak-Sehir-6-8-768x432.jpg 768w, https:\/\/www.tgrthaber.com\/mavikadin\/wp-content\/uploads\/Uzak-Sehir-6-8-1536x864.jpg 1536w, https:\/\/www.tgrthaber.com\/mavikadin\/wp-content\/uploads\/Uzak-Sehir-6-8.jpg 1600w\" sizes=\"(max-width: 1208px) 100vw, 1208px\" \/><\/p>\n<hr \/>\n<p>Ba\u015frollerinde Ozan Akbaba ve Sinem \u00dcnsal gibi ba\u015far\u0131l\u0131 oyuncular\u0131n yer ald\u0131\u011f\u0131 dizide Boran\u2019\u0131n kim taraf\u0131ndan \u00f6ld\u00fcrt\u00fcld\u00fc\u011f\u00fc merakla ara\u015ft\u0131r\u0131l\u0131yordu. Dizinin yay\u0131nlanan yeni b\u00f6l\u00fcm\u00fcnde Boran\u2019\u0131n katilinin kim oldu\u011fu belli oldu. Ge\u00e7ti\u011fimiz ak\u015fam nefes kesen bir b\u00f6l\u00fcme imza atan diziye Nadim ve Kaya\u2019n\u0131n ge\u00e7irdi\u011fi korkun\u00e7 kaza damga vurdu. Kaya ve Nadim\u2019in i\u00e7inde oldu\u011fu araba kona\u011fa giderken u\u00e7urumdan yuvarland\u0131. Kaya\u2019n\u0131n \u00f6l\u00fcp \u00f6lmedi\u011fi ise izleyiciler taraf\u0131ndan merakla ara\u015ft\u0131r\u0131lmaya ba\u015fland\u0131.<\/p>\n<p><img loading=\"lazy\" decoding=\"async\" class=\"alignnone wp-image-183104\" src=\"https:\/\/www.tgrthaber.com\/mavikadin\/wp-content\/uploads\/Uzak-Sehir-5-16-1024x576.jpg\" alt=\"Uzak \u015eehir dizisinde Kaya \u00f6l\u00fcyor mu? Atakan \u00d6zkaya diziden ayr\u0131l\u0131yor mu?\" width=\"1208\" height=\"680\" title=\"\" srcset=\"https:\/\/www.tgrthaber.com\/mavikadin\/wp-content\/uploads\/Uzak-Sehir-5-16-1024x576.jpg 1024w, https:\/\/www.tgrthaber.com\/mavikadin\/wp-content\/uploads\/Uzak-Sehir-5-16-300x169.jpg 300w, https:\/\/www.tgrthaber.com\/mavikadin\/wp-content\/uploads\/Uzak-Sehir-5-16-768x432.jpg 768w, https:\/\/www.tgrthaber.com\/mavikadin\/wp-content\/uploads\/Uzak-Sehir-5-16-1536x864.jpg 1536w, https:\/\/www.tgrthaber.com\/mavikadin\/wp-content\/uploads\/Uzak-Sehir-5-16.jpg 1600w\" sizes=\"(max-width: 1208px) 100vw, 1208px\" \/><\/p>\n<hr \/>\n<h3>ATAKAN \u00d6ZKAYA UZAK \u015eEH\u0130R D\u0130Z\u0130S\u0130NDEN AYRILIYOR MU?<\/h3>\n<p>Uzak \u015eehir dizisinin ge\u00e7ti\u011fimiz ak\u015fam yay\u0131nlanan 27. b\u00f6l\u00fcm\u00fcnde Boran\u2019\u0131n katilinin kim oldu\u011fu ortaya \u00e7\u0131kt\u0131. Cihan, pe\u015fini b\u0131rakmad\u0131\u011f\u0131 Suriyeliyle ilgili yeni bir gelime \u00f6\u011frendi. \u015eahin\u2019le birlikte hareket eder ve Boran\u2019\u0131n katilini ortaya \u00e7\u0131kard\u0131.<\/p>\n<p>Boran\u2019\u0131n katilinin Nadim Baybars oldu\u011fu \u00f6\u011frenildi. Herkeste b\u00fcy\u00fck \u015fa\u015fk\u0131nl\u0131k olu\u015fturan bu durum sonras\u0131 Kaya\u2019n\u0131n Nadim\u2019i al\u0131p kona\u011fa getirmek istemesi sonras\u0131 b\u00fcy\u00fck bir kaza ya\u015fand\u0131 ve araba u\u00e7urumdan yuvarland\u0131.<\/p>\n<p><img loading=\"lazy\" decoding=\"async\" class=\"alignnone wp-image-183106\" src=\"https:\/\/www.tgrthaber.com\/mavikadin\/wp-content\/uploads\/Uzak-Sehir-1-24-1024x576.jpg\" alt=\"Uzak \u015eehir dizisinde Kaya \u00f6l\u00fcyor mu? Atakan \u00d6zkaya diziden ayr\u0131l\u0131yor mu?\" width=\"1208\" height=\"680\" title=\"\" srcset=\"https:\/\/www.tgrthaber.com\/mavikadin\/wp-content\/uploads\/Uzak-Sehir-1-24-1024x576.jpg 1024w, https:\/\/www.tgrthaber.com\/mavikadin\/wp-content\/uploads\/Uzak-Sehir-1-24-300x169.jpg 300w, https:\/\/www.tgrthaber.com\/mavikadin\/wp-content\/uploads\/Uzak-Sehir-1-24-768x432.jpg 768w, https:\/\/www.tgrthaber.com\/mavikadin\/wp-content\/uploads\/Uzak-Sehir-1-24-1536x864.jpg 1536w, https:\/\/www.tgrthaber.com\/mavikadin\/wp-content\/uploads\/Uzak-Sehir-1-24.jpg 1600w\" sizes=\"(max-width: 1208px) 100vw, 1208px\" \/><\/p>\n<hr \/>\n<p>Uzak \u015eehir dizisinin son b\u00f6l\u00fcm\u00fcn son sahnesinde ya\u015fanan korkun\u00e7 kaza sonras\u0131 Kaya karakterini oynayan Atakan \u00d6zkaya\u2019n\u0131n rol gere\u011fi \u00f6l\u00fcp \u00f6lmedi\u011fi merak edildi. Dizinin yeni b\u00f6l\u00fcm fragman\u0131 yay\u0131nland\u0131.<\/p>\n<p>Fakat b\u00f6l\u00fcmde Kaya\u2019n\u0131n \u00f6l\u00fcp \u00f6lmedi\u011fine dair detaylar yer almad\u0131. Kaya\u2019n\u0131n \u00f6l\u00fcp \u00f6lmedi\u011fi gelecek hafta yay\u0131nlanacak olan sezon finali b\u00f6l\u00fcm\u00fcnde belli olacak. Atakan \u00d6zkaya\u2019n\u0131n hen\u00fcz Uzak \u015eehir dizisinden ayr\u0131l\u0131p ayr\u0131lmayaca\u011f\u0131 resmi olarak a\u00e7\u0131klanmad\u0131.<\/p>\n<p><img loading=\"lazy\" decoding=\"async\" class=\"alignnone wp-image-183109\" src=\"https:\/\/www.tgrthaber.com\/mavikadin\/wp-content\/uploads\/Uzak-Sehir-8-8-1024x576.jpg\" alt=\"Uzak \u015eehir dizisinde Kaya \u00f6l\u00fcyor mu? Atakan \u00d6zkaya diziden ayr\u0131l\u0131yor mu?\" width=\"1208\" height=\"680\" title=\"\" srcset=\"https:\/\/www.tgrthaber.com\/mavikadin\/wp-content\/uploads\/Uzak-Sehir-8-8-1024x576.jpg 1024w, https:\/\/www.tgrthaber.com\/mavikadin\/wp-content\/uploads\/Uzak-Sehir-8-8-300x169.jpg 300w, https:\/\/www.tgrthaber.com\/mavikadin\/wp-content\/uploads\/Uzak-Sehir-8-8-768x432.jpg 768w, https:\/\/www.tgrthaber.com\/mavikadin\/wp-content\/uploads\/Uzak-Sehir-8-8-1536x864.jpg 1536w, https:\/\/www.tgrthaber.com\/mavikadin\/wp-content\/uploads\/Uzak-Sehir-8-8.jpg 1600w\" sizes=\"(max-width: 1208px) 100vw, 1208px\" \/><\/p>\n","protected":false},"excerpt":{"rendered":"<p>Kanal D ekranlar\u0131n\u0131n sevilen dizisi Uzak \u015eehir, ge\u00e7ti\u011fimiz ak\u015fam nefes kesen bir b\u00f6l\u00fcme imza att\u0131. Dizinin son sahnesinde ger\u00e7ekle\u015fen korkun\u00e7 kaza sonras\u0131 Kaya\u2019n\u0131n \u00f6l\u00fcp \u00f6lmedi\u011fi merak edildi. Peki, Uzak \u015eehir dizisinde Kaya \u00f6l\u00fcyor mu? Atakan \u00d6zkaya diziden ayr\u0131l\u0131yor mu? \u0130\u015fte detaylar\u2026<\/p>\n","protected":false},"author":26,"featured_media":183100,"comment_status":"closed","ping_status":"closed","sticky":false,"template":"","format":"standard","meta":{"rank_math_lock_modified_date":false,"footnotes":""},"categories":[602],"tags":[2882,2628,3602,2293,19419],"class_list":["post-183098","post","type-post","status-publish","format-standard","has-post-thumbnail","hentry","category-diziler","tag-atakan-ozkaya","tag-dizi-haberleri","tag-diziler","tag-uzak-sehir","tag-uzak-sehir-kaya-albora"],"_links":{"self":[{"href":"https:\/\/www.tgrthaber.com\/mavikadin\/wp-json\/wp\/v2\/posts\/183098"}],"collection":[{"href":"https:\/\/www.tgrthaber.com\/mavikadin\/wp-json\/wp\/v2\/posts"}],"about":[{"href":"https:\/\/www.tgrthaber.com\/mavikadin\/wp-json\/wp\/v2\/types\/post"}],"author":[{"embeddable":true,"href":"https:\/\/www.tgrthaber.com\/mavikadin\/wp-json\/wp\/v2\/users\/26"}],"replies":[{"embeddable":true,"href":"https:\/\/www.tgrthaber.com\/mavikadin\/wp-json\/wp\/v2\/comments?post=183098"}],"version-history":[{"count":1,"href":"https:\/\/www.tgrthaber.com\/mavikadin\/wp-json\/wp\/v2\/posts\/183098\/revisions"}],"predecessor-version":[{"id":183111,"href":"https:\/\/www.tgrthaber.com\/mavikadin\/wp-json\/wp\/v2\/posts\/183098\/revisions\/183111"}],"wp:featuredmedia":[{"embeddable":true,"href":"https:\/\/www.tgrthaber.com\/mavikadin\/wp-json\/wp\/v2\/media\/183100"}],"wp:attachment":[{"href":"https:\/\/www.tgrthaber.com\/mavikadin\/wp-json\/wp\/v2\/media?parent=183098"}],"wp:term":[{"taxonomy":"category","embeddable":true,"href":"https:\/\/www.tgrthaber.com\/mavikadin\/wp-json\/wp\/v2\/categories?post=183098"},{"taxonomy":"post_tag","embeddable":true,"href":"https:\/\/www.tgrthaber.com\/mavikadin\/wp-json\/wp\/v2\/tags?post=183098"}],"curies":[{"name":"wp","href":"https:\/\/api.w.org\/{rel}","templated":true}]}}