{"id":183139,"date":"2025-05-27T10:51:58","date_gmt":"2025-05-27T07:51:58","guid":{"rendered":"https:\/\/www.tgrthaber.com\/mavikadin\/?p=183139"},"modified":"2025-05-27T10:51:57","modified_gmt":"2025-05-27T07:51:57","slug":"gunluk-burc-yorumlari-28-mayis-2025-aslan-ic-sesini-bastirmazken-kova-uzaklara-bakiyor","status":"publish","type":"post","link":"https:\/\/www.tgrthaber.com\/mavikadin\/gunluk-burc-yorumlari-28-mayis-2025-aslan-ic-sesini-bastirmazken-kova-uzaklara-bakiyor\/","title":{"rendered":"G\u00fcnl\u00fck bur\u00e7 yorumlar\u0131 28 May\u0131s 2025! Aslan i\u00e7 sesini bast\u0131rmazken Kova uzaklara bak\u0131yor"},"content":{"rendered":"<p>G\u00fcn, d\u00fc\u015f\u00fcnceleri sessizce \u015fekillendirirken duygular\u0131n y\u00f6n verdi\u011fi se\u00e7imlerle \u00f6r\u00fcl\u00fcyor. Baz\u0131 bur\u00e7lar i\u00e7sel bir hesapla\u015fmayla y\u00fczle\u015firken, baz\u0131lar\u0131 d\u0131\u015f d\u00fcnyadaki yank\u0131lara odaklan\u0131yor. Bug\u00fcn, dengeleri korumak kadar sezgilere g\u00fcvenmek de \u00f6nemli olabilir.<\/p>\n<h3>G\u00dcNL\u00dcK BUR\u00c7 YORUMLARI 28 MAYIS 2025<\/h3>\n<p><strong>Ko\u00e7<\/strong><\/p>\n<p>Bug\u00fcn kendini ifade etme arzun daha da g\u00fc\u00e7leniyor. Ancak bu d\u00fcrt\u00fc, d\u00fc\u015f\u00fcnmeden s\u00f6ylenen baz\u0131 s\u00f6zlerle gerginli\u011fe sebep olabilir. \u00d6zellikle yak\u0131n \u00e7evrenle olan ileti\u015fimine dikkat etmekte fayda var. Harekete ge\u00e7meden \u00f6nce bir durup d\u00fc\u015f\u00fcn, \u00e7\u00fcnk\u00fc h\u0131z\u0131n yan\u0131nda sab\u0131r da sana kazand\u0131racak.<\/p>\n<p><strong>Bo\u011fa<\/strong><\/p>\n<p>Maddi ve manevi de\u011ferlerini sorgulad\u0131\u011f\u0131n bir g\u00fcn olabilir. Kendini g\u00fcvende hissetmek ad\u0131na ge\u00e7mi\u015f al\u0131\u015fkanl\u0131klara tutunabilirsin. Fakat bug\u00fcn\u00fcn enerjisi sana, baz\u0131 kal\u0131plar\u0131 b\u0131rakman\u0131n zaman\u0131n\u0131n geldi\u011fini hat\u0131rlat\u0131yor. De\u011fi\u015fim seni korkutmas\u0131n, bu kez k\u00f6k salaca\u011f\u0131n yer daha sa\u011flam olabilir.<\/p>\n<p><strong>\u0130kizler<\/strong><\/p>\n<p>Zihinsel yo\u011funluk olduk\u00e7a fazla ve d\u00fc\u015f\u00fcncelerini toparlamakta zorlanabilirsin. \u0130\u00e7sel bir konu\u015fma h\u00e2li seni duygular\u0131na kar\u015f\u0131 daha duyarl\u0131 k\u0131l\u0131yor. Bug\u00fcn ani kararlar almaktan ka\u00e7\u0131n; sezgilerinle zihnin \u00e7arp\u0131\u015fabilir. \u0130kisini dengelemen gereken bir g\u00fcn.<\/p>\n<p><img loading=\"lazy\" decoding=\"async\" class=\"alignnone size-full wp-image-183158\" src=\"https:\/\/www.tgrthaber.com\/mavikadin\/wp-content\/uploads\/2-1106.png\" alt=\"\" width=\"1280\" height=\"720\" title=\"\" srcset=\"https:\/\/www.tgrthaber.com\/mavikadin\/wp-content\/uploads\/2-1106.png 1280w, https:\/\/www.tgrthaber.com\/mavikadin\/wp-content\/uploads\/2-1106-300x169.png 300w, https:\/\/www.tgrthaber.com\/mavikadin\/wp-content\/uploads\/2-1106-1024x576.png 1024w, https:\/\/www.tgrthaber.com\/mavikadin\/wp-content\/uploads\/2-1106-768x432.png 768w\" sizes=\"(max-width: 1280px) 100vw, 1280px\" \/><\/p>\n<hr \/>\n<p><strong>Yenge\u00e7<\/strong><\/p>\n<p>Duygular\u0131n derinle\u015fiyor ve kendini kabu\u011funa \u00e7ekilmi\u015f hissedebilirsin. Bug\u00fcn d\u0131\u015far\u0131dan gelen enerjiler seni daha fazla etkileyebilir. Kendine vakit ay\u0131rmak, kalabal\u0131ktan uzakla\u015fmak sana iyi gelecektir. Sessizli\u011fin i\u00e7inde seni b\u00fcy\u00fcten bir \u015fey var.<\/p>\n<p><strong>Aslan<\/strong><\/p>\n<p>Bug\u00fcn i\u00e7 sesin hi\u00e7 olmad\u0131\u011f\u0131 kadar y\u00fcksek konu\u015fuyor. G\u00f6r\u00fcn\u00fcrde ne kadar g\u00fc\u00e7l\u00fc olsan da, i\u00e7inde bast\u0131rd\u0131\u011f\u0131n duygular y\u00fczeye \u00e7\u0131kmak istiyor. Sahne senin ama bu kez izleyiciler de\u011fil, kendi kalbin en b\u00fcy\u00fck seyirci. Samimi bir y\u00fczle\u015fme, seni \u00f6zg\u00fcrle\u015ftirebilir.<\/p>\n<p><strong>Ba\u015fak<\/strong><\/p>\n<p>Detaylara odaklan\u0131rken b\u00fcy\u00fck resmi ka\u00e7\u0131rmaman gereken bir g\u00fcndesin. Akl\u0131n s\u00fcrekli planlarda ama kalbin ba\u015fka bir \u015feye dikkat \u00e7ekiyor. \u0130\u00e7sel huzur aray\u0131\u015f\u0131n seni yepyeni bir fark\u0131ndal\u0131\u011fa ta\u015f\u0131yabilir. Bug\u00fcn analiz yerine sezgiye biraz daha yer ver.<\/p>\n<p><img loading=\"lazy\" decoding=\"async\" class=\"alignnone size-full wp-image-183160\" src=\"https:\/\/www.tgrthaber.com\/mavikadin\/wp-content\/uploads\/4-895.png\" alt=\"\" width=\"1280\" height=\"720\" title=\"\" srcset=\"https:\/\/www.tgrthaber.com\/mavikadin\/wp-content\/uploads\/4-895.png 1280w, https:\/\/www.tgrthaber.com\/mavikadin\/wp-content\/uploads\/4-895-300x169.png 300w, https:\/\/www.tgrthaber.com\/mavikadin\/wp-content\/uploads\/4-895-1024x576.png 1024w, https:\/\/www.tgrthaber.com\/mavikadin\/wp-content\/uploads\/4-895-768x432.png 768w\" sizes=\"(max-width: 1280px) 100vw, 1280px\" \/><\/p>\n<hr \/>\n<p><strong>Terazi<\/strong><\/p>\n<p>Dengenin bozuldu\u011funu hissetti\u011finde neyi bast\u0131rd\u0131\u011f\u0131n\u0131 fark et. G\u00f6z \u00f6n\u00fcnde olma h\u00e2linin seni yordu\u011funu fark edebilirsin. Bug\u00fcn bir ad\u0131m geri \u00e7ekilip kendine nefes alma hakk\u0131 tan\u0131. Herkesin dengesini kurmak zorunda de\u011filsin; \u00f6nce kendi terazini dengele.<\/p>\n<p><strong>Akrep<\/strong><\/p>\n<p>\u0130\u00e7 d\u00fcnyanda derin bir devinim var. Bast\u0131rd\u0131\u011f\u0131n baz\u0131 duygular, bir olay ya da ki\u015fiyle tetiklenebilir. G\u00fcvensizlik hissiyle y\u00fczle\u015fmek seni yorsa da, bu duygunun alt\u0131nda yatan ger\u00e7ek ihtiyac\u0131 g\u00f6rebilirsin. Karanl\u0131k y\u00fczeyden de\u011fil, derinlerden geliyor.<\/p>\n<p><strong>Yay<\/strong><\/p>\n<p>S\u0131n\u0131rlardan ka\u00e7ma arzun yeniden y\u00fckselebilir. Ancak bu kez s\u0131n\u0131rlar d\u0131\u015far\u0131da de\u011fil, i\u00e7inde \u015fekilleniyor olabilir. \u00d6zg\u00fcrl\u00fc\u011f\u00fc bir ka\u00e7\u0131\u015f de\u011fil, bilin\u00e7li bir y\u00f6neli\u015f olarak g\u00f6rmen gerek. Bug\u00fcn i\u00e7sel bir rota \u00e7izmek sana daha iyi gelebilir.<\/p>\n<p><img loading=\"lazy\" decoding=\"async\" class=\"alignnone size-full wp-image-183159\" src=\"https:\/\/www.tgrthaber.com\/mavikadin\/wp-content\/uploads\/3-1084.png\" alt=\"\" width=\"1280\" height=\"720\" title=\"\" srcset=\"https:\/\/www.tgrthaber.com\/mavikadin\/wp-content\/uploads\/3-1084.png 1280w, https:\/\/www.tgrthaber.com\/mavikadin\/wp-content\/uploads\/3-1084-300x169.png 300w, https:\/\/www.tgrthaber.com\/mavikadin\/wp-content\/uploads\/3-1084-1024x576.png 1024w, https:\/\/www.tgrthaber.com\/mavikadin\/wp-content\/uploads\/3-1084-768x432.png 768w\" sizes=\"(max-width: 1280px) 100vw, 1280px\" \/><\/p>\n<hr \/>\n<p><strong>O\u011flak<\/strong><\/p>\n<p>Sorumluluklar seni s\u0131k\u0131\u015ft\u0131rsa da, duygular\u0131na kulak vermemen seni daha da yorgun k\u0131labilir. Bug\u00fcn kalbinin sesini bast\u0131rmak yerine onunla uzla\u015f. Sert kabuklar \u00e7atlad\u0131\u011f\u0131nda, i\u00e7inden \u00e7\u0131kan hassasiyeti k\u00fc\u00e7\u00fcmseme. Bu da senin bir par\u00e7an ve g\u00fc\u00e7s\u00fczl\u00fck de\u011fil, ger\u00e7eklik.<\/p>\n<p><strong>Kova<\/strong><\/p>\n<p>Uzaklara dal\u0131p gitme iste\u011fin, asl\u0131nda i\u00e7sel bir ka\u00e7\u0131\u015f olabilir. Ruhun de\u011fi\u015fim istiyor ama zihin hala eski kal\u0131plarla sava\u015f\u0131yor. Bug\u00fcn kendine yeni bir bak\u0131\u015f a\u00e7\u0131s\u0131 kazand\u0131racak \u015feyler ke\u015ffedebilirsin. Yaln\u0131zl\u0131k de\u011fil, \u00f6zg\u00fcrl\u00fckle temas zaman\u0131.<\/p>\n<p><strong>Bal\u0131k<\/strong><\/p>\n<p>Sezgilerin yo\u011fun ama \u00e7evrendekilerin fark\u0131nda olmamas\u0131 seni i\u00e7e \u00e7ekebilir. Bug\u00fcn duygular\u0131n\u0131 bast\u0131rmak yerine \u00fcretken bir \u015fekilde ifade etmen sana iyi gelecektir. R\u00fcyalar, an\u0131lar ve semboller seni i\u00e7 d\u00fcnyana \u00e7ekecek. Orada bulduklar\u0131n d\u00fc\u015f\u00fcnd\u00fc\u011f\u00fcnden daha k\u0131ymetli olabilir.<\/p>\n","protected":false},"excerpt":{"rendered":"<p>Baz\u0131 bur\u00e7lar i\u00e7 sesine kulak vermeye ba\u015flarken, baz\u0131lar\u0131 d\u0131\u015f d\u00fcnyan\u0131n a\u011f\u0131rl\u0131\u011f\u0131n\u0131 s\u0131rt\u0131nda ta\u015f\u0131yor. Bug\u00fcn duygular, g\u00f6r\u00fcnd\u00fc\u011f\u00fcnden \u00e7ok daha fazlas\u0131n\u0131 s\u00f6yl\u00fcyor olabilir.<\/p>\n","protected":false},"author":28,"featured_media":183157,"comment_status":"closed","ping_status":"closed","sticky":false,"template":"","format":"standard","meta":{"rank_math_lock_modified_date":true,"footnotes":""},"categories":[2150],"tags":[22863,2253,2171,308,3170],"class_list":["post-183139","post","type-post","status-publish","format-standard","has-post-thumbnail","hentry","category-astroloji","tag-28-mayis-burc-yorumlari","tag-astroloji","tag-burc-yorumlari","tag-burclar","tag-gunluk-burc-yorumlari"],"_links":{"self":[{"href":"https:\/\/www.tgrthaber.com\/mavikadin\/wp-json\/wp\/v2\/posts\/183139"}],"collection":[{"href":"https:\/\/www.tgrthaber.com\/mavikadin\/wp-json\/wp\/v2\/posts"}],"about":[{"href":"https:\/\/www.tgrthaber.com\/mavikadin\/wp-json\/wp\/v2\/types\/post"}],"author":[{"embeddable":true,"href":"https:\/\/www.tgrthaber.com\/mavikadin\/wp-json\/wp\/v2\/users\/28"}],"replies":[{"embeddable":true,"href":"https:\/\/www.tgrthaber.com\/mavikadin\/wp-json\/wp\/v2\/comments?post=183139"}],"version-history":[{"count":1,"href":"https:\/\/www.tgrthaber.com\/mavikadin\/wp-json\/wp\/v2\/posts\/183139\/revisions"}],"predecessor-version":[{"id":183161,"href":"https:\/\/www.tgrthaber.com\/mavikadin\/wp-json\/wp\/v2\/posts\/183139\/revisions\/183161"}],"wp:featuredmedia":[{"embeddable":true,"href":"https:\/\/www.tgrthaber.com\/mavikadin\/wp-json\/wp\/v2\/media\/183157"}],"wp:attachment":[{"href":"https:\/\/www.tgrthaber.com\/mavikadin\/wp-json\/wp\/v2\/media?parent=183139"}],"wp:term":[{"taxonomy":"category","embeddable":true,"href":"https:\/\/www.tgrthaber.com\/mavikadin\/wp-json\/wp\/v2\/categories?post=183139"},{"taxonomy":"post_tag","embeddable":true,"href":"https:\/\/www.tgrthaber.com\/mavikadin\/wp-json\/wp\/v2\/tags?post=183139"}],"curies":[{"name":"wp","href":"https:\/\/api.w.org\/{rel}","templated":true}]}}