{"id":183241,"date":"2025-05-27T12:59:42","date_gmt":"2025-05-27T09:59:42","guid":{"rendered":"https:\/\/www.tgrthaber.com\/mavikadin\/?p=183241"},"modified":"2025-05-27T12:59:42","modified_gmt":"2025-05-27T09:59:42","slug":"cift-kisilik-oda-2-bolum-fragmani-yayinlandi","status":"publish","type":"post","link":"https:\/\/www.tgrthaber.com\/mavikadin\/cift-kisilik-oda-2-bolum-fragmani-yayinlandi\/","title":{"rendered":"\u00c7ift Ki\u015filik Oda 2. b\u00f6l\u00fcm fragman\u0131 yay\u0131nland\u0131!"},"content":{"rendered":"<p>NOW TV\u2019nin yeni dizisi \u201c\u00c7ift Ki\u015filik Oda\u201d, ilk b\u00f6l\u00fcm\u00fcyle b\u00fcy\u00fck ses getirmi\u015fti. Yay\u0131nlanan 2. b\u00f6l\u00fcm fragman\u0131nda ise izleyiciyi yeni s\u00fcrprizler, hesapla\u015fmalar ve duygusal \u00e7at\u0131\u015fmalar bekliyor. Nil\u00fcfer\u2019in ailesine ve ge\u00e7mi\u015fine dair \u00f6\u011frendi\u011fi ger\u00e7ekler, Kaan\u2019la yollar\u0131n\u0131 bir kez daha kesi\u015ftiriyor.<\/p>\n<h3>2. B\u00d6L\u00dcMDE NELER OLACAK?<\/h3>\n<p>Yeni fragmanda dikkat \u00e7eken en \u00f6nemli detaylardan biri Nil\u00fcfer\u2019in otelin arsas\u0131 \u00fczerinde hakk\u0131 oldu\u011funu \u00f6\u011frenmesi.<\/p>\n<p>Kaan ise y\u0131llard\u0131r planlad\u0131\u011f\u0131 intikam oyununu, Sevil\u2019e kar\u015f\u0131 kurmaya devam ediyor. Nil\u00fcfer\u2019in deste\u011fiyle Kaan ve Sevil aras\u0131nda ipler iyice geriliyor. \u00d6te yandan fragmandaki baz\u0131 sahneler, Kaan ve Nil\u00fcfer aras\u0131nda geli\u015fen yak\u0131nla\u015fman\u0131n ileride bamba\u015fka duygulara d\u00f6n\u00fc\u015febilece\u011finin sinyallerini veriyor.<\/p>\n<p><img loading=\"lazy\" decoding=\"async\" class=\"alignnone size-full wp-image-183258\" src=\"https:\/\/www.tgrthaber.com\/mavikadin\/wp-content\/uploads\/1-1068.png\" alt=\"\" width=\"1280\" height=\"720\" title=\"\" srcset=\"https:\/\/www.tgrthaber.com\/mavikadin\/wp-content\/uploads\/1-1068.png 1280w, https:\/\/www.tgrthaber.com\/mavikadin\/wp-content\/uploads\/1-1068-300x169.png 300w, https:\/\/www.tgrthaber.com\/mavikadin\/wp-content\/uploads\/1-1068-1024x576.png 1024w, https:\/\/www.tgrthaber.com\/mavikadin\/wp-content\/uploads\/1-1068-768x432.png 768w\" sizes=\"(max-width: 1280px) 100vw, 1280px\" \/><\/p>\n<hr \/>\n<h3>\u00c7\u0130FT K\u0130\u015e\u0130L\u0130K ODA \u00d6NCEK\u0130 B\u00d6L\u00dcMDE NELER OLMU\u015eTU?<\/h3>\n<p>Dizinin ilk b\u00f6l\u00fcm\u00fcnde, ailesinden kalan miras\u0131n pe\u015fine d\u00fc\u015fen Nil\u00fcfer\u2019in yolu, ge\u00e7mi\u015fte karanl\u0131k bir hik\u00e2yeye sahip olan Kaan\u2019la kesi\u015fmi\u015fti. Lutesya Oteli\u2019ne ad\u0131m atan Nil\u00fcfer, buradaki insanlar\u0131n pek de g\u00f6r\u00fcnd\u00fc\u011f\u00fc gibi olmad\u0131\u011f\u0131n\u0131 fark etmi\u015fti.<\/p>\n<p>Otelde \u00e7al\u0131\u015fanlar, Sevil\u2019in kurdu\u011fu g\u00fc\u00e7l\u00fc sistemin bir par\u00e7as\u0131yd\u0131. Ancak Nil\u00fcfer\u2019in geli\u015fi bu d\u00fczeni alt\u00fcst etmeye ba\u015flam\u0131\u015ft\u0131. Kaan ise Sevil\u2019e y\u0131llar \u00f6nce ya\u015fanan bir olaydan dolay\u0131 \u00f6fke duyuyor ve b\u00fcy\u00fck bir hesapla\u015fmaya haz\u0131rlan\u0131yordu.<\/p>\n<p><img loading=\"lazy\" decoding=\"async\" class=\"alignnone size-full wp-image-183260\" src=\"https:\/\/www.tgrthaber.com\/mavikadin\/wp-content\/uploads\/3-1086.png\" alt=\"\" width=\"1280\" height=\"720\" title=\"\" srcset=\"https:\/\/www.tgrthaber.com\/mavikadin\/wp-content\/uploads\/3-1086.png 1280w, https:\/\/www.tgrthaber.com\/mavikadin\/wp-content\/uploads\/3-1086-300x169.png 300w, https:\/\/www.tgrthaber.com\/mavikadin\/wp-content\/uploads\/3-1086-1024x576.png 1024w, https:\/\/www.tgrthaber.com\/mavikadin\/wp-content\/uploads\/3-1086-768x432.png 768w\" sizes=\"(max-width: 1280px) 100vw, 1280px\" \/><\/p>\n<hr \/>\n<h3>D\u0130Z\u0130N\u0130N KONUSU NE?<\/h3>\n<p>\u201c\u00c7ift Ki\u015filik Oda\u201d, k\u00fc\u00e7\u00fck ya\u015fta anne ve babas\u0131n\u0131 kaybeden Nil\u00fcfer\u2019in, ge\u00e7mi\u015ften gelen bir hayali ger\u00e7ekle\u015ftirme yolculu\u011funu konu al\u0131yor. Ailesinin bir zamanlar kurdu\u011fu Lutesya Otel\u2019de \u00e7al\u0131\u015fmak isteyen gen\u00e7 kad\u0131n, burada sadece hayallerine de\u011fil, beklenmedik bir \u015fekilde Kaan\u2019la da kar\u015f\u0131la\u015f\u0131yor. Otelin miras\u00e7\u0131lar\u0131ndan biri olan Kaan ise y\u0131llar sonra ailesiyle hesapla\u015fmak ve \u00fcvey ablas\u0131 Sevil\u2019den intikam almak i\u00e7in geri d\u00f6nm\u00fc\u015f durumda. Nil\u00fcfer ve Kaan\u2019\u0131n yollar\u0131 kesi\u015fince sadece ge\u00e7mi\u015f de\u011fil, gizli kalm\u0131\u015f duygular da g\u00fcn y\u00fcz\u00fcne \u00e7\u0131k\u0131yor. Romantik ve dramatik dokunu\u015flarla ilerleyen dizi, hem kalbe hem meraka hitap eden g\u00fc\u00e7l\u00fc bir\u00a0hik\u00e2ye\u00a0sunuyor.<\/p>\n<p><img loading=\"lazy\" decoding=\"async\" class=\"alignnone size-full wp-image-183261\" src=\"https:\/\/www.tgrthaber.com\/mavikadin\/wp-content\/uploads\/4-896.png\" alt=\"\" width=\"1280\" height=\"720\" title=\"\" srcset=\"https:\/\/www.tgrthaber.com\/mavikadin\/wp-content\/uploads\/4-896.png 1280w, https:\/\/www.tgrthaber.com\/mavikadin\/wp-content\/uploads\/4-896-300x169.png 300w, https:\/\/www.tgrthaber.com\/mavikadin\/wp-content\/uploads\/4-896-1024x576.png 1024w, https:\/\/www.tgrthaber.com\/mavikadin\/wp-content\/uploads\/4-896-768x432.png 768w\" sizes=\"(max-width: 1280px) 100vw, 1280px\" \/><\/p>\n<hr \/>\n<h3>YEN\u0130 B\u00d6L\u00dcM NE ZAMAN?<\/h3>\n<p>\u201c\u00c7ift Ki\u015filik Oda\u201dn\u0131n yeni b\u00f6l\u00fcm\u00fc Per\u015fembe ak\u015fam\u0131 saat 20.00\u2019de NOW TV ekranlar\u0131nda olacak. Nil\u00fcfer ile Kaan\u2019\u0131n nas\u0131l bir yola girece\u011fi ve Sevil\u2019e kar\u015f\u0131 nas\u0131l bir plan kuracaklar\u0131 ise merak\u00a0konusu.<\/p>\n","protected":false},"excerpt":{"rendered":"<p>Romantik komedi t\u00fcr\u00fcndeki \u201c\u00c7ift Ki\u015filik Oda\u201d dizisi, ikinci b\u00f6l\u00fcm\u00fcyle ekranlara gelmeye haz\u0131rlan\u0131yor. NOW TV\u2019de yay\u0131nlanan dizi, ilk b\u00f6l\u00fcm\u00fcyle izleyiciden olumlu yorumlar al\u0131rken, yeni b\u00f6l\u00fcm fragman\u0131yla da heyecan\u0131\u00a0art\u0131rd\u0131.<\/p>\n","protected":false},"author":28,"featured_media":183259,"comment_status":"closed","ping_status":"closed","sticky":false,"template":"","format":"standard","meta":{"rank_math_lock_modified_date":true,"footnotes":""},"categories":[602],"tags":[],"class_list":["post-183241","post","type-post","status-publish","format-standard","has-post-thumbnail","hentry","category-diziler"],"_links":{"self":[{"href":"https:\/\/www.tgrthaber.com\/mavikadin\/wp-json\/wp\/v2\/posts\/183241"}],"collection":[{"href":"https:\/\/www.tgrthaber.com\/mavikadin\/wp-json\/wp\/v2\/posts"}],"about":[{"href":"https:\/\/www.tgrthaber.com\/mavikadin\/wp-json\/wp\/v2\/types\/post"}],"author":[{"embeddable":true,"href":"https:\/\/www.tgrthaber.com\/mavikadin\/wp-json\/wp\/v2\/users\/28"}],"replies":[{"embeddable":true,"href":"https:\/\/www.tgrthaber.com\/mavikadin\/wp-json\/wp\/v2\/comments?post=183241"}],"version-history":[{"count":2,"href":"https:\/\/www.tgrthaber.com\/mavikadin\/wp-json\/wp\/v2\/posts\/183241\/revisions"}],"predecessor-version":[{"id":183263,"href":"https:\/\/www.tgrthaber.com\/mavikadin\/wp-json\/wp\/v2\/posts\/183241\/revisions\/183263"}],"wp:featuredmedia":[{"embeddable":true,"href":"https:\/\/www.tgrthaber.com\/mavikadin\/wp-json\/wp\/v2\/media\/183259"}],"wp:attachment":[{"href":"https:\/\/www.tgrthaber.com\/mavikadin\/wp-json\/wp\/v2\/media?parent=183241"}],"wp:term":[{"taxonomy":"category","embeddable":true,"href":"https:\/\/www.tgrthaber.com\/mavikadin\/wp-json\/wp\/v2\/categories?post=183241"},{"taxonomy":"post_tag","embeddable":true,"href":"https:\/\/www.tgrthaber.com\/mavikadin\/wp-json\/wp\/v2\/tags?post=183241"}],"curies":[{"name":"wp","href":"https:\/\/api.w.org\/{rel}","templated":true}]}}