{"id":183307,"date":"2025-05-27T14:44:15","date_gmt":"2025-05-27T11:44:15","guid":{"rendered":"https:\/\/www.tgrthaber.com\/mavikadin\/?p=183307"},"modified":"2025-05-27T14:44:15","modified_gmt":"2025-05-27T11:44:15","slug":"tarihteki-vlad-kimdir-sultan-mehmetle-neler-yasandilar","status":"publish","type":"post","link":"https:\/\/www.tgrthaber.com\/mavikadin\/tarihteki-vlad-kimdir-sultan-mehmetle-neler-yasandilar\/","title":{"rendered":"Tarihteki Vlad kimdir? Sultan Mehmet\u2019le neler ya\u015fand\u0131lar?"},"content":{"rendered":"<p>TRT 1\u2019in dikkat \u00e7eken yap\u0131mlar\u0131ndan Mehmed: Fetihler Sultan\u0131, tarihi karakterleri ekranlara ta\u015f\u0131maya devam ederken, diziye kat\u0131lan son isim b\u00fcy\u00fck merak uyand\u0131rd\u0131. Usta oyuncu Ertan Saban, Osmanl\u0131 tarihinin en tart\u0131\u015fmal\u0131 fig\u00fcrlerinden biri olan III. Vlad Tepe\u015f, yani Kaz\u0131kl\u0131 Voyvoda rol\u00fcyle seyirci kar\u015f\u0131s\u0131na \u00e7\u0131k\u0131yor. Peki, tarihteki Vlad kimdir? Sultan Mehmet\u2019le neler ya\u015fand\u0131lar? sorular\u0131n\u0131n sizin i\u00e7in ara\u015ft\u0131rd\u0131k. \u0130\u015fte detaylar\u2026<\/p>\n<h3>TAR\u0130HTEK\u0130 VLAD K\u0130MD\u0130R?<\/h3>\n<p>Makedonya do\u011fumlu ve Makedonya Devlet Konservatuvar\u0131 Tiyatro B\u00f6l\u00fcm\u00fc mezunu olan Ertan Saban, bug\u00fcne kadar bir\u00e7ok unutulmaz projeye imza att\u0131. \u00d6zellikle Elveda Rumeli, Sakarya F\u0131rat, Kurtlar Vadisi: Pusu ve \u015eeref Bey gibi yap\u0131mlarla geni\u015f kitlelerin takdirini kazanan Saban, bu kez karanl\u0131k bir karakteri oynayarak oyunculuk yelpazesine yeni bir soluk getiriyor.<\/p>\n<p><img loading=\"lazy\" decoding=\"async\" class=\"alignnone wp-image-183330\" src=\"https:\/\/www.tgrthaber.com\/mavikadin\/wp-content\/uploads\/haber-gorselleri-fotoshop-33-10-1024x576.jpg\" alt=\"Tarihteki Vlad kimdir? Sultan Mehmet\u2019le neler ya\u015fand\u0131lar?\" width=\"1208\" height=\"680\" title=\"\" srcset=\"https:\/\/www.tgrthaber.com\/mavikadin\/wp-content\/uploads\/haber-gorselleri-fotoshop-33-10-1024x576.jpg 1024w, https:\/\/www.tgrthaber.com\/mavikadin\/wp-content\/uploads\/haber-gorselleri-fotoshop-33-10-300x169.jpg 300w, https:\/\/www.tgrthaber.com\/mavikadin\/wp-content\/uploads\/haber-gorselleri-fotoshop-33-10-768x432.jpg 768w, https:\/\/www.tgrthaber.com\/mavikadin\/wp-content\/uploads\/haber-gorselleri-fotoshop-33-10-1536x864.jpg 1536w, https:\/\/www.tgrthaber.com\/mavikadin\/wp-content\/uploads\/haber-gorselleri-fotoshop-33-10.jpg 1600w\" sizes=\"(max-width: 1208px) 100vw, 1208px\" \/><\/p>\n<hr \/>\n<p>Mehmed: Fetihler Sultan\u0131 dizisinde anlat\u0131lan hik\u00e2yede, Vlad karakteri yaln\u0131zca bir d\u00fc\u015fman fig\u00fcr\u00fc de\u011fil ayn\u0131 zamanda Osmanl\u0131 saray\u0131nda yeti\u015fmi\u015f, ancak zamanla farkl\u0131 bir yola sapm\u0131\u015f bir \u015fahsiyet olarak kar\u015f\u0131m\u0131za \u00e7\u0131k\u0131yor. K\u00fc\u00e7\u00fck ya\u015fta rehine olarak \u0130stanbul\u2019a getirilen Vlad, burada Sultan Mehmed\u2019le birlikte b\u00fcy\u00fcr. Ancak kaderleri, ilerleyen y\u0131llarda onlar\u0131 kar\u015f\u0131 kar\u015f\u0131ya getirir. \u0130ki eski dostun d\u00fc\u015fmanl\u0131\u011fa d\u00f6n\u00fc\u015fen ili\u015fkisi, dizinin dramatik gerilimini art\u0131racak unsurlar aras\u0131nda yer al\u0131yor.<\/p>\n<p><img loading=\"lazy\" decoding=\"async\" class=\"alignnone wp-image-183329\" src=\"https:\/\/www.tgrthaber.com\/mavikadin\/wp-content\/uploads\/haber-gorselleri-fotoshop-34-10-1024x576.jpg\" alt=\"Tarihteki Vlad kimdir? Sultan Mehmet\u2019le neler ya\u015fand\u0131lar?\" width=\"1208\" height=\"680\" title=\"\" srcset=\"https:\/\/www.tgrthaber.com\/mavikadin\/wp-content\/uploads\/haber-gorselleri-fotoshop-34-10-1024x576.jpg 1024w, https:\/\/www.tgrthaber.com\/mavikadin\/wp-content\/uploads\/haber-gorselleri-fotoshop-34-10-300x169.jpg 300w, https:\/\/www.tgrthaber.com\/mavikadin\/wp-content\/uploads\/haber-gorselleri-fotoshop-34-10-768x432.jpg 768w, https:\/\/www.tgrthaber.com\/mavikadin\/wp-content\/uploads\/haber-gorselleri-fotoshop-34-10-1536x864.jpg 1536w, https:\/\/www.tgrthaber.com\/mavikadin\/wp-content\/uploads\/haber-gorselleri-fotoshop-34-10.jpg 1600w\" sizes=\"(max-width: 1208px) 100vw, 1208px\" \/><\/p>\n<hr \/>\n<p>Tarihte \u201cKaz\u0131kl\u0131 Voyvoda\u201d olarak an\u0131lan III. Vlad Tepe\u015f (1431\u20131476), Eflak (Wallachia) Prensli\u011fi\u2019nin h\u00fck\u00fcmdar\u0131d\u0131r. Ayn\u0131 zamanda Bat\u0131 d\u00fcnyas\u0131nda Bram Stoker\u2019\u0131n \u00fcnl\u00fc Drakula roman\u0131n fig\u00fcr\u00fc olarak da tan\u0131n\u0131r. \u201cKaz\u0131kl\u0131 Voyvoda\u201d lakab\u0131n\u0131, d\u00fc\u015fmanlar\u0131n\u0131 ve muhaliflerini kaz\u0131\u011fa oturtarak infaz etmesiyle edinmi\u015ftir. Bu y\u00f6ntem, onun h\u00fck\u00fcmranl\u0131\u011f\u0131na korku salmak i\u00e7in kulland\u0131\u011f\u0131 psikolojik bir sava\u015f arac\u0131d\u0131r.<\/p>\n<p><img loading=\"lazy\" decoding=\"async\" class=\"alignnone wp-image-183331\" src=\"https:\/\/www.tgrthaber.com\/mavikadin\/wp-content\/uploads\/haber-gorselleri-fotoshop-32-9-1024x576.jpg\" alt=\"Tarihteki Vlad kimdir? Sultan Mehmet\u2019le neler ya\u015fand\u0131lar?\" width=\"1208\" height=\"680\" title=\"\" srcset=\"https:\/\/www.tgrthaber.com\/mavikadin\/wp-content\/uploads\/haber-gorselleri-fotoshop-32-9-1024x576.jpg 1024w, https:\/\/www.tgrthaber.com\/mavikadin\/wp-content\/uploads\/haber-gorselleri-fotoshop-32-9-300x169.jpg 300w, https:\/\/www.tgrthaber.com\/mavikadin\/wp-content\/uploads\/haber-gorselleri-fotoshop-32-9-768x432.jpg 768w, https:\/\/www.tgrthaber.com\/mavikadin\/wp-content\/uploads\/haber-gorselleri-fotoshop-32-9-1536x864.jpg 1536w, https:\/\/www.tgrthaber.com\/mavikadin\/wp-content\/uploads\/haber-gorselleri-fotoshop-32-9.jpg 1600w\" sizes=\"(max-width: 1208px) 100vw, 1208px\" \/><\/p>\n<hr \/>\n<p>Vlad Tepe\u015f, Osmanl\u0131 Devleti ile s\u0131k\u0131 ve karma\u015f\u0131k ili\u015fkiler i\u00e7inde b\u00fcy\u00fcm\u00fc\u015ft\u00fcr. Babas\u0131 II. Vlad, Osmanl\u0131larla olan ittifak gere\u011fi o\u011fullar\u0131n\u0131 rehin olarak Osmanl\u0131 saray\u0131na g\u00f6ndermi\u015ftir. Vlad Tepe\u015f ve karde\u015fi Radu, Edirne\u2019de gen\u00e7 ya\u015fta Osmanl\u0131 terbiyesiyle yeti\u015fmi\u015ftir. Bu s\u00fcre\u00e7te gen\u00e7 \u015eehzade Mehmed ile yak\u0131n bir ili\u015fki kurduklar\u0131 d\u00fc\u015f\u00fcn\u00fclmektedir. Ancak y\u0131llar sonra bu ili\u015fki, dostluktan d\u00fc\u015fmanl\u0131\u011fa evrilecektir.<\/p>\n<p><img loading=\"lazy\" decoding=\"async\" class=\"alignnone wp-image-183328\" src=\"https:\/\/www.tgrthaber.com\/mavikadin\/wp-content\/uploads\/haber-gorselleri-fotoshop-35-10-1024x576.jpg\" alt=\"Tarihteki Vlad kimdir? Sultan Mehmet\u2019le neler ya\u015fand\u0131lar?\" width=\"1208\" height=\"680\" title=\"\" srcset=\"https:\/\/www.tgrthaber.com\/mavikadin\/wp-content\/uploads\/haber-gorselleri-fotoshop-35-10-1024x576.jpg 1024w, https:\/\/www.tgrthaber.com\/mavikadin\/wp-content\/uploads\/haber-gorselleri-fotoshop-35-10-300x169.jpg 300w, https:\/\/www.tgrthaber.com\/mavikadin\/wp-content\/uploads\/haber-gorselleri-fotoshop-35-10-768x432.jpg 768w, https:\/\/www.tgrthaber.com\/mavikadin\/wp-content\/uploads\/haber-gorselleri-fotoshop-35-10-1536x864.jpg 1536w, https:\/\/www.tgrthaber.com\/mavikadin\/wp-content\/uploads\/haber-gorselleri-fotoshop-35-10.jpg 1600w\" sizes=\"(max-width: 1208px) 100vw, 1208px\" \/><\/p>\n<hr \/>\n<p>Ertan Saban\u2019\u0131n oynad\u0131\u011f\u0131 Vlad karakteri, tarihi ger\u00e7eklikten beslenen, ancak dramatik \u00f6\u011felerle harmanlanm\u0131\u015f bir anlat\u0131mla izleyiciyle bulu\u015facak. Saban\u2019\u0131n bu rolle nas\u0131l bir performans sergileyece\u011fi \u015fimdiden sosyal medyada tart\u0131\u015fma konusu oldu. \u00d6zellikle tan\u0131t\u0131m videosunun yay\u0131nlanmas\u0131n\u0131n ard\u0131ndan, oyuncunun sert bak\u0131\u015flar\u0131 ve karaktere katt\u0131\u011f\u0131 derinlik dikkat \u00e7ekti.<\/p>\n<h3><img loading=\"lazy\" decoding=\"async\" class=\"alignnone wp-image-183326\" src=\"https:\/\/www.tgrthaber.com\/mavikadin\/wp-content\/uploads\/haber-gorselleri-fotoshop-36-10-1024x576.jpg\" alt=\"Tarihteki Vlad kimdir? Sultan Mehmet\u2019le neler ya\u015fand\u0131lar?\" width=\"1208\" height=\"680\" title=\"\" srcset=\"https:\/\/www.tgrthaber.com\/mavikadin\/wp-content\/uploads\/haber-gorselleri-fotoshop-36-10-1024x576.jpg 1024w, https:\/\/www.tgrthaber.com\/mavikadin\/wp-content\/uploads\/haber-gorselleri-fotoshop-36-10-300x169.jpg 300w, https:\/\/www.tgrthaber.com\/mavikadin\/wp-content\/uploads\/haber-gorselleri-fotoshop-36-10-768x432.jpg 768w, https:\/\/www.tgrthaber.com\/mavikadin\/wp-content\/uploads\/haber-gorselleri-fotoshop-36-10-1536x864.jpg 1536w, https:\/\/www.tgrthaber.com\/mavikadin\/wp-content\/uploads\/haber-gorselleri-fotoshop-36-10.jpg 1600w\" sizes=\"(max-width: 1208px) 100vw, 1208px\" \/><\/h3>\n<hr \/>\n<h3>SULTAN MEHMET\u2019LE NELER YA\u015eANDILAR?<\/h3>\n<p>1453\u2019te \u0130stanbul\u2019un fethiyle imparatorluk g\u00fcc\u00fcn\u00fc zirveye ta\u015f\u0131yan II. Mehmed, Balkanlar\u2019a da h\u00e2kimiyet kurmay\u0131 ama\u00e7l\u0131yordu. Bu s\u0131rada Eflak, Osmanl\u0131\u2019ya vergi \u00f6deyen bir ba\u011fl\u0131 beylikti. Ancak Vlad, iktidara geldikten sonra Osmanl\u0131\u2019ya ba\u011fl\u0131 kalmak yerine ba\u011f\u0131ms\u0131z bir politika izlemeye ba\u015flad\u0131. 1461\u2019de vergiyi \u00f6demeyi reddetti ve Osmanl\u0131 el\u00e7ilerini kaz\u0131\u011fa oturtarak \u00f6ld\u00fcrtt\u00fc. Bu olay, II. Mehmed\u2019in sabr\u0131n\u0131 ta\u015f\u0131ran nokta oldu.<\/p>\n<p><img loading=\"lazy\" decoding=\"async\" class=\"alignnone wp-image-183325\" src=\"https:\/\/www.tgrthaber.com\/mavikadin\/wp-content\/uploads\/haber-gorselleri-fotoshop-37-10-1024x576.jpg\" alt=\"Tarihteki Vlad kimdir? Sultan Mehmet\u2019le neler ya\u015fand\u0131lar?\" width=\"1208\" height=\"680\" title=\"\" srcset=\"https:\/\/www.tgrthaber.com\/mavikadin\/wp-content\/uploads\/haber-gorselleri-fotoshop-37-10-1024x576.jpg 1024w, https:\/\/www.tgrthaber.com\/mavikadin\/wp-content\/uploads\/haber-gorselleri-fotoshop-37-10-300x169.jpg 300w, https:\/\/www.tgrthaber.com\/mavikadin\/wp-content\/uploads\/haber-gorselleri-fotoshop-37-10-768x432.jpg 768w, https:\/\/www.tgrthaber.com\/mavikadin\/wp-content\/uploads\/haber-gorselleri-fotoshop-37-10-1536x864.jpg 1536w, https:\/\/www.tgrthaber.com\/mavikadin\/wp-content\/uploads\/haber-gorselleri-fotoshop-37-10.jpg 1600w\" sizes=\"(max-width: 1208px) 100vw, 1208px\" \/><\/p>\n<hr \/>\n<p>1462 y\u0131l\u0131nda Fatih Sultan Mehmed, Vlad\u2019\u0131n \u00fczerine b\u00fcy\u00fck bir ordu g\u00f6nderdi. Vlad, ormanda gerilla taktikleri ve psikolojik sava\u015f y\u00f6ntemleriyle Osmanl\u0131\u2019y\u0131 y\u0131pratmaya \u00e7al\u0131\u015ft\u0131. Hatta bir gece bask\u0131n\u0131 d\u00fczenleyerek bizzat Sultan Mehmed\u2019in \u00e7ad\u0131r\u0131n\u0131 hedef ald\u0131, ancak ba\u015far\u0131l\u0131 olamad\u0131.<\/p>\n<p><img loading=\"lazy\" decoding=\"async\" class=\"alignnone wp-image-183324\" src=\"https:\/\/www.tgrthaber.com\/mavikadin\/wp-content\/uploads\/haber-gorselleri-fotoshop-38-10-1024x576.jpg\" alt=\"Tarihteki Vlad kimdir? Sultan Mehmet\u2019le neler ya\u015fand\u0131lar?\" width=\"1208\" height=\"680\" title=\"\" srcset=\"https:\/\/www.tgrthaber.com\/mavikadin\/wp-content\/uploads\/haber-gorselleri-fotoshop-38-10-1024x576.jpg 1024w, https:\/\/www.tgrthaber.com\/mavikadin\/wp-content\/uploads\/haber-gorselleri-fotoshop-38-10-300x169.jpg 300w, https:\/\/www.tgrthaber.com\/mavikadin\/wp-content\/uploads\/haber-gorselleri-fotoshop-38-10-768x432.jpg 768w, https:\/\/www.tgrthaber.com\/mavikadin\/wp-content\/uploads\/haber-gorselleri-fotoshop-38-10-1536x864.jpg 1536w, https:\/\/www.tgrthaber.com\/mavikadin\/wp-content\/uploads\/haber-gorselleri-fotoshop-38-10.jpg 1600w\" sizes=\"(max-width: 1208px) 100vw, 1208px\" \/><\/p>\n<hr \/>\n<p>TRT 1\u2019de yay\u0131nlanan dizi hem d\u00f6nem atmosferi hem de g\u00fc\u00e7l\u00fc oyuncu kadrosuyla \u00f6ne \u00e7\u0131karken, Vlad karakterinin geli\u015fiyle birlikte siyasi ve ki\u015fisel hesapla\u015fmalar daha da derinle\u015fecek gibi g\u00f6r\u00fcn\u00fcyor. Dizi, 27 May\u0131s Sal\u0131 ak\u015fam\u0131 saat 20.00\u2019de yay\u0131nlanacak yeni b\u00f6l\u00fcm\u00fcyle bu \u00e7arp\u0131c\u0131 karakteri izleyiciyle bulu\u015fturacak.<\/p>\n","protected":false},"excerpt":{"rendered":"<p>TRT 1 ekranlar\u0131nda yay\u0131nlanan Mehmed: Fetihler Sultan\u0131 dizisinin kadrosuna kat\u0131lan Ertan Saban, nefes kesen sahneleri ile izleyici kar\u015f\u0131s\u0131na \u00e7\u0131kmaya haz\u0131rlan\u0131yor. Ba\u015far\u0131l\u0131 oyuncu Ertan Saban, tarihinin en korkutucu fig\u00fcrlerinden biri olan Vlad karakteri ile ekranlara gelicek. Peki, tarihteki Vlad kimdir? Sultan Mehmet\u2019le neler ya\u015fand\u0131lar? \u0130\u015fte detaylar\u2026<\/p>\n","protected":false},"author":34,"featured_media":183323,"comment_status":"closed","ping_status":"closed","sticky":false,"template":"","format":"standard","meta":{"rank_math_lock_modified_date":false,"footnotes":""},"categories":[602],"tags":[2628,13654,3832,12447],"class_list":["post-183307","post","type-post","status-publish","format-standard","has-post-thumbnail","hentry","category-diziler","tag-dizi-haberleri","tag-ertan-saban","tag-mehmed-fetihler-sultani","tag-mehmed-fetihler-sultani-dizi"],"_links":{"self":[{"href":"https:\/\/www.tgrthaber.com\/mavikadin\/wp-json\/wp\/v2\/posts\/183307"}],"collection":[{"href":"https:\/\/www.tgrthaber.com\/mavikadin\/wp-json\/wp\/v2\/posts"}],"about":[{"href":"https:\/\/www.tgrthaber.com\/mavikadin\/wp-json\/wp\/v2\/types\/post"}],"author":[{"embeddable":true,"href":"https:\/\/www.tgrthaber.com\/mavikadin\/wp-json\/wp\/v2\/users\/34"}],"replies":[{"embeddable":true,"href":"https:\/\/www.tgrthaber.com\/mavikadin\/wp-json\/wp\/v2\/comments?post=183307"}],"version-history":[{"count":1,"href":"https:\/\/www.tgrthaber.com\/mavikadin\/wp-json\/wp\/v2\/posts\/183307\/revisions"}],"predecessor-version":[{"id":183336,"href":"https:\/\/www.tgrthaber.com\/mavikadin\/wp-json\/wp\/v2\/posts\/183307\/revisions\/183336"}],"wp:featuredmedia":[{"embeddable":true,"href":"https:\/\/www.tgrthaber.com\/mavikadin\/wp-json\/wp\/v2\/media\/183323"}],"wp:attachment":[{"href":"https:\/\/www.tgrthaber.com\/mavikadin\/wp-json\/wp\/v2\/media?parent=183307"}],"wp:term":[{"taxonomy":"category","embeddable":true,"href":"https:\/\/www.tgrthaber.com\/mavikadin\/wp-json\/wp\/v2\/categories?post=183307"},{"taxonomy":"post_tag","embeddable":true,"href":"https:\/\/www.tgrthaber.com\/mavikadin\/wp-json\/wp\/v2\/tags?post=183307"}],"curies":[{"name":"wp","href":"https:\/\/api.w.org\/{rel}","templated":true}]}}