{"id":183390,"date":"2025-05-27T16:38:46","date_gmt":"2025-05-27T13:38:46","guid":{"rendered":"https:\/\/www.tgrthaber.com\/mavikadin\/?p=183390"},"modified":"2025-05-27T16:38:46","modified_gmt":"2025-05-27T13:38:46","slug":"survivor-2025-aycan-5-yildir-kimse-yapamadi-biz-yaptik-dedi-semanin-kardesi-sinir-krizi-gecirdi","status":"publish","type":"post","link":"https:\/\/www.tgrthaber.com\/mavikadin\/survivor-2025-aycan-5-yildir-kimse-yapamadi-biz-yaptik-dedi-semanin-kardesi-sinir-krizi-gecirdi\/","title":{"rendered":"Survivor 2025 Aycan 5 y\u0131ld\u0131r kimse yapamad\u0131 biz yapt\u0131k dedi! Sema\u2019n\u0131n karde\u015fi sinir krizi ge\u00e7irdi"},"content":{"rendered":"<p class=\"p1\">Survivor All Star 2025\u2019te yaln\u0131zca yar\u0131\u015fmac\u0131lar de\u011fil, art\u0131k aileleri de g\u00fcndemin bir par\u00e7as\u0131. Son olarak Aycan Yana\u00e7\u2019\u0131n, &#8216;Be\u015f y\u0131ld\u0131r kimse yapamad\u0131, biz yapt\u0131k&#8217; \u00e7\u0131k\u0131\u015f\u0131 tansiyonu y\u00fckseltti. Aycan\u2019\u0131n bu s\u00f6zleri do\u011frudan Sema\u2019ya y\u00f6nelik oldu\u011fu i\u00e7in, bu yorum kar\u015f\u0131s\u0131nda ise sessiz kalmayan isim, Sema\u2019n\u0131n karde\u015fi ve eski Survivor yar\u0131\u015fmac\u0131s\u0131 Seda Ocak oldu. Seda Ocak sosyal medya hesab\u0131ndan yapt\u0131\u011f\u0131 payla\u015f\u0131mla Aycan\u2019a rest \u00e7ekti.<\/p>\n<h3>SURV\u0130VOR 2025 AYCAN 5 YILDIR K\u0130MSE YAPMADI B\u0130Z YAPTIK DEY\u0130NCE SEMA&#8217;NIN KARDE\u015e\u0130 \u00c7ILGINA D\u00d6ND\u00dc<\/h3>\n<p class=\"p1\">Survivor\u2019da bir d\u00f6nem Sema ile birlikte yar\u0131\u015fan Seda Ocak, sosyal medyada yapt\u0131\u011f\u0131 a\u00e7\u0131klamayla Aycan\u2019a a\u00e7\u0131k\u00e7a tepki g\u00f6sterdi. &#8216;Aycan\u2019\u0131n ya\u015f\u0131 k\u00fc\u00e7\u00fck, tamam\u2026 Ama haf\u0131zas\u0131 bu kadar da k\u0131sa olmamal\u0131,&#8217; diyen Seda, s\u00f6zlerini \u015fu ifadelerle s\u00fcrd\u00fcrd\u00fc:\u00a0 &#8216;Sema\u2019y\u0131 son haftalardaki performans\u0131yla de\u011fil, Ogeday\u2019\u0131 eleyerek finale kald\u0131\u011f\u0131 d\u00f6nemdeki haliyle hat\u0131rlas\u0131nlar. O Sema, bir\u00e7ok ki\u015fi i\u00e7in hala gelmi\u015f ge\u00e7mi\u015f en g\u00fc\u00e7l\u00fc yar\u0131\u015fmac\u0131lardan biri.&#8217; s\u00f6zleriyle dikkat \u00e7ekti.<\/p>\n<p><img loading=\"lazy\" decoding=\"async\" class=\"alignnone wp-image-183404 size-large\" src=\"https:\/\/www.tgrthaber.com\/mavikadin\/wp-content\/uploads\/seda-ocak--1024x576.png\" alt=\"\" width=\"1024\" height=\"576\" title=\"\" srcset=\"https:\/\/www.tgrthaber.com\/mavikadin\/wp-content\/uploads\/seda-ocak--1024x576.png 1024w, https:\/\/www.tgrthaber.com\/mavikadin\/wp-content\/uploads\/seda-ocak--300x169.png 300w, https:\/\/www.tgrthaber.com\/mavikadin\/wp-content\/uploads\/seda-ocak--768x432.png 768w, https:\/\/www.tgrthaber.com\/mavikadin\/wp-content\/uploads\/seda-ocak--1536x864.png 1536w, https:\/\/www.tgrthaber.com\/mavikadin\/wp-content\/uploads\/seda-ocak-.png 1600w\" sizes=\"(max-width: 1024px) 100vw, 1024px\" \/><\/p>\n<hr \/>\n<h3 class=\"p1\"><b>A\u0130LELER ARASI GER\u0130L\u0130M TIRMANIYOR<\/b><b><\/b><\/h3>\n<p class=\"p1\">Survivor All Star 2025\u2019te yar\u0131\u015fma sahas\u0131nda oldu\u011fu kadar kamera arkas\u0131nda da tansiyon d\u00fc\u015fm\u00fcyor. \u00d6zellikle sosyal medya \u00fczerinden yap\u0131lan a\u00e7\u0131klamalar, eski yar\u0131\u015fmac\u0131larla yeni jenerasyon aras\u0131nda zaman zaman g\u00f6r\u00fcnmeyen bir \u00e7at\u0131\u015fma do\u011furuyor. Aycan\u2019\u0131n a\u00e7\u0131klamalar\u0131 sonras\u0131nda Seda\u2019n\u0131n bu kadar sert tepki g\u00f6stermesi ise takip\u00e7ileri ikiye b\u00f6ld\u00fc. Baz\u0131 sosyal medya kullan\u0131c\u0131lar\u0131 karde\u015finin arkas\u0131nda durdu\u011fu i\u00e7in Seda&#8217;ya destek olurken baz\u0131lar\u0131 ise gereksiz bir \u00e7\u0131k\u0131\u015f oldu\u011funu savundu.<\/p>\n<p><img loading=\"lazy\" decoding=\"async\" class=\"alignnone wp-image-183408 \" src=\"https:\/\/www.tgrthaber.com\/mavikadin\/wp-content\/uploads\/Ekran-Resmi-2025-05-27-16.29.42.png\" alt=\"\" width=\"990\" height=\"633\" title=\"\" srcset=\"https:\/\/www.tgrthaber.com\/mavikadin\/wp-content\/uploads\/Ekran-Resmi-2025-05-27-16.29.42.png 938w, https:\/\/www.tgrthaber.com\/mavikadin\/wp-content\/uploads\/Ekran-Resmi-2025-05-27-16.29.42-300x192.png 300w, https:\/\/www.tgrthaber.com\/mavikadin\/wp-content\/uploads\/Ekran-Resmi-2025-05-27-16.29.42-768x491.png 768w\" sizes=\"(max-width: 990px) 100vw, 990px\" \/><\/p>\n<hr \/>\n<h3>SEDA OCAK K\u0130MD\u0130R?<\/h3>\n<p class=\"p1\">Survivor ekranlar\u0131n\u0131n tan\u0131d\u0131k simalar\u0131ndan biri olan Seda Ocak, spordaki disiplini ve m\u00fccadeleci yap\u0131s\u0131yla izleyicinin haf\u0131zas\u0131nda yer eden isimlerden biri. 17 A\u011fustos 1985\u2019te Bursa\u2019da d\u00fcnyaya gelen Ocak, asl\u0131nda yar\u0131\u015fmadaki bir di\u011fer g\u00fc\u00e7l\u00fc kad\u0131n yar\u0131\u015fmac\u0131 olan Sema Aydemir\u2019in ikiz karde\u015fi. Sporla \u00e7ok erken ya\u015fta tan\u0131\u015fan Seda Ocak, atletizm kariyerine hen\u00fcz 10 ya\u015f\u0131ndayken ba\u015flad\u0131. Bran\u015f\u0131 ise olduk\u00e7a zorlu bir alan olan 100 metre engelli ko\u015fuydu. Milli d\u00fczeyde yar\u0131\u015fan ve uzun y\u0131llar sporla i\u00e7 i\u00e7e kalan Ocak, sonras\u0131nda antren\u00f6rl\u00fck yaparak bu birikimini gen\u00e7 sporculara aktard\u0131.<\/p>\n<p><img loading=\"lazy\" decoding=\"async\" class=\"alignnone wp-image-183411 \" src=\"https:\/\/www.tgrthaber.com\/mavikadin\/wp-content\/uploads\/Ekran-Resmi-2025-05-27-16.30.30.png\" alt=\"\" width=\"982\" height=\"589\" title=\"\" srcset=\"https:\/\/www.tgrthaber.com\/mavikadin\/wp-content\/uploads\/Ekran-Resmi-2025-05-27-16.30.30.png 940w, https:\/\/www.tgrthaber.com\/mavikadin\/wp-content\/uploads\/Ekran-Resmi-2025-05-27-16.30.30-300x180.png 300w, https:\/\/www.tgrthaber.com\/mavikadin\/wp-content\/uploads\/Ekran-Resmi-2025-05-27-16.30.30-768x461.png 768w\" sizes=\"(max-width: 982px) 100vw, 982px\" \/><\/p>\n<hr \/>\n<p class=\"p1\">Bursa K\u0131z Lisesi\u2019nden mezun olduktan sonra e\u011fitim hayat\u0131na devam eden Ocak, \u00f6nce anaokulu \u00f6\u011fretmenli\u011fi, ard\u0131ndan spor y\u00f6netimi b\u00f6l\u00fcmlerini tamamlad\u0131. Sporculu\u011fu kadar e\u011fitimi de \u00f6n planda tutan Seda Ocak, farkl\u0131 alanlarda yetkinli\u011fe sahip nadir isimlerden biri oldu.<\/p>\n<p><img loading=\"lazy\" decoding=\"async\" class=\"alignnone wp-image-183417 size-full\" src=\"https:\/\/www.tgrthaber.com\/mavikadin\/wp-content\/uploads\/Ekran-Resmi-2025-05-27-16.30.45.png\" alt=\"\" width=\"990\" height=\"556\" title=\"\" srcset=\"https:\/\/www.tgrthaber.com\/mavikadin\/wp-content\/uploads\/Ekran-Resmi-2025-05-27-16.30.45.png 990w, https:\/\/www.tgrthaber.com\/mavikadin\/wp-content\/uploads\/Ekran-Resmi-2025-05-27-16.30.45-300x168.png 300w, https:\/\/www.tgrthaber.com\/mavikadin\/wp-content\/uploads\/Ekran-Resmi-2025-05-27-16.30.45-768x431.png 768w\" sizes=\"(max-width: 990px) 100vw, 990px\" \/><\/p>\n<hr \/>\n<p class=\"p1\">Televizyon izleyicisinin onu tan\u0131mas\u0131 ise yar\u0131\u015fma programlar\u0131 arac\u0131l\u0131\u011f\u0131yla ger\u00e7ekle\u015fti. 2014 y\u0131l\u0131nda TV8\u2019de yay\u0131mlanan Ninja Warrior T\u00fcrkiye\u2019ye kat\u0131lan Ocak, ilk turda elenmesine ra\u011fmen sporcu kimli\u011fiyle dikkat \u00e7ekti. As\u0131l \u00e7\u0131k\u0131\u015f\u0131n\u0131 ise 2019 y\u0131l\u0131nda Survivor T\u00fcrkiye \u2013 Yunanistan sezonunda yapt\u0131.<\/p>\n","protected":false},"excerpt":{"rendered":"<p>Survivor All Star 2025\u2019te sular durulmuyor! Aycan\u2019\u0131n \u20185 y\u0131ld\u0131r kimse yapamad\u0131, biz yapt\u0131k\u2019 s\u00f6zleri b\u00fcy\u00fck yank\u0131 uyand\u0131rd\u0131. Sema\u2019n\u0131n karde\u015fi Seda Ocak sosyal medyadan g\u00f6sterdi\u011fi tepki ile g\u00fcndem oldu. <\/p>\n","protected":false},"author":16,"featured_media":183429,"comment_status":"closed","ping_status":"closed","sticky":false,"template":"","format":"standard","meta":{"rank_math_lock_modified_date":false,"footnotes":""},"categories":[76],"tags":[133,2218,22927,22926,22925],"class_list":["post-183390","post","type-post","status-publish","format-standard","has-post-thumbnail","hentry","category-magazin","tag-magazin","tag-magazin-haberleri","tag-seda-ocak-kimdir","tag-survivor-2025-aycan-sema-kavgasi-kardesi-seda","tag-survivor-aycan-sema-seda-kavgasi"],"_links":{"self":[{"href":"https:\/\/www.tgrthaber.com\/mavikadin\/wp-json\/wp\/v2\/posts\/183390"}],"collection":[{"href":"https:\/\/www.tgrthaber.com\/mavikadin\/wp-json\/wp\/v2\/posts"}],"about":[{"href":"https:\/\/www.tgrthaber.com\/mavikadin\/wp-json\/wp\/v2\/types\/post"}],"author":[{"embeddable":true,"href":"https:\/\/www.tgrthaber.com\/mavikadin\/wp-json\/wp\/v2\/users\/16"}],"replies":[{"embeddable":true,"href":"https:\/\/www.tgrthaber.com\/mavikadin\/wp-json\/wp\/v2\/comments?post=183390"}],"version-history":[{"count":1,"href":"https:\/\/www.tgrthaber.com\/mavikadin\/wp-json\/wp\/v2\/posts\/183390\/revisions"}],"predecessor-version":[{"id":183432,"href":"https:\/\/www.tgrthaber.com\/mavikadin\/wp-json\/wp\/v2\/posts\/183390\/revisions\/183432"}],"wp:featuredmedia":[{"embeddable":true,"href":"https:\/\/www.tgrthaber.com\/mavikadin\/wp-json\/wp\/v2\/media\/183429"}],"wp:attachment":[{"href":"https:\/\/www.tgrthaber.com\/mavikadin\/wp-json\/wp\/v2\/media?parent=183390"}],"wp:term":[{"taxonomy":"category","embeddable":true,"href":"https:\/\/www.tgrthaber.com\/mavikadin\/wp-json\/wp\/v2\/categories?post=183390"},{"taxonomy":"post_tag","embeddable":true,"href":"https:\/\/www.tgrthaber.com\/mavikadin\/wp-json\/wp\/v2\/tags?post=183390"}],"curies":[{"name":"wp","href":"https:\/\/api.w.org\/{rel}","templated":true}]}}