{"id":183464,"date":"2025-05-27T17:05:36","date_gmt":"2025-05-27T14:05:36","guid":{"rendered":"https:\/\/www.tgrthaber.com\/mavikadin\/?p=183464"},"modified":"2025-05-27T17:05:36","modified_gmt":"2025-05-27T14:05:36","slug":"survivorda-veda-gecesi-27-mayis-2025-kim-elendi-duelloyu-kim-kazandi","status":"publish","type":"post","link":"https:\/\/www.tgrthaber.com\/mavikadin\/survivorda-veda-gecesi-27-mayis-2025-kim-elendi-duelloyu-kim-kazandi\/","title":{"rendered":"Survivor&#8217;da veda gecesi! 27 May\u0131s 2025 kim elendi d\u00fcelloyu kim kazand\u0131?"},"content":{"rendered":"<p class=\"p1\">TV8\u2019in heyecanla takip edilen yar\u0131\u015fmas\u0131 Survivor All Star 2025, bu ak\u015fam ekranlara gelecek d\u00fcello b\u00f6l\u00fcm\u00fcyle bir kez daha tansiyonu y\u00fckseltiyor. All Star ve G\u00f6n\u00fcll\u00fcler tak\u0131mlar\u0131n\u0131n nefes kesen rekabetine sahne olacak bu gece, izleyiciler b\u00fcy\u00fck bir merakla kimin kazanaca\u011f\u0131n\u0131 ve kimin adaya veda edece\u011fini bekliyor. 27 May\u0131s Sal\u0131 ak\u015fam\u0131 yay\u0131nlanan b\u00f6l\u00fcmdeki d\u00fcello kar\u015f\u0131la\u015fmas\u0131, sezonun belki de en kritik anlar\u0131ndan birine tan\u0131kl\u0131k edecek. Haftalard\u0131r Dominik\u2019te s\u00fcren zorlu m\u00fccadelede bu kez sadece fiziksel de\u011fil, psikolojik olarak da b\u00fcy\u00fck bir sava\u015f verilecek. Peki, bu haftan\u0131n eleme adaylar\u0131 kimler? 27 May\u0131s eleme d\u00fcellosunu kim kazand\u0131? Kim elendi? \u0130\u015fte detaylar&#8230;<\/p>\n<h3>SURV\u0130VOR&#8217;DA VEDA GECES\u0130! 27 MAYIS K\u0130M ELEND\u0130 K\u0130M G\u0130TT\u0130?<\/h3>\n<p class=\"p1\">Her b\u00f6l\u00fcm\u00fcyle izleyicileri ekrana kilitleyen Survivor 2025\u2019te, 27 May\u0131s tarihli b\u00f6l\u00fcm eleme atmosferiyle dikkatleri \u00fczerine topluyor. Yar\u0131\u015fmac\u0131lar, parkura son kez \u00e7\u0131karak adada kalabilmek i\u00e7in ellerinden geleni yapacak. Dominik\u2019te kurulan d\u00fcello arenas\u0131nda bu kez geri d\u00f6n\u00fc\u015f\u00fc olmayan bir karar verilecek. Hangi yar\u0131\u015fmac\u0131n\u0131n yoluna devam edece\u011fi, hangisinin Survivor maceras\u0131n\u0131 noktalayaca\u011f\u0131 ise izleyenlerin odak noktas\u0131nda. Bu zorlu gecede, hem strateji hem dayan\u0131kl\u0131l\u0131k \u00f6n planda olacak. Peki, bu kritik d\u00fcelloyu kim kazand\u0131? \u0130\u015fte detaylar\u2026<\/p>\n<p><img loading=\"lazy\" decoding=\"async\" class=\"alignnone wp-image-183476 size-full\" src=\"https:\/\/www.tgrthaber.com\/mavikadin\/wp-content\/uploads\/Ekran-Resmi-2025-05-27-16.58.17.png\" alt=\"\" width=\"1008\" height=\"576\" title=\"\" srcset=\"https:\/\/www.tgrthaber.com\/mavikadin\/wp-content\/uploads\/Ekran-Resmi-2025-05-27-16.58.17.png 1008w, https:\/\/www.tgrthaber.com\/mavikadin\/wp-content\/uploads\/Ekran-Resmi-2025-05-27-16.58.17-300x171.png 300w, https:\/\/www.tgrthaber.com\/mavikadin\/wp-content\/uploads\/Ekran-Resmi-2025-05-27-16.58.17-768x439.png 768w\" sizes=\"(max-width: 1008px) 100vw, 1008px\" \/><\/p>\n<hr \/>\n<h3 class=\"p1\"><b>SURV\u0130VOR ELEME D\u00dcELLOSUNU K\u0130M KAZANDI?<\/b><b><\/b><\/h3>\n<p class=\"p1\">Survivor All Star 2025\u2019te 27 May\u0131s Sal\u0131 ak\u015fam\u0131 ya\u015fanacak eleme d\u00fcellosu, izleyicilerin g\u00f6z\u00fcn\u00fc ekrana \u00e7evirdi. TV8\u2019de saat 20.00\u2019de ba\u015flayacak olan yeni b\u00f6l\u00fcmde, adada kalmak isteyen yar\u0131\u015fmac\u0131lar k\u0131yas\u0131ya bir m\u00fccadele verecek. Hen\u00fcz sonucu a\u00e7\u0131klanmayan bu d\u00fcelloda, s\u00fcrpriz geli\u015fmelerin ya\u015fanmas\u0131 bekleniyor. Survivor eleme d\u00fcellosunun kazanan\u0131 a\u00e7\u0131kland\u0131\u011f\u0131nda haberimize eklenecektir.<\/p>\n<p><img loading=\"lazy\" decoding=\"async\" class=\"alignnone wp-image-183477 \" src=\"https:\/\/www.tgrthaber.com\/mavikadin\/wp-content\/uploads\/Ekran-Resmi-2025-05-27-16.58.30.png\" alt=\"\" width=\"989\" height=\"577\" title=\"\" srcset=\"https:\/\/www.tgrthaber.com\/mavikadin\/wp-content\/uploads\/Ekran-Resmi-2025-05-27-16.58.30.png 962w, https:\/\/www.tgrthaber.com\/mavikadin\/wp-content\/uploads\/Ekran-Resmi-2025-05-27-16.58.30-300x175.png 300w, https:\/\/www.tgrthaber.com\/mavikadin\/wp-content\/uploads\/Ekran-Resmi-2025-05-27-16.58.30-768x449.png 768w\" sizes=\"(max-width: 989px) 100vw, 989px\" \/><\/p>\n<hr \/>\n<h3 class=\"p1\"><b>SURVIVOR HAFTANIN ELEME ADAYLARI K\u0130MLER?<\/b><\/h3>\n<p class=\"p1\">Survivor All Star 2025\u2019te bu haftan\u0131n eleme potas\u0131 belli oldu. Zorlu parkur m\u00fccadelelerinin ard\u0131ndan ad\u0131n\u0131 eleme hatt\u0131na yazd\u0131ran ilk isim Aycan olurken, onu Sema ve ard\u0131ndan Adem takip etti. Yar\u0131\u015fmada rekabet her ge\u00e7en g\u00fcn daha da k\u0131z\u0131\u015f\u0131rken, elenme ihtimali olan bu \u00fc\u00e7 ismin performanslar\u0131 dikkatle izleniyor.<\/p>\n<p><img loading=\"lazy\" decoding=\"async\" class=\"alignnone wp-image-183478 \" src=\"https:\/\/www.tgrthaber.com\/mavikadin\/wp-content\/uploads\/Ekran-Resmi-2025-05-27-16.58.38.png\" alt=\"\" width=\"981\" height=\"607\" title=\"\" srcset=\"https:\/\/www.tgrthaber.com\/mavikadin\/wp-content\/uploads\/Ekran-Resmi-2025-05-27-16.58.38.png 924w, https:\/\/www.tgrthaber.com\/mavikadin\/wp-content\/uploads\/Ekran-Resmi-2025-05-27-16.58.38-300x186.png 300w, https:\/\/www.tgrthaber.com\/mavikadin\/wp-content\/uploads\/Ekran-Resmi-2025-05-27-16.58.38-768x475.png 768w\" sizes=\"(max-width: 981px) 100vw, 981px\" \/><\/p>\n<hr \/>\n<p class=\"p1\">Ge\u00e7ti\u011fimiz hafta All Star tak\u0131m\u0131ndan \u0130smail Balaban adaya veda etmi\u015fti. Bu hafta ise kimin gidece\u011fi b\u00fcy\u00fck merak konusu. \u00dc\u00e7 iddial\u0131 ismin kar\u015f\u0131 kar\u015f\u0131ya gelece\u011fi bu d\u00fcelloda izleyicileri hem duygusal anlar hem de y\u00fcksek tempolu m\u00fccadeleler bekliyor.<\/p>\n","protected":false},"excerpt":{"rendered":"<p>Survivor All Star 2025\u2019te heyecan dorukta! 27 May\u0131s Sal\u0131 ak\u015fam\u0131 ekrana gelen d\u00fcello b\u00f6l\u00fcm\u00fcnde, eleme potas\u0131ndaki isimler k\u0131yas\u0131ya m\u00fccadele etti. Peki, bu haftan\u0131n elenen ismi kim oldu? \u0130\u015fte Survivor\u2019da bu ak\u015fam ya\u015fananlar ve t\u00fcm geli\u015fmeler\u2026 <\/p>\n","protected":false},"author":16,"featured_media":183480,"comment_status":"closed","ping_status":"closed","sticky":false,"template":"","format":"standard","meta":{"rank_math_lock_modified_date":false,"footnotes":""},"categories":[76],"tags":[133,2218,22930,22929,20860],"class_list":["post-183464","post","type-post","status-publish","format-standard","has-post-thumbnail","hentry","category-magazin","tag-magazin","tag-magazin-haberleri","tag-survivor-27-mayis-2025-eleme-duellosu-kim-kazandi","tag-survivor-27-mayis-2025-kim-elendi","tag-survivor-veda-gecesi"],"_links":{"self":[{"href":"https:\/\/www.tgrthaber.com\/mavikadin\/wp-json\/wp\/v2\/posts\/183464"}],"collection":[{"href":"https:\/\/www.tgrthaber.com\/mavikadin\/wp-json\/wp\/v2\/posts"}],"about":[{"href":"https:\/\/www.tgrthaber.com\/mavikadin\/wp-json\/wp\/v2\/types\/post"}],"author":[{"embeddable":true,"href":"https:\/\/www.tgrthaber.com\/mavikadin\/wp-json\/wp\/v2\/users\/16"}],"replies":[{"embeddable":true,"href":"https:\/\/www.tgrthaber.com\/mavikadin\/wp-json\/wp\/v2\/comments?post=183464"}],"version-history":[{"count":1,"href":"https:\/\/www.tgrthaber.com\/mavikadin\/wp-json\/wp\/v2\/posts\/183464\/revisions"}],"predecessor-version":[{"id":183481,"href":"https:\/\/www.tgrthaber.com\/mavikadin\/wp-json\/wp\/v2\/posts\/183464\/revisions\/183481"}],"wp:featuredmedia":[{"embeddable":true,"href":"https:\/\/www.tgrthaber.com\/mavikadin\/wp-json\/wp\/v2\/media\/183480"}],"wp:attachment":[{"href":"https:\/\/www.tgrthaber.com\/mavikadin\/wp-json\/wp\/v2\/media?parent=183464"}],"wp:term":[{"taxonomy":"category","embeddable":true,"href":"https:\/\/www.tgrthaber.com\/mavikadin\/wp-json\/wp\/v2\/categories?post=183464"},{"taxonomy":"post_tag","embeddable":true,"href":"https:\/\/www.tgrthaber.com\/mavikadin\/wp-json\/wp\/v2\/tags?post=183464"}],"curies":[{"name":"wp","href":"https:\/\/api.w.org\/{rel}","templated":true}]}}