{"id":183490,"date":"2025-05-27T17:35:17","date_gmt":"2025-05-27T14:35:17","guid":{"rendered":"https:\/\/www.tgrthaber.com\/mavikadin\/?p=183490"},"modified":"2025-05-27T17:35:17","modified_gmt":"2025-05-27T14:35:17","slug":"muge-anliyi-soke-eden-evlilik-vaadi-erkek-baslik-parasi-istedi","status":"publish","type":"post","link":"https:\/\/www.tgrthaber.com\/mavikadin\/muge-anliyi-soke-eden-evlilik-vaadi-erkek-baslik-parasi-istedi\/","title":{"rendered":"M\u00fcge Anl\u0131&#8217;y\u0131 \u015foke eden evlilik vaadi! Erkek ba\u015fl\u0131k paras\u0131 istedi"},"content":{"rendered":"<p>T\u00fcrkiye\u2019nin g\u00fcndeminden d\u00fc\u015fmeyen M\u00fcge Anl\u0131 ile Tatl\u0131 Sert program\u0131nda, bu kez duyulmam\u0131\u015f bir olay ya\u015fand\u0131. Canl\u0131 yay\u0131na kat\u0131lan bir kad\u0131n, evlilik hayaliyle g\u00fcvenip g\u00f6nl\u00fcn\u00fc ve birikimini verdi\u011fi sevgilisi taraf\u0131ndan doland\u0131r\u0131ld\u0131\u011f\u0131n\u0131 iddia etti. Ancak ya\u015fananlar bununla s\u0131n\u0131rl\u0131 kalmad\u0131. Olay, erke\u011fin s\u00f6zleriyle izleyenleri adeta \u015fa\u015fk\u0131na \u00e7evirdi. \u0130\u015fte ayr\u0131nt\u0131lar\u2026<\/p>\n<h3>550 B\u0130N TL G\u0130TT\u0130 HAYALLER YIKILDI!<\/h3>\n<p>Programa konuk olan \u00dcmm\u00fc G\u00fcls\u00fcm isimli kad\u0131n, b\u00fcy\u00fck bir umutla ba\u015flad\u0131\u011f\u0131 ili\u015fkisinin kendisini nas\u0131l maddi ve manevi bir \u00e7\u00f6k\u00fc\u015fe s\u00fcr\u00fckledi\u011fini anlatt\u0131. Sevdi\u011fi adamla evlenme hayali kuran kad\u0131n, g\u00fcven ili\u015fkisi i\u00e7inde y\u0131llar boyunca par\u00e7a par\u00e7a olmak \u00fczere toplamda 550 bin TL verdi\u011fini belirtti. Ancak beklenen d\u00fc\u011f\u00fcn bir t\u00fcrl\u00fc ger\u00e7ekle\u015fmedi. Zamanla araya so\u011fukluk giren ili\u015fkide adam\u0131n ilgisi azalmaya ba\u015flad\u0131, ard\u0131ndan da tamamen ortadan kayboldu.<\/p>\n<p><img loading=\"lazy\" decoding=\"async\" class=\"alignnone size-full wp-image-183524\" src=\"https:\/\/www.tgrthaber.com\/mavikadin\/wp-content\/uploads\/2-1113.png\" alt=\"\" width=\"1280\" height=\"720\" title=\"\" srcset=\"https:\/\/www.tgrthaber.com\/mavikadin\/wp-content\/uploads\/2-1113.png 1280w, https:\/\/www.tgrthaber.com\/mavikadin\/wp-content\/uploads\/2-1113-300x169.png 300w, https:\/\/www.tgrthaber.com\/mavikadin\/wp-content\/uploads\/2-1113-1024x576.png 1024w, https:\/\/www.tgrthaber.com\/mavikadin\/wp-content\/uploads\/2-1113-768x432.png 768w\" sizes=\"(max-width: 1280px) 100vw, 1280px\" \/><\/p>\n<hr \/>\n<h3>BEN\u0130 SATIN ALDIN ARTIK SANA A\u0130T\u0130M!<\/h3>\n<p>Olay\u0131n en dikkat \u00e7ekici noktas\u0131 ise adam\u0131n kendini savunma \u015fekli oldu. \u00dcmm\u00fc G\u00fcls\u00fcm\u2019\u00fcn aktard\u0131\u011f\u0131na g\u00f6re, adam kendisine verilen paray\u0131 \u201cba\u015fl\u0131k paras\u0131\u201d olarak g\u00f6rd\u00fc\u011f\u00fcn\u00fc ifade etti. Canl\u0131 yay\u0131nda dile getirilen \u201cBeni sat\u0131n ald\u0131n, sana aitim. Art\u0131k bana ne istersen yapabilirsin\u201d s\u00f6zleri hem M\u00fcge Anl\u0131\u2019y\u0131 hem ekran ba\u015f\u0131ndaki izleyicileri adeta donakalm\u0131\u015f \u015fekilde b\u0131rakt\u0131. Bu s\u00f6zler sosyal medyada da h\u0131zla yay\u0131larak tepki toplad\u0131.<\/p>\n<p><img loading=\"lazy\" decoding=\"async\" class=\"alignnone size-full wp-image-183525\" src=\"https:\/\/www.tgrthaber.com\/mavikadin\/wp-content\/uploads\/3-1092.png\" alt=\"\" width=\"1280\" height=\"720\" title=\"\" srcset=\"https:\/\/www.tgrthaber.com\/mavikadin\/wp-content\/uploads\/3-1092.png 1280w, https:\/\/www.tgrthaber.com\/mavikadin\/wp-content\/uploads\/3-1092-300x169.png 300w, https:\/\/www.tgrthaber.com\/mavikadin\/wp-content\/uploads\/3-1092-1024x576.png 1024w, https:\/\/www.tgrthaber.com\/mavikadin\/wp-content\/uploads\/3-1092-768x432.png 768w\" sizes=\"(max-width: 1280px) 100vw, 1280px\" \/><\/p>\n<hr \/>\n<h3>M\u00dcGE ANLI TEPK\u0130S\u0130N\u0130 G\u0130ZLEYEMED\u0130<\/h3>\n<p>Y\u0131llard\u0131r pek \u00e7ok benzer olayla kar\u015f\u0131la\u015fan M\u00fcge Anl\u0131 bile duyduklar\u0131 kar\u015f\u0131s\u0131nda ne diyece\u011fini bilemedi. \u00d6zellikle \u201cba\u015fl\u0131k paras\u0131\u201d a\u00e7\u0131klamas\u0131na kar\u015f\u0131l\u0131k, \u201cBu erkeklere ne oldu b\u00f6yle? Ne ara bu kadar rahat oldular?\u201d diyerek tepki g\u00f6sterdi. St\u00fcdyodaki di\u011fer konuklar da ya\u015fanan durumu ele\u015ftirerek kad\u0131n\u0131n ya\u015fad\u0131\u011f\u0131 ma\u011fduriyeti savundu.<\/p>\n<div style=\"width: 640px;\" class=\"wp-video\"><!--[if lt IE 9]><script>document.createElement('video');<\/script><![endif]-->\n<video class=\"wp-video-shortcode\" id=\"video-183490-1\" width=\"640\" height=\"629\" preload=\"metadata\" controls=\"controls\"><source type=\"video\/mp4\" src=\"https:\/\/www.tgrthaber.com\/mavikadin\/wp-content\/uploads\/WhatsApp-Video-2025-05-27-at-17.28.03.mp4?_=1\" \/><a href=\"https:\/\/www.tgrthaber.com\/mavikadin\/wp-content\/uploads\/WhatsApp-Video-2025-05-27-at-17.28.03.mp4\">https:\/\/www.tgrthaber.com\/mavikadin\/wp-content\/uploads\/WhatsApp-Video-2025-05-27-at-17.28.03.mp4<\/a><\/video><\/div>\n<hr \/>\n<h3>SOSYAL MEDYA AYA\u011eA KALKTI<\/h3>\n<p>Olay\u0131n programda yay\u0131nlanmas\u0131n\u0131n ard\u0131ndan sosyal medya adeta aya\u011fa kalkt\u0131. Pek \u00e7ok kullan\u0131c\u0131, ya\u015fanan durumu \u201ckad\u0131nlar\u0131n duygular\u0131n\u0131 suistimal etmek\u201d olarak nitelendirdi. Kullan\u0131c\u0131lar, benzer doland\u0131r\u0131c\u0131l\u0131klar\u0131n art\u0131\u015f\u0131na dikkat \u00e7ekerek duygusal ili\u015fkilerde maddi konularda daha temkinli olunmas\u0131 gerekti\u011fini vurgulad\u0131.<\/p>\n<p><img loading=\"lazy\" decoding=\"async\" class=\"alignnone size-full wp-image-183526\" src=\"https:\/\/www.tgrthaber.com\/mavikadin\/wp-content\/uploads\/4-901.png\" alt=\"\" width=\"1280\" height=\"720\" title=\"\" srcset=\"https:\/\/www.tgrthaber.com\/mavikadin\/wp-content\/uploads\/4-901.png 1280w, https:\/\/www.tgrthaber.com\/mavikadin\/wp-content\/uploads\/4-901-300x169.png 300w, https:\/\/www.tgrthaber.com\/mavikadin\/wp-content\/uploads\/4-901-1024x576.png 1024w, https:\/\/www.tgrthaber.com\/mavikadin\/wp-content\/uploads\/4-901-768x432.png 768w\" sizes=\"(max-width: 1280px) 100vw, 1280px\" \/><\/p>\n<hr \/>\n<h3>UZMANLAR UYARIYOR<\/h3>\n<p>Uzmanlar ise bu t\u00fcr doland\u0131r\u0131c\u0131l\u0131k vakalar\u0131n\u0131n, \u00f6zellikle evlilik vaadi gibi hassas konularda daha yayg\u0131nla\u015ft\u0131\u011f\u0131n\u0131 s\u00f6yl\u00fcyor. G\u00fcven ili\u015fkilerinde verilen her maddi deste\u011fin, ileride b\u00fcy\u00fck pi\u015fmanl\u0131klara yol a\u00e7abilece\u011fini vurgulayan uzmanlar, \u201cduygusal kararlar\u0131n maddi bedelleri a\u011f\u0131r olabilir\u201d diyerek \u00f6zellikle internet ve sosyal medya \u00fczerinden kurulan ili\u015fkilerde daha dikkatli olunmas\u0131 gerekti\u011fini belirtiyor.<\/p>\n","protected":false},"excerpt":{"rendered":"<p>M\u00fcge Anl\u0131 ile Tatl\u0131 Sert program\u0131nda yine \u00e7ok konu\u015fulacak bir olay ya\u015fand\u0131. Evlilik vaadiyle kand\u0131r\u0131ld\u0131\u011f\u0131n\u0131 s\u00f6yleyen bir kad\u0131n, sevdi\u011fi adama tam 550 bin TL verdi\u011fini anlatt\u0131. Ancak adam\u0131n savunmas\u0131 herkesi \u015fa\u015fk\u0131na \u00e7evirdi.<\/p>\n","protected":false},"author":28,"featured_media":183523,"comment_status":"closed","ping_status":"closed","sticky":false,"template":"","format":"standard","meta":{"rank_math_lock_modified_date":true,"footnotes":""},"categories":[76],"tags":[133,2218,2453,22942,22943],"class_list":["post-183490","post","type-post","status-publish","format-standard","has-post-thumbnail","hentry","category-magazin","tag-magazin","tag-magazin-haberleri","tag-muge-anli","tag-muge-anli-27-mayis","tag-muge-anli-ummu-gulsum"],"_links":{"self":[{"href":"https:\/\/www.tgrthaber.com\/mavikadin\/wp-json\/wp\/v2\/posts\/183490"}],"collection":[{"href":"https:\/\/www.tgrthaber.com\/mavikadin\/wp-json\/wp\/v2\/posts"}],"about":[{"href":"https:\/\/www.tgrthaber.com\/mavikadin\/wp-json\/wp\/v2\/types\/post"}],"author":[{"embeddable":true,"href":"https:\/\/www.tgrthaber.com\/mavikadin\/wp-json\/wp\/v2\/users\/28"}],"replies":[{"embeddable":true,"href":"https:\/\/www.tgrthaber.com\/mavikadin\/wp-json\/wp\/v2\/comments?post=183490"}],"version-history":[{"count":2,"href":"https:\/\/www.tgrthaber.com\/mavikadin\/wp-json\/wp\/v2\/posts\/183490\/revisions"}],"predecessor-version":[{"id":183531,"href":"https:\/\/www.tgrthaber.com\/mavikadin\/wp-json\/wp\/v2\/posts\/183490\/revisions\/183531"}],"wp:featuredmedia":[{"embeddable":true,"href":"https:\/\/www.tgrthaber.com\/mavikadin\/wp-json\/wp\/v2\/media\/183523"}],"wp:attachment":[{"href":"https:\/\/www.tgrthaber.com\/mavikadin\/wp-json\/wp\/v2\/media?parent=183490"}],"wp:term":[{"taxonomy":"category","embeddable":true,"href":"https:\/\/www.tgrthaber.com\/mavikadin\/wp-json\/wp\/v2\/categories?post=183490"},{"taxonomy":"post_tag","embeddable":true,"href":"https:\/\/www.tgrthaber.com\/mavikadin\/wp-json\/wp\/v2\/tags?post=183490"}],"curies":[{"name":"wp","href":"https:\/\/api.w.org\/{rel}","templated":true}]}}