{"id":183553,"date":"2025-05-27T18:02:37","date_gmt":"2025-05-27T15:02:37","guid":{"rendered":"https:\/\/www.tgrthaber.com\/mavikadin\/?p=183553"},"modified":"2025-05-27T18:02:37","modified_gmt":"2025-05-27T15:02:37","slug":"melis-sezenin-yeni-projesi-belli-oldu-unlu-oyuncu-leyla-hali-dizisiyle-el-sikisti","status":"publish","type":"post","link":"https:\/\/www.tgrthaber.com\/mavikadin\/melis-sezenin-yeni-projesi-belli-oldu-unlu-oyuncu-leyla-hali-dizisiyle-el-sikisti\/","title":{"rendered":"Melis Sezen\u2019in yeni projesi belli oldu! \u00dcnl\u00fc oyuncu \u2018Leyla Hali\u2019 dizisiyle el s\u0131k\u0131\u015ft\u0131"},"content":{"rendered":"<p>Show TV ekranlar\u0131n\u0131n b\u00fcy\u00fck bir ilgiyle takip edilen dizisi \u2018Deha\u2019da \u2018\u0130mre\u2019 karakteriyle izleyici kar\u015f\u0131s\u0131na \u00e7\u0131kan Melis Sezen\u2019in yeni projesi belli oldu. Son zamanlarda ba\u015far\u0131l\u0131 oyunculuk performans\u0131yla dikkatleri \u00fczerine \u00e7eken \u00fcnl\u00fc oyuncu, \u2018Deha\u2019 dizisiyle ad\u0131ndan \u00e7ok\u00e7a s\u00f6z ettirdi. Melis Sezen, Deha dizisinin final yapmas\u0131n\u0131n ard\u0131ndan \u2018Leyla Hali\u2019 dizisiyle el s\u0131k\u0131\u015ft\u0131. \u00dcnl\u00fc oyuncunun yeni projesinde nas\u0131l bir performans sergileyece\u011fi merak konusu oldu.<\/p>\n<h3>MEL\u0130S SEZEN\u2019\u0130N YEN\u0130 PROJES\u0130 BELL\u0130 OLDU!<\/h3>\n<p>Ba\u015far\u0131l\u0131 oyunculuk kariyeri, g\u00fczelli\u011fi ve performans\u0131yla ad\u0131ndan s\u0131k s\u0131k s\u00f6z ettiren Melis Sezen\u2019in yeni projesi belli oldu. Son olarak Show TV ekranlar\u0131nda izleyici kar\u015f\u0131s\u0131na ge\u00e7en \u2018Deha\u2019 dizisinde Aras Bulut \u0130ynemli ile ba\u015frol payla\u015fan Sezen\u2019den yeni proje ata\u011f\u0131 geldi.<\/p>\n<p>Ba\u015far\u0131l\u0131 oyunculu\u011fu ve \u00f6zel hayat\u0131yla magazin d\u00fcnyas\u0131n\u0131n g\u00fcndeminden bir an olsun d\u00fc\u015fmeyen Sezen, ge\u00e7ti\u011fimiz haftalarda final yapan Deha dizisindeki performans\u0131yla dikkatleri \u00fczerine \u00e7ekmi\u015fti. Deha dizisiyle ad\u0131ndan \u00e7ok\u00e7a s\u00f6z ettiren g\u00fczel oyuncunun yeni projesi a\u00e7\u0131kland\u0131.<\/p>\n<p><img loading=\"lazy\" decoding=\"async\" class=\"alignnone wp-image-183555\" src=\"https:\/\/www.tgrthaber.com\/mavikadin\/wp-content\/uploads\/Melis-Sezen-1024x576.jpg\" alt=\"Melis Sezen\u2019in yeni projesi belli oldu! \u00dcnl\u00fc oyuncu \u2018Leyla Hali\u2019 dizisiyle el s\u0131k\u0131\u015ft\u0131  \" width=\"1208\" height=\"680\" title=\"\" srcset=\"https:\/\/www.tgrthaber.com\/mavikadin\/wp-content\/uploads\/Melis-Sezen-1024x576.jpg 1024w, https:\/\/www.tgrthaber.com\/mavikadin\/wp-content\/uploads\/Melis-Sezen-300x169.jpg 300w, https:\/\/www.tgrthaber.com\/mavikadin\/wp-content\/uploads\/Melis-Sezen-768x432.jpg 768w, https:\/\/www.tgrthaber.com\/mavikadin\/wp-content\/uploads\/Melis-Sezen-1536x864.jpg 1536w, https:\/\/www.tgrthaber.com\/mavikadin\/wp-content\/uploads\/Melis-Sezen.jpg 1600w\" sizes=\"(max-width: 1208px) 100vw, 1208px\" \/><\/p>\n<hr \/>\n<p>Show TV ekranlar\u0131nda seyirci ile bulu\u015fan Deha dizisinin reyting kurban\u0131 olmas\u0131n\u0131n ard\u0131ndan Melis Sezen\u2019in hangi projelerde yer alaca\u011f\u0131 merak ediliyordu. Bu sezonun b\u00fcy\u00fck bir ilgiyle takip edilen dizileri aras\u0131nda yer alan \u2018Deha\u2019da \u2018\u0130mre\u2019 karakteriyle izleyici kar\u015f\u0131s\u0131na \u00e7\u0131kan Sezen, performans\u0131yla seyirciden tam not almay\u0131 ba\u015farm\u0131\u015ft\u0131.<\/p>\n<p>Sezen, \u0130mre karakteriyle \u00e7e\u015fitli ele\u015ftirilere maruz kalsa da bir\u00e7ok izleyici taraf\u0131ndan b\u00fcy\u00fck bir ilgiyle kar\u015f\u0131lanm\u0131\u015ft\u0131. Deha dizisinin final yapmas\u0131n\u0131n ard\u0131ndan Sezen\u2019in hangi projede yer alaca\u011f\u0131 belli oldu.<\/p>\n<p><img loading=\"lazy\" decoding=\"async\" class=\"alignnone wp-image-183556\" src=\"https:\/\/www.tgrthaber.com\/mavikadin\/wp-content\/uploads\/Melis-Sezen-2-1-1024x576.jpg\" alt=\"Melis Sezen\u2019in yeni projesi belli oldu! \u00dcnl\u00fc oyuncu \u2018Leyla Hali\u2019 dizisiyle el s\u0131k\u0131\u015ft\u0131  \" width=\"1208\" height=\"680\" title=\"\" srcset=\"https:\/\/www.tgrthaber.com\/mavikadin\/wp-content\/uploads\/Melis-Sezen-2-1-1024x576.jpg 1024w, https:\/\/www.tgrthaber.com\/mavikadin\/wp-content\/uploads\/Melis-Sezen-2-1-300x169.jpg 300w, https:\/\/www.tgrthaber.com\/mavikadin\/wp-content\/uploads\/Melis-Sezen-2-1-768x432.jpg 768w, https:\/\/www.tgrthaber.com\/mavikadin\/wp-content\/uploads\/Melis-Sezen-2-1-1536x864.jpg 1536w, https:\/\/www.tgrthaber.com\/mavikadin\/wp-content\/uploads\/Melis-Sezen-2-1.jpg 1600w\" sizes=\"(max-width: 1208px) 100vw, 1208px\" \/><\/p>\n<hr \/>\n<h3>MEL\u0130S SEZEN \u2018LEYLA HAL\u0130\u2019 D\u0130Z\u0130S\u0130YLE EL SIKI\u015eTI!<\/h3>\n<p>Gazeteci Birsen Altunta\u015f\u2019\u0131n haberine g\u00f6re Melis Sezen, Deha dizisinin ekranlara veda etmesinin ard\u0131ndan \u00f6zel bir projeyle el s\u0131k\u0131\u015ft\u0131. \u00dcnl\u00fc oyuncu, yap\u0131mc\u0131l\u0131\u011f\u0131n\u0131 \u00d6ner Arslanel\u2019in \u00fcstlendi\u011fi Fabrika Yap\u0131m imzal\u0131 \u2018Leyla Hali\u2019 dizisiyle anla\u015ft\u0131.<\/p>\n<p><img loading=\"lazy\" decoding=\"async\" class=\"alignnone wp-image-183557\" src=\"https:\/\/www.tgrthaber.com\/mavikadin\/wp-content\/uploads\/Melis-Sezen-1-1024x576.jpg\" alt=\"Melis Sezen\u2019in yeni projesi belli oldu! \u00dcnl\u00fc oyuncu \u2018Leyla Hali\u2019 dizisiyle el s\u0131k\u0131\u015ft\u0131  \" width=\"1208\" height=\"680\" title=\"\" srcset=\"https:\/\/www.tgrthaber.com\/mavikadin\/wp-content\/uploads\/Melis-Sezen-1-1024x576.jpg 1024w, https:\/\/www.tgrthaber.com\/mavikadin\/wp-content\/uploads\/Melis-Sezen-1-300x169.jpg 300w, https:\/\/www.tgrthaber.com\/mavikadin\/wp-content\/uploads\/Melis-Sezen-1-768x432.jpg 768w, https:\/\/www.tgrthaber.com\/mavikadin\/wp-content\/uploads\/Melis-Sezen-1-1536x864.jpg 1536w, https:\/\/www.tgrthaber.com\/mavikadin\/wp-content\/uploads\/Melis-Sezen-1.jpg 1600w\" sizes=\"(max-width: 1208px) 100vw, 1208px\" \/><\/p>\n<hr \/>\n<p>\u00d6zg\u00fcn hikayesinin Ali Demirel\u2019e ait oldu\u011fu Leyla Hali projesinin senaryosunu Korcan Derinsu, Asl\u0131 Ceren Bozatl\u0131 ve \u00c7isel Bilgen Ceylan kaleme alacak. Sezen, dizide hala dedi\u011fi Kumru\u2019yla beraber ya\u015fayan zaman\u0131n\u0131 mutfakta yemek yaparak ge\u00e7iren, yetimhanede b\u00fcy\u00fcm\u00fc\u015f hayalperest \u2018Leyla\u2019y\u0131 oynayacak.<\/p>\n<p><img loading=\"lazy\" decoding=\"async\" class=\"alignnone wp-image-183558\" src=\"https:\/\/www.tgrthaber.com\/mavikadin\/wp-content\/uploads\/Melis-Sezen-4-1-1024x576.jpg\" alt=\"Melis Sezen\u2019in yeni projesi belli oldu! \u00dcnl\u00fc oyuncu \u2018Leyla Hali\u2019 dizisiyle el s\u0131k\u0131\u015ft\u0131  \" width=\"1208\" height=\"680\" title=\"\" srcset=\"https:\/\/www.tgrthaber.com\/mavikadin\/wp-content\/uploads\/Melis-Sezen-4-1-1024x576.jpg 1024w, https:\/\/www.tgrthaber.com\/mavikadin\/wp-content\/uploads\/Melis-Sezen-4-1-300x169.jpg 300w, https:\/\/www.tgrthaber.com\/mavikadin\/wp-content\/uploads\/Melis-Sezen-4-1-768x432.jpg 768w, https:\/\/www.tgrthaber.com\/mavikadin\/wp-content\/uploads\/Melis-Sezen-4-1-1536x864.jpg 1536w, https:\/\/www.tgrthaber.com\/mavikadin\/wp-content\/uploads\/Melis-Sezen-4-1.jpg 1600w\" sizes=\"(max-width: 1208px) 100vw, 1208px\" \/><\/p>\n<hr \/>\n<p>Etkileyici bir hik\u00e2ye ile seyirci kar\u015f\u0131s\u0131na \u00e7\u0131kacak olan Leyla Hali dizisinin \u00e7ekimleri haziran ay\u0131nda ba\u015flayacak ve 6 haftada tamamlanacak. Y\u00f6netmen koltu\u011funda Ender M\u0131hlar\u2019\u0131n oturdu\u011fu dizinin cast direkt\u00f6rl\u00fc\u011f\u00fcn\u00fc Yelda G\u00fcrkan \u00fcstleniyor. Dizinin oyuncu g\u00f6r\u00fc\u015fmeleri ise hala devam ediyor. Olduk\u00e7a k\u0131sa bir s\u00fcrede tamamlanacak dizinin TRT ekranlar\u0131n\u0131n dijital platformu Tabii\u2019de yay\u0131nlanmas\u0131 planlan\u0131yor.<\/p>\n","protected":false},"excerpt":{"rendered":"<p>Son olarak Show TV ekranlar\u0131nda izleyici kar\u015f\u0131s\u0131nda \u00e7\u0131kan \u2018Deha\u2019 dizisinde \u2018\u0130mre\u2019 karakterini oynayan Melis Sezen\u2019in yeni projesi belli oldu. \u00dcnl\u00fc oyuncu Leyla Hali dizisiyle el s\u0131k\u0131\u015ft\u0131. \u0130\u015fte detaylar\u2026<\/p>\n","protected":false},"author":26,"featured_media":183554,"comment_status":"closed","ping_status":"closed","sticky":false,"template":"","format":"standard","meta":{"rank_math_lock_modified_date":false,"footnotes":""},"categories":[76],"tags":[22957,22956,133,2218,3008,22955],"class_list":["post-183553","post","type-post","status-publish","format-standard","has-post-thumbnail","hentry","category-magazin","tag-leyla-hali","tag-leyla-hali-dizi","tag-magazin","tag-magazin-haberleri","tag-melis-sezen","tag-melis-sezen-leyla-hali"],"_links":{"self":[{"href":"https:\/\/www.tgrthaber.com\/mavikadin\/wp-json\/wp\/v2\/posts\/183553"}],"collection":[{"href":"https:\/\/www.tgrthaber.com\/mavikadin\/wp-json\/wp\/v2\/posts"}],"about":[{"href":"https:\/\/www.tgrthaber.com\/mavikadin\/wp-json\/wp\/v2\/types\/post"}],"author":[{"embeddable":true,"href":"https:\/\/www.tgrthaber.com\/mavikadin\/wp-json\/wp\/v2\/users\/26"}],"replies":[{"embeddable":true,"href":"https:\/\/www.tgrthaber.com\/mavikadin\/wp-json\/wp\/v2\/comments?post=183553"}],"version-history":[{"count":2,"href":"https:\/\/www.tgrthaber.com\/mavikadin\/wp-json\/wp\/v2\/posts\/183553\/revisions"}],"predecessor-version":[{"id":183560,"href":"https:\/\/www.tgrthaber.com\/mavikadin\/wp-json\/wp\/v2\/posts\/183553\/revisions\/183560"}],"wp:featuredmedia":[{"embeddable":true,"href":"https:\/\/www.tgrthaber.com\/mavikadin\/wp-json\/wp\/v2\/media\/183554"}],"wp:attachment":[{"href":"https:\/\/www.tgrthaber.com\/mavikadin\/wp-json\/wp\/v2\/media?parent=183553"}],"wp:term":[{"taxonomy":"category","embeddable":true,"href":"https:\/\/www.tgrthaber.com\/mavikadin\/wp-json\/wp\/v2\/categories?post=183553"},{"taxonomy":"post_tag","embeddable":true,"href":"https:\/\/www.tgrthaber.com\/mavikadin\/wp-json\/wp\/v2\/tags?post=183553"}],"curies":[{"name":"wp","href":"https:\/\/api.w.org\/{rel}","templated":true}]}}