{"id":183737,"date":"2025-05-28T10:42:25","date_gmt":"2025-05-28T07:42:25","guid":{"rendered":"https:\/\/www.tgrthaber.com\/mavikadin\/?p=183737"},"modified":"2025-05-28T10:42:25","modified_gmt":"2025-05-28T07:42:25","slug":"melike-sahin-verdigi-pozla-dikkat-cekti-makyajsiz-hali-begeni-topladi","status":"publish","type":"post","link":"https:\/\/www.tgrthaber.com\/mavikadin\/melike-sahin-verdigi-pozla-dikkat-cekti-makyajsiz-hali-begeni-topladi\/","title":{"rendered":"Melike \u015eahin verdi\u011fi pozla dikkat \u00e7ekti! Makyajs\u0131z hali be\u011feni toplad\u0131"},"content":{"rendered":"<p>Melike \u015eahin estetikten pay\u0131n\u0131 almayan nadir sanat\u00e7\u0131lar aras\u0131nda yer al\u0131yor. Herkesin birbirine benzedi\u011fi, ayn\u0131 suratlara sahip oldu\u011fu g\u00fcn\u00fcm\u00fczde o do\u011fall\u0131\u011f\u0131 ile \u00f6n plana \u00e7\u0131k\u0131yor.<\/p>\n<h3>MEL\u0130KE \u015eAH\u0130N VERD\u0130\u011e\u0130 POZLA D\u0130KKAT \u00c7EKT\u0130!<\/h3>\n<p>\u015eark\u0131lar\u0131 kadar do\u011fal tav\u0131rlar\u0131yla da g\u00f6n\u00fcllere taht kuran Melike \u015eahin, makyajs\u0131z ve do\u011fal halini sosyal medya hesab\u0131ndan payla\u015ft\u0131. Ge\u00e7en hafta Viyana ve Z\u00fcrih&#8217;te sahne alan Melike \u015eahin seyahatinden foto\u011fraf payla\u015fmay\u0131 ihmal etmemi\u015fti. S\u0131k s\u0131k do\u011fal haliyle g\u00fcndeme gelen \u00fcnl\u00fc sanat\u00e7\u0131 bu kez yak\u0131n \u00e7ekim haliyle be\u011feni toplad\u0131.<\/p>\n<p><img loading=\"lazy\" decoding=\"async\" class=\"alignnone size-full wp-image-183744\" src=\"https:\/\/www.tgrthaber.com\/mavikadin\/wp-content\/uploads\/Melike-Sahin-4.png\" alt=\"\" width=\"1208\" height=\"680\" title=\"\" srcset=\"https:\/\/www.tgrthaber.com\/mavikadin\/wp-content\/uploads\/Melike-Sahin-4.png 1208w, https:\/\/www.tgrthaber.com\/mavikadin\/wp-content\/uploads\/Melike-Sahin-4-300x169.png 300w, https:\/\/www.tgrthaber.com\/mavikadin\/wp-content\/uploads\/Melike-Sahin-4-1024x576.png 1024w, https:\/\/www.tgrthaber.com\/mavikadin\/wp-content\/uploads\/Melike-Sahin-4-768x432.png 768w\" sizes=\"(max-width: 1208px) 100vw, 1208px\" \/><\/p>\n<hr \/>\n<p>Makyajs\u0131z ve do\u011fal haline yer veren \u00fcnl\u00fc isim sosyal medyada hayranlar\u0131 taraf\u0131ndan be\u011feni ve yorum ya\u011fmuruna tutuldu. Melike \u015eahin&#8217;in foto\u011fraflar\u0131n\u0131; Sinem Kobal, Hazal Kaya ve Uraz Kayg\u0131laro\u011flu da be\u011fendi.<\/p>\n<h3>O SES T\u00dcRK\u0130YE\u2019DE YER ALDI<\/h3>\n<p>O Ses T\u00fcrkiye yar\u0131\u015fmas\u0131nda j\u00fcri \u00fcyeli\u011fiyle be\u011feni toplayan Melike \u015eahin, izleyiciyle bir araya gelmi\u015fti. G\u00f6khan \u00d6zo\u011fuz, Hadise ve Beyaz\u0131t \u00d6zt\u00fcrk&#8217;\u00fcn ge\u00e7en y\u0131llardaki gibi sabit kald\u0131\u011f\u0131 programda s\u00fcrpriz isim Melike \u015eahin olmu\u015ftu.<\/p>\n<h3><img loading=\"lazy\" decoding=\"async\" class=\"alignnone size-full wp-image-183745\" src=\"https:\/\/www.tgrthaber.com\/mavikadin\/wp-content\/uploads\/Melike-Sahin-2.png\" alt=\"\" width=\"1208\" height=\"680\" title=\"\" srcset=\"https:\/\/www.tgrthaber.com\/mavikadin\/wp-content\/uploads\/Melike-Sahin-2.png 1208w, https:\/\/www.tgrthaber.com\/mavikadin\/wp-content\/uploads\/Melike-Sahin-2-300x169.png 300w, https:\/\/www.tgrthaber.com\/mavikadin\/wp-content\/uploads\/Melike-Sahin-2-1024x576.png 1024w, https:\/\/www.tgrthaber.com\/mavikadin\/wp-content\/uploads\/Melike-Sahin-2-768x432.png 768w\" sizes=\"(max-width: 1208px) 100vw, 1208px\" \/><\/h3>\n<hr \/>\n<h3>MEL\u0130KE \u015eAH\u0130N K\u0130MD\u0130R?<\/h3>\n<p>18 Nisan 1989 tarihinde \u0130stanbul\u2019da d\u00fcnyaya gelen Melike \u015eahin aslen Sivas Divri\u011fili\u2019dir. \u00c7ocuklu\u011fundan itibaren m\u00fczi\u011fe ilgi duyan \u00fcnl\u00fc isim lise y\u0131llar\u0131nda \u00c7a\u011fda\u015f M\u00fczik Merkezi\u2019nde Timur Sel\u00e7uk\u2019tan \u015fan dersleri alm\u0131\u015ft\u0131r.<\/p>\n<p>Bo\u011fazi\u00e7i \u00dcniversitesi Sosyoloji e\u011fitiminden sonra 2017&#8217;ye kadar Baba Zula ile vokalist olarak \u00e7al\u0131\u015ft\u0131. Baba Zula\u2019yla \u00e7al\u0131\u015fmay\u0131 b\u0131rakmadan k\u0131sa s\u00fcre \u00f6nce &#8220;Melik\u015fah ve Saz Arkada\u015flar\u0131&#8221; ad\u0131 alt\u0131nda bir proje ba\u015flatt\u0131.<\/p>\n<p><img loading=\"lazy\" decoding=\"async\" class=\"alignnone size-full wp-image-183746\" src=\"https:\/\/www.tgrthaber.com\/mavikadin\/wp-content\/uploads\/Melike-Sahin-6.png\" alt=\"\" width=\"1208\" height=\"680\" title=\"\" srcset=\"https:\/\/www.tgrthaber.com\/mavikadin\/wp-content\/uploads\/Melike-Sahin-6.png 1208w, https:\/\/www.tgrthaber.com\/mavikadin\/wp-content\/uploads\/Melike-Sahin-6-300x169.png 300w, https:\/\/www.tgrthaber.com\/mavikadin\/wp-content\/uploads\/Melike-Sahin-6-1024x576.png 1024w, https:\/\/www.tgrthaber.com\/mavikadin\/wp-content\/uploads\/Melike-Sahin-6-768x432.png 768w\" sizes=\"(max-width: 1208px) 100vw, 1208px\" \/><\/p>\n<hr \/>\n<p>\u015eahin bu ekiple Beyo\u011flu&#8217;nda Kanto isimli meyhanede arabesk temal\u0131 bir repertuar ile bir s\u00fcre konserler verdi. Frans\u0131z y\u00f6netmen Tony Gatlif\u2019in Djam isimli filminde 2017 y\u0131l\u0131nda seslendirdi\u011fi \u00fc\u00e7 \u015fark\u0131 ile yer ald\u0131.<\/p>\n<p><img loading=\"lazy\" decoding=\"async\" class=\"alignnone size-full wp-image-183747\" src=\"https:\/\/www.tgrthaber.com\/mavikadin\/wp-content\/uploads\/Melike-Sahin-5.png\" alt=\"\" width=\"1208\" height=\"680\" title=\"\" srcset=\"https:\/\/www.tgrthaber.com\/mavikadin\/wp-content\/uploads\/Melike-Sahin-5.png 1208w, https:\/\/www.tgrthaber.com\/mavikadin\/wp-content\/uploads\/Melike-Sahin-5-300x169.png 300w, https:\/\/www.tgrthaber.com\/mavikadin\/wp-content\/uploads\/Melike-Sahin-5-1024x576.png 1024w, https:\/\/www.tgrthaber.com\/mavikadin\/wp-content\/uploads\/Melike-Sahin-5-768x432.png 768w\" sizes=\"(max-width: 1208px) 100vw, 1208px\" \/><\/p>\n<hr \/>\n<p>Ayn\u0131 sene filmin d\u00fcnya pr\u00f6miyeri \u00f6ncesinde Cannes Film Festivali\u2019nde bir konser verdi. 2017 y\u0131l\u0131nda ilk teklileri Bi&#8217; f\u0131rlatsam ve Deli Kan ile solo kariyerine ba\u015flad\u0131. Melike \u015eahin\u2019in ilk solo alb\u00fcm\u00fc Merhem\u2019i, \u015eubat 2021&#8217;de yay\u0131mland\u0131. Alb\u00fcm\u00fcn ilk teklisi, Ocak 2021&#8217;de yay\u0131mlanan &#8220;Uykumun Boynunu B\u00fckme&#8221; oldu.<\/p>\n","protected":false},"excerpt":{"rendered":"<p>\u00dcnl\u00fclerin estetik ameliyatlar\u0131yla dikkat \u00e7ekti\u011fi, birbirine benzedi\u011fi bu d\u00f6nemde do\u011fal kalmay\u0131 ba\u015faran isimlerden biri de Melike \u015eahin. Makyajs\u0131z halini sosyal medya hesab\u0131ndan payla\u015fan \u00fcnl\u00fc isim do\u011fall\u0131\u011f\u0131 ile dikkatleri \u00fczerine \u00e7ekti.<\/p>\n","protected":false},"author":5,"featured_media":183743,"comment_status":"closed","ping_status":"closed","sticky":false,"template":"","format":"standard","meta":{"rank_math_lock_modified_date":false,"footnotes":""},"categories":[76],"tags":[22999,3968,133,4301,2378],"class_list":["post-183737","post","type-post","status-publish","format-standard","has-post-thumbnail","hentry","category-magazin","tag-bogazici-universitesi","tag-gokhan-ozoguz","tag-magazin","tag-melike-sahin","tag-o-ses-turkiye"],"_links":{"self":[{"href":"https:\/\/www.tgrthaber.com\/mavikadin\/wp-json\/wp\/v2\/posts\/183737"}],"collection":[{"href":"https:\/\/www.tgrthaber.com\/mavikadin\/wp-json\/wp\/v2\/posts"}],"about":[{"href":"https:\/\/www.tgrthaber.com\/mavikadin\/wp-json\/wp\/v2\/types\/post"}],"author":[{"embeddable":true,"href":"https:\/\/www.tgrthaber.com\/mavikadin\/wp-json\/wp\/v2\/users\/5"}],"replies":[{"embeddable":true,"href":"https:\/\/www.tgrthaber.com\/mavikadin\/wp-json\/wp\/v2\/comments?post=183737"}],"version-history":[{"count":1,"href":"https:\/\/www.tgrthaber.com\/mavikadin\/wp-json\/wp\/v2\/posts\/183737\/revisions"}],"predecessor-version":[{"id":183749,"href":"https:\/\/www.tgrthaber.com\/mavikadin\/wp-json\/wp\/v2\/posts\/183737\/revisions\/183749"}],"wp:featuredmedia":[{"embeddable":true,"href":"https:\/\/www.tgrthaber.com\/mavikadin\/wp-json\/wp\/v2\/media\/183743"}],"wp:attachment":[{"href":"https:\/\/www.tgrthaber.com\/mavikadin\/wp-json\/wp\/v2\/media?parent=183737"}],"wp:term":[{"taxonomy":"category","embeddable":true,"href":"https:\/\/www.tgrthaber.com\/mavikadin\/wp-json\/wp\/v2\/categories?post=183737"},{"taxonomy":"post_tag","embeddable":true,"href":"https:\/\/www.tgrthaber.com\/mavikadin\/wp-json\/wp\/v2\/tags?post=183737"}],"curies":[{"name":"wp","href":"https:\/\/api.w.org\/{rel}","templated":true}]}}