{"id":183810,"date":"2025-05-28T12:41:00","date_gmt":"2025-05-28T09:41:00","guid":{"rendered":"https:\/\/www.tgrthaber.com\/mavikadin\/?p=183810"},"modified":"2025-05-28T12:41:00","modified_gmt":"2025-05-28T09:41:00","slug":"firat-tanis-ve-zeynep-gunay-cifti-ilk-kez-kameralara-yakalandi","status":"publish","type":"post","link":"https:\/\/www.tgrthaber.com\/mavikadin\/firat-tanis-ve-zeynep-gunay-cifti-ilk-kez-kameralara-yakalandi\/","title":{"rendered":"F\u0131rat Tan\u0131\u015f ve Zeynep G\u00fcnay \u00e7ifti ilk kez kameralara yakaland\u0131!"},"content":{"rendered":"<p>NOW TV ekranlar\u0131nda izleyici kar\u015f\u0131s\u0131na \u00e7\u0131kan \u015eakir Pa\u015fa Ailesi: Mucizeler ve Skandallar dizisindeki \u2018\u015eakir Pa\u015fa\u2019 karakteriyle ad\u0131ndan s\u00f6z ettiren F\u0131rat Tan\u0131\u015f, \u015fimdilerde a\u015fk hayat\u0131yla da g\u00fcndemde yer almaya devam ediyor. Zeynep G\u00fcnay ile ili\u015fkisini g\u00f6zlerden uzak ya\u015famay\u0131 tercih eden F\u0131rat Tan\u0131\u015f, ilk kez Cihangir\u2019de kameralara yakaland\u0131.<\/p>\n<h3>FIRAT TANI\u015e VE ZEYNEP G\u00dcNAY \u00c7\u0130FT\u0130 \u0130LK KEZ KAMERALARA YAKALANDI!<\/h3>\n<p>Ba\u015far\u0131l\u0131 oyunculuk kariyeri kadar \u00f6zel hayat\u0131, aile ya\u015fant\u0131s\u0131 ve birliktelikleriyle de g\u00fcndemde s\u0131k s\u0131k yer edinen F\u0131rat Tan\u0131\u015f, uzun bir s\u00fcredir beraber oldu\u011fu Zeynep G\u00fcnay ile ilk kez kameralara yakaland\u0131. NOW TV ekranlar\u0131nda izleyici kar\u015f\u0131s\u0131na \u00e7\u0131kan \u015eakir Pa\u015fa Ailesi: Mucizeler ve Skandallar dizisindeki \u2018\u015eakir Pa\u015fa\u2019 karakteriyle dikkatleri \u00fczerine \u00e7eken Tan\u0131\u015f, dizinin sezon finali vermesiyle birlikte a\u015fk hayat\u0131na zaman ay\u0131rmaya ba\u015flad\u0131.<\/p>\n<p><img loading=\"lazy\" decoding=\"async\" class=\"alignnone wp-image-183812\" src=\"https:\/\/www.tgrthaber.com\/mavikadin\/wp-content\/uploads\/firat-tanis-4-1024x576.jpg\" alt=\"F\u0131rat Tan\u0131\u015f ve Zeynep G\u00fcnay \u00e7ifti ilk kez kameralara yakaland\u0131! \" width=\"1208\" height=\"680\" title=\"\" srcset=\"https:\/\/www.tgrthaber.com\/mavikadin\/wp-content\/uploads\/firat-tanis-4-1024x576.jpg 1024w, https:\/\/www.tgrthaber.com\/mavikadin\/wp-content\/uploads\/firat-tanis-4-300x169.jpg 300w, https:\/\/www.tgrthaber.com\/mavikadin\/wp-content\/uploads\/firat-tanis-4-768x432.jpg 768w, https:\/\/www.tgrthaber.com\/mavikadin\/wp-content\/uploads\/firat-tanis-4-1536x864.jpg 1536w, https:\/\/www.tgrthaber.com\/mavikadin\/wp-content\/uploads\/firat-tanis-4.jpg 1600w\" sizes=\"(max-width: 1208px) 100vw, 1208px\" \/><\/p>\n<hr \/>\n<p>Uzun bir s\u00fcredir ili\u015fkilerini g\u00f6zlerden uzak ya\u015famay\u0131 tercih eden F\u0131rat Tan\u0131\u015f ve Zeynep G\u00fcnay \u00e7ifti, ilk kez Cihangir\u2019de bas\u0131n mensuplar\u0131n\u0131n kameralar\u0131na yakaland\u0131. Ge\u00e7ti\u011fimiz aylarda Tolga Karel\u2019in kendisine yapt\u0131\u011f\u0131 \u00e7arp\u0131c\u0131 a\u00e7\u0131klamalarla g\u00fcndeme bomba gibi d\u00fc\u015fen Tan\u0131\u015f, bu kez gizli ya\u015fad\u0131\u011f\u0131 a\u015fk hayat\u0131yla magazin d\u00fcnyas\u0131n\u0131n g\u00fcndeminde yer ald\u0131. Oyunculuk performans\u0131 kadar \u00f6zel hayat\u0131yla da dikkatleri \u00fczerine \u00e7eken \u00fcnl\u00fc oyuncu, y\u00f6netmen Zeynep G\u00fcnay ile ya\u015fad\u0131\u011f\u0131 a\u015fkla sosyal medyay\u0131 adeta sallad\u0131.<\/p>\n<p><img loading=\"lazy\" decoding=\"async\" class=\"alignnone wp-image-183813\" src=\"https:\/\/www.tgrthaber.com\/mavikadin\/wp-content\/uploads\/firat-tanis-5-1024x576.jpg\" alt=\"F\u0131rat Tan\u0131\u015f ve Zeynep G\u00fcnay \u00e7ifti ilk kez kameralara yakaland\u0131! \" width=\"1208\" height=\"680\" title=\"\" srcset=\"https:\/\/www.tgrthaber.com\/mavikadin\/wp-content\/uploads\/firat-tanis-5-1024x576.jpg 1024w, https:\/\/www.tgrthaber.com\/mavikadin\/wp-content\/uploads\/firat-tanis-5-300x169.jpg 300w, https:\/\/www.tgrthaber.com\/mavikadin\/wp-content\/uploads\/firat-tanis-5-768x432.jpg 768w, https:\/\/www.tgrthaber.com\/mavikadin\/wp-content\/uploads\/firat-tanis-5-1536x864.jpg 1536w, https:\/\/www.tgrthaber.com\/mavikadin\/wp-content\/uploads\/firat-tanis-5.jpg 1600w\" sizes=\"(max-width: 1208px) 100vw, 1208px\" \/><\/p>\n<hr \/>\n<h3>FIRAT TANI\u015e ZEYNEP G\u00dcNAY \u0130LE AYNI D\u0130Z\u0130DE \u00c7ALI\u015eMI\u015eTI!<\/h3>\n<p>\u0130lk evlili\u011fini G\u00fclay Sezer ile yapan \u00fcnl\u00fc oyuncu F\u0131rat Tan\u0131\u015f, daha sonra 2014 y\u0131l\u0131nda K\u00fcbra Tan\u0131\u015f ile d\u00fcnyaevine girmi\u015fti. \u00c7iftin beraberliklerinden bir \u00e7ocuklar\u0131 d\u00fcnyaya gelmi\u015f fakat \u00fcnl\u00fc \u00e7ift 2022 y\u0131l\u0131nda ayr\u0131lma karar\u0131 alarak bo\u015fanm\u0131\u015ft\u0131. A\u015fk hayat\u0131 olduk\u00e7a hareketli olan Tan\u0131\u015f, evlili\u011fini noktalad\u0131ktan sonra piyanist \u0130klim Tamkan ile a\u015fk ya\u015fam\u0131\u015ft\u0131. \u0130ki \u00fcnl\u00fc ismin ili\u015fkisi 1.5 y\u0131l s\u00fcrd\u00fckten sonra bitmi\u015fti. Tan\u0131\u015f, 2023 y\u0131l\u0131n\u0131n son aylar\u0131nda ise \u201cKul\u00fcp\u201d dizisinde birlikte \u00e7al\u0131\u015ft\u0131\u011f\u0131 y\u00f6netmen Zeynep G\u00fcnay\u2019la yeni bir a\u015fka yelken a\u00e7t\u0131\u011f\u0131 haberleriyle g\u00fcndeme bomba gibi d\u00fc\u015fm\u00fc\u015ft\u00fc.<\/p>\n<p><img loading=\"lazy\" decoding=\"async\" class=\"alignnone wp-image-183814\" src=\"https:\/\/www.tgrthaber.com\/mavikadin\/wp-content\/uploads\/firat-tanis-2-1024x576.jpg\" alt=\"F\u0131rat Tan\u0131\u015f ve Zeynep G\u00fcnay \u00e7ifti ilk kez kameralara yakaland\u0131! \" width=\"1208\" height=\"680\" title=\"\" srcset=\"https:\/\/www.tgrthaber.com\/mavikadin\/wp-content\/uploads\/firat-tanis-2-1024x576.jpg 1024w, https:\/\/www.tgrthaber.com\/mavikadin\/wp-content\/uploads\/firat-tanis-2-300x169.jpg 300w, https:\/\/www.tgrthaber.com\/mavikadin\/wp-content\/uploads\/firat-tanis-2-768x432.jpg 768w, https:\/\/www.tgrthaber.com\/mavikadin\/wp-content\/uploads\/firat-tanis-2-1536x864.jpg 1536w, https:\/\/www.tgrthaber.com\/mavikadin\/wp-content\/uploads\/firat-tanis-2.jpg 1600w\" sizes=\"(max-width: 1208px) 100vw, 1208px\" \/><\/p>\n<hr \/>\n<p>F\u0131rat Tan\u0131\u015f ve Zeynep G\u00fcnay aras\u0131ndaki a\u015fk iddialar\u0131 k\u0131sa s\u00fcrede do\u011frulanm\u0131\u015ft\u0131. Tan\u0131\u015f, sevgilisi G\u00fcnay\u2019\u0131n y\u00f6netti\u011fi \u201cYar\u0131n Yokmu\u015f Gibi\u201d filminin partisinde \u00e7ekilmi\u015f bir videoda, arka planda \u00fcnl\u00fc y\u00f6netmeni \u00f6perken kadraja yakalanm\u0131\u015ft\u0131. \u00dcnl\u00fc oyuncu ve ba\u015far\u0131l\u0131 y\u00f6netmenin ya\u015fad\u0131klar\u0131 ili\u015fki a\u00e7\u0131\u011fa \u00e7\u0131kt\u0131ktan sonra Tan\u0131\u015f\u2019\u0131n eski sevgilisi \u0130klim Tamkan\u2019dan s\u00fcrpriz bir hamle gelmi\u015fti. \u00dcnl\u00fc piyanist, beraber olduklar\u0131 d\u00f6nem Tan\u0131\u015f\u2019tan \u015fiddet g\u00f6rd\u00fc\u011f\u00fcn\u00fc iddia etmi\u015fti. Tamkan, daha sonra Tan\u0131\u015f hakk\u0131nda uzakla\u015ft\u0131rma karar\u0131 da alm\u0131\u015ft\u0131.<\/p>\n<p><img loading=\"lazy\" decoding=\"async\" class=\"alignnone wp-image-183815\" src=\"https:\/\/www.tgrthaber.com\/mavikadin\/wp-content\/uploads\/firat-tanis-6-1024x576.jpg\" alt=\"F\u0131rat Tan\u0131\u015f ve Zeynep G\u00fcnay \u00e7ifti ilk kez kameralara yakaland\u0131! \" width=\"1208\" height=\"680\" title=\"\" srcset=\"https:\/\/www.tgrthaber.com\/mavikadin\/wp-content\/uploads\/firat-tanis-6-1024x576.jpg 1024w, https:\/\/www.tgrthaber.com\/mavikadin\/wp-content\/uploads\/firat-tanis-6-300x169.jpg 300w, https:\/\/www.tgrthaber.com\/mavikadin\/wp-content\/uploads\/firat-tanis-6-768x432.jpg 768w, https:\/\/www.tgrthaber.com\/mavikadin\/wp-content\/uploads\/firat-tanis-6-1536x864.jpg 1536w, https:\/\/www.tgrthaber.com\/mavikadin\/wp-content\/uploads\/firat-tanis-6.jpg 1600w\" sizes=\"(max-width: 1208px) 100vw, 1208px\" \/><\/p>\n<hr \/>\n<h3>FIRAT TANI\u015e VE ZEYNEP G\u00dcNAY C\u0130HANG\u0130R\u2019DE A\u015eK TAZELED\u0130!<\/h3>\n<p>T\u00fcm bu ya\u015fanan olaylar\u0131n g\u00f6lgesinde a\u015fklar\u0131n\u0131 g\u00f6zlerden uzak ya\u015famaya devam eden F\u0131rat Tan\u0131\u015f ve Zeynep G\u00fcnay \u00e7ifti filmin partisinden sonra bir daha birlikte g\u00f6r\u00fcnt\u00fclenmemi\u015fti.<\/p>\n<p><img loading=\"lazy\" decoding=\"async\" class=\"alignnone wp-image-183816\" src=\"https:\/\/www.tgrthaber.com\/mavikadin\/wp-content\/uploads\/firat-tanis-1-1024x576.jpg\" alt=\"F\u0131rat Tan\u0131\u015f ve Zeynep G\u00fcnay \u00e7ifti ilk kez kameralara yakaland\u0131! \" width=\"1208\" height=\"680\" title=\"\" srcset=\"https:\/\/www.tgrthaber.com\/mavikadin\/wp-content\/uploads\/firat-tanis-1-1024x576.jpg 1024w, https:\/\/www.tgrthaber.com\/mavikadin\/wp-content\/uploads\/firat-tanis-1-300x169.jpg 300w, https:\/\/www.tgrthaber.com\/mavikadin\/wp-content\/uploads\/firat-tanis-1-768x432.jpg 768w, https:\/\/www.tgrthaber.com\/mavikadin\/wp-content\/uploads\/firat-tanis-1-1536x864.jpg 1536w, https:\/\/www.tgrthaber.com\/mavikadin\/wp-content\/uploads\/firat-tanis-1.jpg 1600w\" sizes=\"(max-width: 1208px) 100vw, 1208px\" \/><\/p>\n<hr \/>\n<p>Uzun bir s\u00fcredir ili\u015fkilerini g\u00f6zlerden uzak ya\u015famay\u0131 tercih eden F\u0131rat Tan\u0131\u015f ve Zeynep G\u00fcnay \u00e7ifti, ge\u00e7ti\u011fimiz ak\u015fam Cihangir\u2019de objektife yans\u0131d\u0131. Arac\u0131n\u0131 otoparktan \u00e7\u0131kard\u0131ktan sonra yol kenar\u0131nda bekleyen G\u00fcnay\u2019\u0131 alan Tan\u0131\u015f, bas\u0131n mensuplar\u0131n\u0131n sorular\u0131n\u0131 ise cevaps\u0131z b\u0131rakt\u0131.<\/p>\n","protected":false},"excerpt":{"rendered":"<p>Son zamanlarda ili\u015fkilerini g\u00f6zlerden uzak ya\u015famay\u0131 tercih eden F\u0131rat Tan\u0131\u015f ve Zeynep G\u00fcnay \u00e7ifti, ilk kez Cihangir\u2019de kameralara yakaland\u0131. \u0130\u015fte detaylar\u2026<\/p>\n","protected":false},"author":26,"featured_media":183811,"comment_status":"closed","ping_status":"closed","sticky":false,"template":"","format":"standard","meta":{"rank_math_lock_modified_date":false,"footnotes":""},"categories":[76],"tags":[3361,23015,133,2218,23008],"class_list":["post-183810","post","type-post","status-publish","format-standard","has-post-thumbnail","hentry","category-magazin","tag-firat-tanis","tag-firat-tanis-zeynep-gunay","tag-magazin","tag-magazin-haberleri","tag-yonetmen-zeynep-gunay"],"_links":{"self":[{"href":"https:\/\/www.tgrthaber.com\/mavikadin\/wp-json\/wp\/v2\/posts\/183810"}],"collection":[{"href":"https:\/\/www.tgrthaber.com\/mavikadin\/wp-json\/wp\/v2\/posts"}],"about":[{"href":"https:\/\/www.tgrthaber.com\/mavikadin\/wp-json\/wp\/v2\/types\/post"}],"author":[{"embeddable":true,"href":"https:\/\/www.tgrthaber.com\/mavikadin\/wp-json\/wp\/v2\/users\/26"}],"replies":[{"embeddable":true,"href":"https:\/\/www.tgrthaber.com\/mavikadin\/wp-json\/wp\/v2\/comments?post=183810"}],"version-history":[{"count":2,"href":"https:\/\/www.tgrthaber.com\/mavikadin\/wp-json\/wp\/v2\/posts\/183810\/revisions"}],"predecessor-version":[{"id":183818,"href":"https:\/\/www.tgrthaber.com\/mavikadin\/wp-json\/wp\/v2\/posts\/183810\/revisions\/183818"}],"wp:featuredmedia":[{"embeddable":true,"href":"https:\/\/www.tgrthaber.com\/mavikadin\/wp-json\/wp\/v2\/media\/183811"}],"wp:attachment":[{"href":"https:\/\/www.tgrthaber.com\/mavikadin\/wp-json\/wp\/v2\/media?parent=183810"}],"wp:term":[{"taxonomy":"category","embeddable":true,"href":"https:\/\/www.tgrthaber.com\/mavikadin\/wp-json\/wp\/v2\/categories?post=183810"},{"taxonomy":"post_tag","embeddable":true,"href":"https:\/\/www.tgrthaber.com\/mavikadin\/wp-json\/wp\/v2\/tags?post=183810"}],"curies":[{"name":"wp","href":"https:\/\/api.w.org\/{rel}","templated":true}]}}