{"id":183829,"date":"2025-05-28T13:00:13","date_gmt":"2025-05-28T10:00:13","guid":{"rendered":"https:\/\/www.tgrthaber.com\/mavikadin\/?p=183829"},"modified":"2025-05-28T13:00:48","modified_gmt":"2025-05-28T10:00:48","slug":"harika-avci-nerede-avcidan-5-yil-sonra-haber-var","status":"publish","type":"post","link":"https:\/\/www.tgrthaber.com\/mavikadin\/harika-avci-nerede-avcidan-5-yil-sonra-haber-var\/","title":{"rendered":"Harika Avc\u0131 Nerede? Avc\u0131\u2019dan 5 y\u0131l sonra haber var"},"content":{"rendered":"<p>1980&#8217;li y\u0131llara g\u00fczelli\u011fi ve sesi ile damga vuran Harika Avc\u0131 uzun s\u00fcredir kamuoyundan uzak bir ya\u015fam s\u00fcr\u00fcyordu. Ciddi mali s\u0131k\u0131nt\u0131lar ya\u015fad\u0131\u011f\u0131 ve hayati riski oldu\u011fu iddia edilen Avc\u0131, bir televizyon program\u0131n\u0131n izini s\u00fcrmesiyle yeniden g\u00fcndeme geldi. 5 y\u0131l sonra Avc\u0131&#8217;dan haber var. Neler Oluyor Hayatta program\u0131n\u0131n yapt\u0131\u011f\u0131 \u00f6zel haberle Harika Avc\u0131\u2019n\u0131n \u0130stanbul\u2019daki evine ula\u015f\u0131ld\u0131.<\/p>\n<h3>HAR\u0130KA AVCI NEREDE?<\/h3>\n<p>T\u00fcrk m\u00fczi\u011finin ve Ye\u015fil\u00e7am\u2019\u0131n unutulmaz ismi Harika Avc\u0131, uzun s\u00fcredir inzivai bir ya\u015fam s\u00fcr\u00fcyordu. Son 5 y\u0131ld\u0131r ortalarda g\u00f6r\u00fcnmeyen \u00fcnl\u00fc sanat\u00e7\u0131n\u0131n ya\u015fam perdesi araland\u0131.<\/p>\n<p><img loading=\"lazy\" decoding=\"async\" class=\"aligncenter wp-image-183834\" src=\"https:\/\/www.tgrthaber.com\/mavikadin\/wp-content\/uploads\/harika-avci-nerede-avci-dan-5-yil-sonra-haber-var-4.jpg\" alt=\"\" width=\"1208\" height=\"680\" title=\"\" srcset=\"https:\/\/www.tgrthaber.com\/mavikadin\/wp-content\/uploads\/harika-avci-nerede-avci-dan-5-yil-sonra-haber-var-4.jpg 1920w, https:\/\/www.tgrthaber.com\/mavikadin\/wp-content\/uploads\/harika-avci-nerede-avci-dan-5-yil-sonra-haber-var-4-300x169.jpg 300w, https:\/\/www.tgrthaber.com\/mavikadin\/wp-content\/uploads\/harika-avci-nerede-avci-dan-5-yil-sonra-haber-var-4-1024x576.jpg 1024w, https:\/\/www.tgrthaber.com\/mavikadin\/wp-content\/uploads\/harika-avci-nerede-avci-dan-5-yil-sonra-haber-var-4-768x432.jpg 768w, https:\/\/www.tgrthaber.com\/mavikadin\/wp-content\/uploads\/harika-avci-nerede-avci-dan-5-yil-sonra-haber-var-4-1536x864.jpg 1536w\" sizes=\"(max-width: 1208px) 100vw, 1208px\" \/><\/p>\n<hr \/>\n<p>Kanal D\u2019de ekranlara gelen Neler Oluyor Hayatta program\u0131n\u0131n \u00f6zel haberiyle Harika Avc\u0131\u2019n\u0131n ya\u015fam\u0131na dair dikkat \u00e7ekici detaylar ortaya \u00e7\u0131kt\u0131. Program\u0131n koordinat\u00f6r\u00fc Reyhan \u015ean Tunaboylu\u2019nun titiz \u00e7al\u0131\u015fmas\u0131 neticesinde, Avc\u0131\u2019n\u0131n \u0130stanbul\u2019daki adresi tespit edildi.<\/p>\n<p>Avc\u0131\u2019n\u0131n kom\u015fular\u0131, Harika Avc\u0131\u2019n\u0131n yaln\u0131z ya\u015fad\u0131\u011f\u0131n\u0131 ve kimseyle g\u00f6r\u00fc\u015fmedi\u011fini belirtti. Apartman g\u00f6revlisi, \u201cHarika Han\u0131m\u2019\u0131n \u00e7\u00f6p\u00fcn\u00fc al\u0131r\u0131m fakat kap\u0131s\u0131n\u0131 \u00e7almaya bile \u00e7ekinirim. Perdelerin arkas\u0131ndan d\u0131\u015far\u0131 bak\u0131yor, kimseyle irtibatta de\u011fil. Evi \u00e7ok feci vaziyette.\u201d ifadelerini kulland\u0131.<\/p>\n<p>\u015eark\u0131c\u0131n\u0131n nadiren de olsa g\u00f6r\u00fc\u015ft\u00fc\u011f\u00fc kom\u015fusu Esra Han\u0131m da konu\u015fulanlar\u0131 do\u011frulad\u0131: \u201cBir seferinde polis zoruyla kap\u0131 a\u00e7\u0131ld\u0131, \u00e7ok korktu. Destek tekliflerine mesafeli yakla\u015f\u0131yor. Yard\u0131m kolilerini bile \u2018\u0130htiyac\u0131m yok\u2019 diyerek kabul etmiyor. H\u00e2l\u00e2 \u00e7ok g\u00fczel, ama \u00e7ok yaln\u0131z ve gururlu.\u201d<\/p>\n<p><img loading=\"lazy\" decoding=\"async\" class=\"aligncenter wp-image-183836\" src=\"https:\/\/www.tgrthaber.com\/mavikadin\/wp-content\/uploads\/harika-avci-nerede-avci-dan-5-yil-sonra-haber-var-6.jpg\" alt=\"\" width=\"1208\" height=\"680\" title=\"\" srcset=\"https:\/\/www.tgrthaber.com\/mavikadin\/wp-content\/uploads\/harika-avci-nerede-avci-dan-5-yil-sonra-haber-var-6.jpg 1920w, https:\/\/www.tgrthaber.com\/mavikadin\/wp-content\/uploads\/harika-avci-nerede-avci-dan-5-yil-sonra-haber-var-6-300x169.jpg 300w, https:\/\/www.tgrthaber.com\/mavikadin\/wp-content\/uploads\/harika-avci-nerede-avci-dan-5-yil-sonra-haber-var-6-1024x576.jpg 1024w, https:\/\/www.tgrthaber.com\/mavikadin\/wp-content\/uploads\/harika-avci-nerede-avci-dan-5-yil-sonra-haber-var-6-768x432.jpg 768w, https:\/\/www.tgrthaber.com\/mavikadin\/wp-content\/uploads\/harika-avci-nerede-avci-dan-5-yil-sonra-haber-var-6-1536x864.jpg 1536w\" sizes=\"(max-width: 1208px) 100vw, 1208px\" \/><\/p>\n<hr \/>\n<h3>K\u0130RAYI \u00d6DEYEMED\u0130, MAHKEMEL\u0130K OLDU<\/h3>\n<p>Harika Avc\u0131&#8217;n\u0131n ev sahibinin avukat\u0131 olan Turgut H\u00f6kenek ise Avc\u0131\u2019n\u0131n aylard\u0131r evin kira bedelini \u00f6demedi\u011fini dile getirdi ve \u015fu ifadelerde bulundu: \u201c2020 y\u0131l\u0131nda 2.200 TL olan kira, bug\u00fcn sadece 3.500 TL. Y\u0131llarca sab\u0131r g\u00f6sterdik ancak son olarak m\u00fcvekkilime saks\u0131 f\u0131rlatt\u0131. Bu nedenle hukuki s\u00fcre\u00e7 ba\u015flatt\u0131k,\u201d<\/p>\n<p><img loading=\"lazy\" decoding=\"async\" class=\"aligncenter wp-image-183837\" src=\"https:\/\/www.tgrthaber.com\/mavikadin\/wp-content\/uploads\/harika-avci-nerede-avci-dan-5-yil-sonra-haber-var-5.jpg\" alt=\"\" width=\"1208\" height=\"680\" title=\"\" srcset=\"https:\/\/www.tgrthaber.com\/mavikadin\/wp-content\/uploads\/harika-avci-nerede-avci-dan-5-yil-sonra-haber-var-5.jpg 1920w, https:\/\/www.tgrthaber.com\/mavikadin\/wp-content\/uploads\/harika-avci-nerede-avci-dan-5-yil-sonra-haber-var-5-300x169.jpg 300w, https:\/\/www.tgrthaber.com\/mavikadin\/wp-content\/uploads\/harika-avci-nerede-avci-dan-5-yil-sonra-haber-var-5-1024x576.jpg 1024w, https:\/\/www.tgrthaber.com\/mavikadin\/wp-content\/uploads\/harika-avci-nerede-avci-dan-5-yil-sonra-haber-var-5-768x432.jpg 768w, https:\/\/www.tgrthaber.com\/mavikadin\/wp-content\/uploads\/harika-avci-nerede-avci-dan-5-yil-sonra-haber-var-5-1536x864.jpg 1536w\" sizes=\"(max-width: 1208px) 100vw, 1208px\" \/><\/p>\n<hr \/>\n<h3>\u201cDEFOLUN, POL\u0130S \u00c7A\u011eIRIRIM\u201d<\/h3>\n<p>Neler Oluyor Hayatta program\u0131 ekibinin ileti\u015fim kurma \u00e7abalar\u0131 sonu\u00e7suz kald\u0131. Avc\u0131n\u0131n evinde kap\u0131 arkas\u0131ndan \u201cDefolun buradan, yoksa polis \u00e7a\u011f\u0131r\u0131r\u0131m\u201d sesleri duyuldu. Bunun ard\u0131ndan i\u00e7eriden \u015f\u00f6yle bir ses geldi, \u201cTelefon numaran\u0131z\u0131 verin, sizi Harika Han\u0131m arar\u201d. Telefonda konu\u015fan ve Avc\u0131\u2019n\u0131n yard\u0131mc\u0131s\u0131 oldu\u011fu d\u00fc\u015f\u00fcn\u00fclen ki\u015fi ise, \u201cHarika Avc\u0131 \u015fu an evde de\u011fil, zaman\u0131 gelince konu\u015facak. Sa\u011fl\u0131\u011f\u0131 yerinde, haberler as\u0131ls\u0131z\u201d ifadelerinde bulundu.<\/p>\n<p><img loading=\"lazy\" decoding=\"async\" class=\"aligncenter wp-image-183838\" src=\"https:\/\/www.tgrthaber.com\/mavikadin\/wp-content\/uploads\/harika-avci-nerede-avci-dan-5-yil-sonra-haber-var-3.jpg\" alt=\"\" width=\"1208\" height=\"680\" title=\"\" srcset=\"https:\/\/www.tgrthaber.com\/mavikadin\/wp-content\/uploads\/harika-avci-nerede-avci-dan-5-yil-sonra-haber-var-3.jpg 1920w, https:\/\/www.tgrthaber.com\/mavikadin\/wp-content\/uploads\/harika-avci-nerede-avci-dan-5-yil-sonra-haber-var-3-300x169.jpg 300w, https:\/\/www.tgrthaber.com\/mavikadin\/wp-content\/uploads\/harika-avci-nerede-avci-dan-5-yil-sonra-haber-var-3-1024x576.jpg 1024w, https:\/\/www.tgrthaber.com\/mavikadin\/wp-content\/uploads\/harika-avci-nerede-avci-dan-5-yil-sonra-haber-var-3-768x432.jpg 768w, https:\/\/www.tgrthaber.com\/mavikadin\/wp-content\/uploads\/harika-avci-nerede-avci-dan-5-yil-sonra-haber-var-3-1536x864.jpg 1536w\" sizes=\"(max-width: 1208px) 100vw, 1208px\" \/><\/p>\n<hr \/>\n<h3>SEREN SERENG\u0130L KONU\u015eTU: HAR\u0130KA DEL\u0130RMED\u0130, MAL\u0130 SORUNLAR YA\u015eIYOR<\/h3>\n<p>\u015eark\u0131c\u0131 Seren Serengil \u201cNeler Oluyor Hayatta\u201d program\u0131na kat\u0131larak \u00fcnl\u00fc sanat\u00e7\u0131 hakk\u0131nda \u015fu a\u00e7\u0131klamalarda bulundu:<\/p>\n<p>\u201cHarika delirmedi. Gayet sa\u011fl\u0131kl\u0131 fakat bir kad\u0131n olarak zor zamanlardan ge\u00e7ti. Maddi olarak \u00e7ok iyi durumdayken kand\u0131r\u0131ld\u0131. G\u00f6zlerden uzak ya\u015famak istiyor ve bu durumda rahats\u0131z ediliyor. Her gelen kap\u0131s\u0131n\u0131 \u00e7al\u0131yor.\u201d<\/p>\n<p>Seren Serengil, bas\u0131n mensuplar\u0131n\u0131n Avc\u0131&#8217;n\u0131n kap\u0131s\u0131na gitti\u011finde kap\u0131n\u0131n arkas\u0131ndan gelen sesin yard\u0131mc\u0131s\u0131na ait oldu\u011funu ifade etti. Serengil, Harika Avc\u0131\u2019n\u0131n bir an \u00f6nce ta\u015f\u0131nmas\u0131 gerekti\u011fini, izole bir evde bak\u0131lmas\u0131n\u0131n uygun olaca\u011f\u0131n\u0131 s\u00f6zlerine ekledi. Sanat\u00e7\u0131n\u0131n evinin \u00e7\u00f6p eve d\u00f6nmesiyle ilgili iddialar\u0131 kesin bir dille red edip bunun s\u00f6z konusu olmad\u0131\u011f\u0131 vurgulad\u0131. Ancak Harika Avc\u0131\u2019n\u0131n ekonomik zor zamanlardan ge\u00e7ti\u011fini do\u011frulad\u0131. Serengil, Avc\u0131&#8217;ya estetik yapt\u0131rmay\u0131 \u00f6nerdi\u011fini, ancak Avc\u0131\u2019n\u0131n \u201cKendim \u00e7al\u0131\u015f\u0131p toparlanaca\u011f\u0131m\u201d \u015feklinde kar\u015f\u0131l\u0131k verdi\u011fini dile getirdi.<\/p>\n","protected":false},"excerpt":{"rendered":"<p>\u015eark\u0131c\u0131 ve oyuncu Harika Avc\u0131, uzun senelerdir g\u00f6zlerden uzak, m\u00fcnzevi bir ya\u015fam s\u00fcr\u00fcyor. \u015eark\u0131c\u0131n\u0131n sevenleri, Harika Avc\u0131\u2019n\u0131n nerede oldu\u011funu, hayatta olup olmad\u0131\u011f\u0131n\u0131 merak ediyor. Harika Avc\u0131 nerede? Harika Avc\u0131 neden g\u00fcndem oldu? 5 y\u0131ld\u0131r ortal\u0131kta g\u00f6r\u00fcnmeyen Avc\u0131 hakk\u0131nda \u015foke eden iddialar at\u0131ld\u0131.<\/p>\n","protected":false},"author":30,"featured_media":183833,"comment_status":"closed","ping_status":"closed","sticky":false,"template":"","format":"standard","meta":{"rank_math_lock_modified_date":false,"footnotes":""},"categories":[76],"tags":[21607,2218,16059],"class_list":["post-183829","post","type-post","status-publish","format-standard","has-post-thumbnail","hentry","category-magazin","tag-harika-avci","tag-magazin-haberleri","tag-seren-serengil"],"_links":{"self":[{"href":"https:\/\/www.tgrthaber.com\/mavikadin\/wp-json\/wp\/v2\/posts\/183829"}],"collection":[{"href":"https:\/\/www.tgrthaber.com\/mavikadin\/wp-json\/wp\/v2\/posts"}],"about":[{"href":"https:\/\/www.tgrthaber.com\/mavikadin\/wp-json\/wp\/v2\/types\/post"}],"author":[{"embeddable":true,"href":"https:\/\/www.tgrthaber.com\/mavikadin\/wp-json\/wp\/v2\/users\/30"}],"replies":[{"embeddable":true,"href":"https:\/\/www.tgrthaber.com\/mavikadin\/wp-json\/wp\/v2\/comments?post=183829"}],"version-history":[{"count":3,"href":"https:\/\/www.tgrthaber.com\/mavikadin\/wp-json\/wp\/v2\/posts\/183829\/revisions"}],"predecessor-version":[{"id":183841,"href":"https:\/\/www.tgrthaber.com\/mavikadin\/wp-json\/wp\/v2\/posts\/183829\/revisions\/183841"}],"wp:featuredmedia":[{"embeddable":true,"href":"https:\/\/www.tgrthaber.com\/mavikadin\/wp-json\/wp\/v2\/media\/183833"}],"wp:attachment":[{"href":"https:\/\/www.tgrthaber.com\/mavikadin\/wp-json\/wp\/v2\/media?parent=183829"}],"wp:term":[{"taxonomy":"category","embeddable":true,"href":"https:\/\/www.tgrthaber.com\/mavikadin\/wp-json\/wp\/v2\/categories?post=183829"},{"taxonomy":"post_tag","embeddable":true,"href":"https:\/\/www.tgrthaber.com\/mavikadin\/wp-json\/wp\/v2\/tags?post=183829"}],"curies":[{"name":"wp","href":"https:\/\/api.w.org\/{rel}","templated":true}]}}