{"id":183842,"date":"2025-05-28T13:33:55","date_gmt":"2025-05-28T10:33:55","guid":{"rendered":"https:\/\/www.tgrthaber.com\/mavikadin\/?p=183842"},"modified":"2025-05-28T13:33:55","modified_gmt":"2025-05-28T10:33:55","slug":"kurban-bayrami-hangi-sanatci-ne-kadar-ucret-alacak-servet-degerinde-sahne-fiyatlari-dikkat-cekti","status":"publish","type":"post","link":"https:\/\/www.tgrthaber.com\/mavikadin\/kurban-bayrami-hangi-sanatci-ne-kadar-ucret-alacak-servet-degerinde-sahne-fiyatlari-dikkat-cekti\/","title":{"rendered":"Kurban Bayram\u0131 hangi sanat\u00e7\u0131 ne kadar \u00fccret alacak? Servet de\u011ferinde sahne fiyatlar\u0131 dikkat \u00e7ekti!"},"content":{"rendered":"<p>Kurban Bayram\u0131, yakla\u015f\u0131rken \u00fcnl\u00fc isimlerin sahne fiyatlar\u0131 da belli oldu. T\u00fcrkiye ve K\u0131br\u0131s ba\u015fta olmak \u00fczere pek \u00e7ok merkezde bayram boyunca d\u00fczenlenecek konserlerle sanat\u00e7\u0131lar milyonlarca liral\u0131k gelir elde edecek. En y\u00fcksek sahne \u00fccretini alan isimler ise dikkat \u00e7ekti. \u0130\u015fte detaylar\u2026<\/p>\n<h3>KURBAN BAYRAMI HANG\u0130 SANAT\u00c7I NE KADAR \u00dcCRET ALACAK?<\/h3>\n<p>Her bayram oldu\u011fu gibi bu y\u0131l da e\u011flence sekt\u00f6r\u00fcnde b\u00fcy\u00fck bir hareketlilik ya\u015fan\u0131yor. Tatil b\u00f6lgelerinde ve yurt d\u0131\u015f\u0131nda d\u00fczenlenecek \u00f6zel konserler i\u00e7in \u00fcnl\u00fc sanat\u00e7\u0131lar sahneye \u00e7\u0131kmaya haz\u0131rlan\u0131yor. Bu organizasyonlar, yaln\u0131zca izleyicilere m\u00fczik ziyafeti sunmakla kalmayacak sahne alacak isimlere de adeta servet kazand\u0131racak.<\/p>\n<p><img loading=\"lazy\" decoding=\"async\" class=\"alignnone wp-image-183850\" src=\"https:\/\/www.tgrthaber.com\/mavikadin\/wp-content\/uploads\/haber-gorselleri-fotoshop-90-8-1024x576.jpg\" alt=\"Kurban Bayram\u0131 hangi sanat\u00e7\u0131 ne kadar \u00fccret alacak? Servet de\u011ferinde sahne fiyatlar\u0131 dikkat \u00e7ekti!\" width=\"1208\" height=\"680\" title=\"\" srcset=\"https:\/\/www.tgrthaber.com\/mavikadin\/wp-content\/uploads\/haber-gorselleri-fotoshop-90-8-1024x576.jpg 1024w, https:\/\/www.tgrthaber.com\/mavikadin\/wp-content\/uploads\/haber-gorselleri-fotoshop-90-8-300x169.jpg 300w, https:\/\/www.tgrthaber.com\/mavikadin\/wp-content\/uploads\/haber-gorselleri-fotoshop-90-8-768x432.jpg 768w, https:\/\/www.tgrthaber.com\/mavikadin\/wp-content\/uploads\/haber-gorselleri-fotoshop-90-8-1536x864.jpg 1536w, https:\/\/www.tgrthaber.com\/mavikadin\/wp-content\/uploads\/haber-gorselleri-fotoshop-90-8.jpg 1600w\" sizes=\"(max-width: 1208px) 100vw, 1208px\" \/><\/p>\n<hr \/>\n<p>Bir\u00e7ok sanat\u00e7\u0131 6-9 Haziran tarihleri aras\u0131nda Kuzey K\u0131br\u0131s T\u00fcrk Cumhuriyeti, Antalya, Mersin, Didim, Bodrum ve Marmaris gibi turizm beldelerinde sahneye \u00e7\u0131kacak olan isimler, sevilen \u015fark\u0131lar\u0131 ile dinleyenlere unutulmaz anlar ya\u015fatacak.<\/p>\n<h3><img loading=\"lazy\" decoding=\"async\" class=\"alignnone wp-image-183851\" src=\"https:\/\/www.tgrthaber.com\/mavikadin\/wp-content\/uploads\/haber-gorselleri-fotoshop-89-8-1024x576.jpg\" alt=\"Kurban Bayram\u0131 hangi sanat\u00e7\u0131 ne kadar \u00fccret alacak? Servet de\u011ferinde sahne fiyatlar\u0131 dikkat \u00e7ekti!\" width=\"1208\" height=\"680\" title=\"\" srcset=\"https:\/\/www.tgrthaber.com\/mavikadin\/wp-content\/uploads\/haber-gorselleri-fotoshop-89-8-1024x576.jpg 1024w, https:\/\/www.tgrthaber.com\/mavikadin\/wp-content\/uploads\/haber-gorselleri-fotoshop-89-8-300x169.jpg 300w, https:\/\/www.tgrthaber.com\/mavikadin\/wp-content\/uploads\/haber-gorselleri-fotoshop-89-8-768x432.jpg 768w, https:\/\/www.tgrthaber.com\/mavikadin\/wp-content\/uploads\/haber-gorselleri-fotoshop-89-8-1536x864.jpg 1536w, https:\/\/www.tgrthaber.com\/mavikadin\/wp-content\/uploads\/haber-gorselleri-fotoshop-89-8.jpg 1600w\" sizes=\"(max-width: 1208px) 100vw, 1208px\" \/><\/h3>\n<hr \/>\n<h3>SERVET DE\u011eER\u0130NDE SAHNE F\u0130YATLARI D\u0130KKAT \u00c7EKT\u0130!<\/h3>\n<p>Pop m\u00fczi\u011fin iki g\u00fc\u00e7l\u00fc ismi Hadise ve G\u00fcl\u015fen, bayram boyunca K\u0131br\u0131s, Antalya, Batum ve Berlin gibi noktalarda konser verecek. Sanat\u00e7\u0131lar\u0131n bu konserlerden elde edecekleri kazan\u00e7 ki\u015fi ba\u015f\u0131 10 milyon TL\u2019yi buluyor. Sahne \u015fovlar\u0131, kost\u00fcmleri ve dans ekipleriyle dikkat \u00e7ekecek olan sanat\u00e7\u0131lar bayram\u0131 en yo\u011fun ge\u00e7irecek sanat\u00e7\u0131lar aras\u0131nda yer alacak. MegaStar olarak bilinen Tarkan ise 1 milyon dolar alacak. O da yakla\u015f\u0131k, 38,9 milyon TL yap\u0131yor.<\/p>\n<p><img loading=\"lazy\" decoding=\"async\" class=\"alignnone wp-image-183855\" src=\"https:\/\/www.tgrthaber.com\/mavikadin\/wp-content\/uploads\/haber-gorselleri-fotoshop-85-8-1024x576.jpg\" alt=\"Kurban Bayram\u0131 hangi sanat\u00e7\u0131 ne kadar \u00fccret alacak? Servet de\u011ferinde sahne fiyatlar\u0131 dikkat \u00e7ekti!\" width=\"1208\" height=\"680\" title=\"\" srcset=\"https:\/\/www.tgrthaber.com\/mavikadin\/wp-content\/uploads\/haber-gorselleri-fotoshop-85-8-1024x576.jpg 1024w, https:\/\/www.tgrthaber.com\/mavikadin\/wp-content\/uploads\/haber-gorselleri-fotoshop-85-8-300x169.jpg 300w, https:\/\/www.tgrthaber.com\/mavikadin\/wp-content\/uploads\/haber-gorselleri-fotoshop-85-8-768x432.jpg 768w, https:\/\/www.tgrthaber.com\/mavikadin\/wp-content\/uploads\/haber-gorselleri-fotoshop-85-8-1536x864.jpg 1536w, https:\/\/www.tgrthaber.com\/mavikadin\/wp-content\/uploads\/haber-gorselleri-fotoshop-85-8.jpg 1600w\" sizes=\"(max-width: 1208px) 100vw, 1208px\" \/><\/p>\n<hr \/>\n<p>Bir ba\u015fka dikkat \u00e7eken isim ise g\u00fc\u00e7l\u00fc sesiyle bilinen Ebru G\u00fcnde\u015f. Antalya ve K\u0131br\u0131s\u2019ta sahne alacak olan G\u00fcnde\u015f, bu iki konser i\u00e7in toplam 7 milyon TL alacak. Ayn\u0131 \u00fccreti alacak olan bir di\u011fer isim de Sibel Can oldu. Arabesk ve klasik T\u00fcrk m\u00fczi\u011fini bir araya getiren sahnesiyle K\u0131br\u0131s\u2019ta b\u00fcy\u00fck ilgi g\u00f6rmesi bekleniyor.<\/p>\n<p><img loading=\"lazy\" decoding=\"async\" class=\"alignnone wp-image-183852\" src=\"https:\/\/www.tgrthaber.com\/mavikadin\/wp-content\/uploads\/haber-gorselleri-fotoshop-88-8-1024x576.jpg\" alt=\"Kurban Bayram\u0131 hangi sanat\u00e7\u0131 ne kadar \u00fccret alacak? Servet de\u011ferinde sahne fiyatlar\u0131 dikkat \u00e7ekti!\" width=\"1208\" height=\"680\" title=\"\" srcset=\"https:\/\/www.tgrthaber.com\/mavikadin\/wp-content\/uploads\/haber-gorselleri-fotoshop-88-8-1024x576.jpg 1024w, https:\/\/www.tgrthaber.com\/mavikadin\/wp-content\/uploads\/haber-gorselleri-fotoshop-88-8-300x169.jpg 300w, https:\/\/www.tgrthaber.com\/mavikadin\/wp-content\/uploads\/haber-gorselleri-fotoshop-88-8-768x432.jpg 768w, https:\/\/www.tgrthaber.com\/mavikadin\/wp-content\/uploads\/haber-gorselleri-fotoshop-88-8-1536x864.jpg 1536w, https:\/\/www.tgrthaber.com\/mavikadin\/wp-content\/uploads\/haber-gorselleri-fotoshop-88-8.jpg 1600w\" sizes=\"(max-width: 1208px) 100vw, 1208px\" \/><\/p>\n<hr \/>\n<p>Sahne ba\u015f\u0131na 4 milyon TL kazanan Y\u0131ld\u0131z Tilbe ve \u00d6zcan Deniz, \u0130stanbul ve K\u0131br\u0131s\u2019ta hayranlar\u0131yla bulu\u015facak. Sahnede duygusal performanslar\u0131yla bilinen Tilbe, bu y\u0131l da repertuvar\u0131yla ilgi oda\u011f\u0131 olacak.<\/p>\n<p><img loading=\"lazy\" decoding=\"async\" class=\"alignnone wp-image-183853\" src=\"https:\/\/www.tgrthaber.com\/mavikadin\/wp-content\/uploads\/haber-gorselleri-fotoshop-87-8-1024x576.jpg\" alt=\"Kurban Bayram\u0131 hangi sanat\u00e7\u0131 ne kadar \u00fccret alacak? Servet de\u011ferinde sahne fiyatlar\u0131 dikkat \u00e7ekti!\" width=\"1208\" height=\"680\" title=\"\" srcset=\"https:\/\/www.tgrthaber.com\/mavikadin\/wp-content\/uploads\/haber-gorselleri-fotoshop-87-8-1024x576.jpg 1024w, https:\/\/www.tgrthaber.com\/mavikadin\/wp-content\/uploads\/haber-gorselleri-fotoshop-87-8-300x169.jpg 300w, https:\/\/www.tgrthaber.com\/mavikadin\/wp-content\/uploads\/haber-gorselleri-fotoshop-87-8-768x432.jpg 768w, https:\/\/www.tgrthaber.com\/mavikadin\/wp-content\/uploads\/haber-gorselleri-fotoshop-87-8-1536x864.jpg 1536w, https:\/\/www.tgrthaber.com\/mavikadin\/wp-content\/uploads\/haber-gorselleri-fotoshop-87-8.jpg 1600w\" sizes=\"(max-width: 1208px) 100vw, 1208px\" \/><\/p>\n<hr \/>\n<p>Bayram\u0131n en y\u00fcksek sahne kazan\u00e7lar\u0131ndan birine sahip olan bir di\u011fer isim ise B\u00fclent Ersoy. Diva lakapl\u0131 sanat\u00e7\u0131, Mersin, \u0130stanbul ve Dubai\u2019deki sahne programlar\u0131 sayesinde 5,3 milyon TL gelir elde edecek.<\/p>\n<p><img loading=\"lazy\" decoding=\"async\" class=\"alignnone wp-image-183854\" src=\"https:\/\/www.tgrthaber.com\/mavikadin\/wp-content\/uploads\/haber-gorselleri-fotoshop-86-8-1024x576.jpg\" alt=\"Kurban Bayram\u0131 hangi sanat\u00e7\u0131 ne kadar \u00fccret alacak? Servet de\u011ferinde sahne fiyatlar\u0131 dikkat \u00e7ekti!\" width=\"1208\" height=\"680\" title=\"\" srcset=\"https:\/\/www.tgrthaber.com\/mavikadin\/wp-content\/uploads\/haber-gorselleri-fotoshop-86-8-1024x576.jpg 1024w, https:\/\/www.tgrthaber.com\/mavikadin\/wp-content\/uploads\/haber-gorselleri-fotoshop-86-8-300x169.jpg 300w, https:\/\/www.tgrthaber.com\/mavikadin\/wp-content\/uploads\/haber-gorselleri-fotoshop-86-8-768x432.jpg 768w, https:\/\/www.tgrthaber.com\/mavikadin\/wp-content\/uploads\/haber-gorselleri-fotoshop-86-8-1536x864.jpg 1536w, https:\/\/www.tgrthaber.com\/mavikadin\/wp-content\/uploads\/haber-gorselleri-fotoshop-86-8.jpg 1600w\" sizes=\"(max-width: 1208px) 100vw, 1208px\" \/><\/p>\n<hr \/>\n<p>Gen\u00e7 ku\u015faktan isimler de bayram konserleriyle sahne alacak. Derya Bedavac\u0131 3,5 milyon TL, Funda Arar 3,5 milyon TL, Aleyna Tilki 1 milyon TL, \u0130rem Derici ise 1,8 milyon TL kazanacak. Hem sanat\u00e7\u0131lar hem organizat\u00f6rler i\u00e7in bu s\u00fcre\u00e7, y\u0131l\u0131n en kritik sahne sezonlar\u0131ndan biri olarak \u00f6ne \u00e7\u0131k\u0131yor.<\/p>\n","protected":false},"excerpt":{"rendered":"<p>Kurban Bayram\u0131 tatilinde T\u00fcrkiye ve K\u0131br\u0131s\u2019ta sahne alacak \u00fcnl\u00fc isimler, alacaklar\u0131 \u00fccretlerle g\u00fcndeme geldi. Hadise ve G\u00fcl\u015fen bayram\u0131n zirvedeki isimleri olurken, B\u00fclent Ersoy\u2019dan Ebru G\u00fcnde\u015f\u2019e bir\u00e7ok sanat\u00e7\u0131n\u0131n kazanc\u0131 dudak u\u00e7uklat\u0131yor. Servet de\u011ferinde sahne fiyatlar\u0131 dikkat \u00e7ekti. \u0130\u015fte detaylar\u2026<\/p>\n","protected":false},"author":34,"featured_media":183856,"comment_status":"closed","ping_status":"closed","sticky":false,"template":"","format":"standard","meta":{"rank_math_lock_modified_date":false,"footnotes":""},"categories":[76],"tags":[23022,22657,23021,2218,23023],"class_list":["post-183842","post","type-post","status-publish","format-standard","has-post-thumbnail","hentry","category-magazin","tag-hadise-gulsen-tarkan","tag-kurban-bayrami","tag-kurban-bayraminda-sahne-alacak-sanatcilar","tag-magazin-haberleri","tag-sanatcilarin-sahne-fiyatlari"],"_links":{"self":[{"href":"https:\/\/www.tgrthaber.com\/mavikadin\/wp-json\/wp\/v2\/posts\/183842"}],"collection":[{"href":"https:\/\/www.tgrthaber.com\/mavikadin\/wp-json\/wp\/v2\/posts"}],"about":[{"href":"https:\/\/www.tgrthaber.com\/mavikadin\/wp-json\/wp\/v2\/types\/post"}],"author":[{"embeddable":true,"href":"https:\/\/www.tgrthaber.com\/mavikadin\/wp-json\/wp\/v2\/users\/34"}],"replies":[{"embeddable":true,"href":"https:\/\/www.tgrthaber.com\/mavikadin\/wp-json\/wp\/v2\/comments?post=183842"}],"version-history":[{"count":1,"href":"https:\/\/www.tgrthaber.com\/mavikadin\/wp-json\/wp\/v2\/posts\/183842\/revisions"}],"predecessor-version":[{"id":183860,"href":"https:\/\/www.tgrthaber.com\/mavikadin\/wp-json\/wp\/v2\/posts\/183842\/revisions\/183860"}],"wp:featuredmedia":[{"embeddable":true,"href":"https:\/\/www.tgrthaber.com\/mavikadin\/wp-json\/wp\/v2\/media\/183856"}],"wp:attachment":[{"href":"https:\/\/www.tgrthaber.com\/mavikadin\/wp-json\/wp\/v2\/media?parent=183842"}],"wp:term":[{"taxonomy":"category","embeddable":true,"href":"https:\/\/www.tgrthaber.com\/mavikadin\/wp-json\/wp\/v2\/categories?post=183842"},{"taxonomy":"post_tag","embeddable":true,"href":"https:\/\/www.tgrthaber.com\/mavikadin\/wp-json\/wp\/v2\/tags?post=183842"}],"curies":[{"name":"wp","href":"https:\/\/api.w.org\/{rel}","templated":true}]}}