{"id":183844,"date":"2025-05-28T13:31:29","date_gmt":"2025-05-28T10:31:29","guid":{"rendered":"https:\/\/www.tgrthaber.com\/mavikadin\/?p=183844"},"modified":"2025-05-28T13:31:30","modified_gmt":"2025-05-28T10:31:30","slug":"tapuyu-evlenecegim-birisine-verecegim-demisti-sinan-akcildan-olay-olacak-tapu-itirafi","status":"publish","type":"post","link":"https:\/\/www.tgrthaber.com\/mavikadin\/tapuyu-evlenecegim-birisine-verecegim-demisti-sinan-akcildan-olay-olacak-tapu-itirafi\/","title":{"rendered":"\u201cTapuyu evlenece\u011fim birisine verece\u011fim\u201d demi\u015fti! Sinan Ak\u00e7\u0131l\u2019dan olay olacak tapu itiraf\u0131"},"content":{"rendered":"<p>Son zamanlarda estetik yapt\u0131rd\u0131\u011f\u0131 iddialar\u0131yla dikkatleri \u00fczerine \u00e7eken Sinan Ak\u00e7\u0131l\u2019dan olay olacak tapu itiraf\u0131 geldi. Daha \u00f6nce \u201cTapuyu evlenece\u011fim birisine verece\u011fim\u201d ifadelerini kullanarak a\u015fk hayat\u0131na dair merak uyand\u0131ran a\u00e7\u0131klamalarda bulunan \u00fcnl\u00fc \u015fark\u0131c\u0131, bu kez \u00e7ok konu\u015fulacak bir itirafta bulundu. Ku\u015fadas\u0131\u2019nda 8 milyon TL\u2019lik evinin in\u015faat\u0131n\u0131n tamamland\u0131\u011f\u0131n\u0131 a\u00e7\u0131klayan \u015fark\u0131c\u0131, bas\u0131n mensuplar\u0131n\u0131n sorular\u0131n\u0131 cevaplad\u0131. \u0130\u015fte Sinan Ak\u00e7\u0131l\u2019dan olay olacak tapu itiraf\u0131\u2026<\/p>\n<h3>S\u0130NAN AK\u00c7IL\u2019DAN OLAY OLACAK TAPU \u0130T\u0130RAFI!<\/h3>\n<p>T\u00fcrk pop m\u00fczi\u011fin b\u00fcy\u00fck bir ilgiyle takip edilen isimleri aras\u0131nda yer alan Sinan Ak\u00e7\u0131l, son zamanlarda magazin d\u00fcnyas\u0131n\u0131n g\u00fcndeminden bir an olsun d\u00fc\u015fm\u00fcyor. Ge\u00e7ti\u011fimiz g\u00fcnlerde estetik yapt\u0131rd\u0131\u011f\u0131 iddialar\u0131yla g\u00fcndeme gelen Ak\u00e7\u0131l, \u015fimdilerde olay olacak tapu itiraf\u0131yla magazin d\u00fcnyas\u0131n\u0131n g\u00fcndemine bomba gibi oturdu. Ku\u015fadas\u0131\u2019nda 8 milyon TL\u2019lik evinin in\u015faat\u0131n\u0131n tamamland\u0131\u011f\u0131n\u0131 a\u00e7\u0131klayan \u015fark\u0131c\u0131, evinde gazetecileri misafir etti.<\/p>\n<p><img loading=\"lazy\" decoding=\"async\" class=\"alignnone wp-image-183846\" src=\"https:\/\/www.tgrthaber.com\/mavikadin\/wp-content\/uploads\/Sinan-Akcil-11-1024x576.jpg\" alt=\"\u201cTapuyu evlenece\u011fim birisine verece\u011fim\u201d demi\u015fti! Sinan Ak\u00e7\u0131l\u2019dan olay olacak tapu itiraf\u0131\" width=\"1208\" height=\"680\" title=\"\" srcset=\"https:\/\/www.tgrthaber.com\/mavikadin\/wp-content\/uploads\/Sinan-Akcil-11-1024x576.jpg 1024w, https:\/\/www.tgrthaber.com\/mavikadin\/wp-content\/uploads\/Sinan-Akcil-11-300x169.jpg 300w, https:\/\/www.tgrthaber.com\/mavikadin\/wp-content\/uploads\/Sinan-Akcil-11-768x432.jpg 768w, https:\/\/www.tgrthaber.com\/mavikadin\/wp-content\/uploads\/Sinan-Akcil-11-1536x864.jpg 1536w, https:\/\/www.tgrthaber.com\/mavikadin\/wp-content\/uploads\/Sinan-Akcil-11.jpg 1600w\" sizes=\"(max-width: 1208px) 100vw, 1208px\" \/><\/p>\n<hr \/>\n<p>\u00dcnl\u00fc \u015fark\u0131c\u0131 Sinan Ak\u00e7\u0131l, Ku\u015fadas\u0131&#8217;nda sat\u0131n ald\u0131\u011f\u0131 dairenin in\u015faat\u0131nda sona gelindi\u011fini belirterek, \u201cEn mutlu oldu\u011fum ortamda, T\u00fcrkiye&#8217;de en sevdi\u011fim yerdeyim. Do\u011fum g\u00fcn\u00fcmde buradaki evimi g\u00f6rmeye geldim. Bitmek \u00fczere. Burada \u00e7ok \u015fark\u0131 yapaca\u011f\u0131m\u0131 hissediyorum.\u201d ifadelerine yer verdi. Daha \u00f6nce \u201cTapuyu evlenece\u011fim birisine verece\u011fim\u201d ifadelerini kullanarak a\u015fk hayat\u0131na dair merak uyand\u0131ran a\u00e7\u0131klamalarda bulunan \u00fcnl\u00fc \u015fark\u0131c\u0131, bu kez olay olacak bir itirafta bulundu.<\/p>\n<p><img loading=\"lazy\" decoding=\"async\" class=\"alignnone wp-image-183847\" src=\"https:\/\/www.tgrthaber.com\/mavikadin\/wp-content\/uploads\/Sinan-Akcil-1-2-1024x576.jpg\" alt=\"\u201cTapuyu evlenece\u011fim birisine verece\u011fim\u201d demi\u015fti! Sinan Ak\u00e7\u0131l\u2019dan olay olacak tapu itiraf\u0131\" width=\"1208\" height=\"680\" title=\"\" srcset=\"https:\/\/www.tgrthaber.com\/mavikadin\/wp-content\/uploads\/Sinan-Akcil-1-2-1024x576.jpg 1024w, https:\/\/www.tgrthaber.com\/mavikadin\/wp-content\/uploads\/Sinan-Akcil-1-2-300x169.jpg 300w, https:\/\/www.tgrthaber.com\/mavikadin\/wp-content\/uploads\/Sinan-Akcil-1-2-768x432.jpg 768w, https:\/\/www.tgrthaber.com\/mavikadin\/wp-content\/uploads\/Sinan-Akcil-1-2-1536x864.jpg 1536w, https:\/\/www.tgrthaber.com\/mavikadin\/wp-content\/uploads\/Sinan-Akcil-1-2.jpg 1600w\" sizes=\"(max-width: 1208px) 100vw, 1208px\" \/><\/p>\n<hr \/>\n<h3>S\u0130NAN AK\u00c7IL \u201cTAPUYU EVLENECE\u011e\u0130M B\u0130R\u0130S\u0130NE VERECE\u011e\u0130M\u201d DEM\u0130\u015eT\u0130!<\/h3>\n<p>Ba\u015far\u0131l\u0131 m\u00fczik kariyerinin yan\u0131 s\u0131ra \u00f6zel hayat\u0131yla da s\u0131k s\u0131k g\u00fcndeme gelen Sinan Ak\u00e7\u0131l, yeni evini evlenece\u011fi ki\u015fiye hediye etmeyi planlad\u0131\u011f\u0131n\u0131 dile getirdi. Ak\u00e7\u0131l, konu\u015fmas\u0131nda; \u201cTapuyu evlenece\u011fim birisine verece\u011fim demi\u015ftim, belki de tapu birisinin \u00fczerine yap\u0131lm\u0131\u015ft\u0131r.\u201d ifadelerine yer vererek ak\u0131llar\u0131 kar\u0131\u015ft\u0131rd\u0131. Ak\u00e7\u0131l\u2019\u0131n dikkat \u00e7eken itiraf\u0131 \u00fczerine kafalarda &#8216;Hayat\u0131nda birisi mi var?&#8217; sorular\u0131 olu\u015ftu.<\/p>\n<p><img loading=\"lazy\" decoding=\"async\" class=\"alignnone wp-image-183848\" src=\"https:\/\/www.tgrthaber.com\/mavikadin\/wp-content\/uploads\/Sinan-Akcil-3-1536x864-1-1024x576.webp\" alt=\"\u201cTapuyu evlenece\u011fim birisine verece\u011fim\u201d demi\u015fti! Sinan Ak\u00e7\u0131l\u2019dan olay olacak tapu itiraf\u0131\" width=\"1208\" height=\"680\" title=\"\" srcset=\"https:\/\/www.tgrthaber.com\/mavikadin\/wp-content\/uploads\/Sinan-Akcil-3-1536x864-1-1024x576.webp 1024w, https:\/\/www.tgrthaber.com\/mavikadin\/wp-content\/uploads\/Sinan-Akcil-3-1536x864-1-300x169.webp 300w, https:\/\/www.tgrthaber.com\/mavikadin\/wp-content\/uploads\/Sinan-Akcil-3-1536x864-1-768x432.webp 768w, https:\/\/www.tgrthaber.com\/mavikadin\/wp-content\/uploads\/Sinan-Akcil-3-1536x864-1.webp 1536w\" sizes=\"(max-width: 1208px) 100vw, 1208px\" \/><\/p>\n<hr \/>\n<p>Gerek kariyeri gerek \u00f6zel hayat\u0131 gerekse yapt\u0131\u011f\u0131 a\u00e7\u0131klamalarla ad\u0131ndan s\u00f6z ettiren Sinan Ak\u00e7\u0131l, Burcu K\u0131ratl\u0131 ile olan eski evlili\u011fiyle s\u0131k s\u0131k g\u00fcndemde yer al\u0131yor. Hayatlar\u0131n\u0131 iki kez birle\u015ftiren \u00fcnl\u00fc \u00e7ift, \u00e7alkant\u0131l\u0131 ili\u015fkileriyle ve eski evlilikleriyle g\u00fcn\u00fcm\u00fczde konu\u015fulmaya devam ediyor. Ak\u00e7\u0131l\u2019\u0131n ise \u015fimdilerde yeni bir a\u015fka yelken a\u00e7\u0131p a\u00e7mad\u0131\u011f\u0131 merak ediliyor.<\/p>\n<p><img loading=\"lazy\" decoding=\"async\" class=\"alignnone wp-image-183857\" src=\"https:\/\/www.tgrthaber.com\/mavikadin\/wp-content\/uploads\/Sinan-Akcil-8-1024x576.webp\" alt=\"\u201cTapuyu evlenece\u011fim birisine verece\u011fim\u201d demi\u015fti! Sinan Ak\u00e7\u0131l\u2019dan olay olacak tapu itiraf\u0131\" width=\"1208\" height=\"680\" title=\"\" srcset=\"https:\/\/www.tgrthaber.com\/mavikadin\/wp-content\/uploads\/Sinan-Akcil-8-1024x576.webp 1024w, https:\/\/www.tgrthaber.com\/mavikadin\/wp-content\/uploads\/Sinan-Akcil-8-300x169.webp 300w, https:\/\/www.tgrthaber.com\/mavikadin\/wp-content\/uploads\/Sinan-Akcil-8-768x432.webp 768w, https:\/\/www.tgrthaber.com\/mavikadin\/wp-content\/uploads\/Sinan-Akcil-8-1536x864.webp 1536w, https:\/\/www.tgrthaber.com\/mavikadin\/wp-content\/uploads\/Sinan-Akcil-8.webp 1600w\" sizes=\"(max-width: 1208px) 100vw, 1208px\" \/><\/p>\n<hr \/>\n<h3>S\u0130NAN AK\u00c7IL\u2019DAN Y\u00dcZ\u00dcNDEK\u0130 DE\u011e\u0130\u015e\u0130M HAKKINDA A\u00c7IKLAMA GELM\u0130\u015eT\u0130!<\/h3>\n<p>Y\u00fcz\u00fcndeki de\u011fi\u015fimden dolay\u0131 k\u0131sa s\u00fcrede sosyal medyada g\u00fcndem olan Sinan Ak\u00e7\u0131l\u2019dan a\u00e7\u0131klama gelmi\u015fti. Estetik iddialar\u0131yla g\u00fcndeme gelen \u00fcnl\u00fc \u015fark\u0131c\u0131n\u0131n y\u00fcz\u00fcndeki de\u011fi\u015fimler hakk\u0131nda bir\u00e7ok sosyal medya kullan\u0131c\u0131s\u0131 \u00e7e\u015fitli yorumlarda bulunmu\u015ftu. Ak\u00e7\u0131l, sosyal medya hesab\u0131ndan yapt\u0131\u011f\u0131 a\u00e7\u0131klamalarla estetik iddialar\u0131na cevap vermi\u015fti.<\/p>\n<p><img loading=\"lazy\" decoding=\"async\" class=\"alignnone wp-image-183849\" src=\"https:\/\/www.tgrthaber.com\/mavikadin\/wp-content\/uploads\/Sinan-Akcil-1-1-1536x864-1-1-1024x576.webp\" alt=\"\u201cTapuyu evlenece\u011fim birisine verece\u011fim\u201d demi\u015fti! Sinan Ak\u00e7\u0131l\u2019dan olay olacak tapu itiraf\u0131\" width=\"1208\" height=\"680\" title=\"\" srcset=\"https:\/\/www.tgrthaber.com\/mavikadin\/wp-content\/uploads\/Sinan-Akcil-1-1-1536x864-1-1-1024x576.webp 1024w, https:\/\/www.tgrthaber.com\/mavikadin\/wp-content\/uploads\/Sinan-Akcil-1-1-1536x864-1-1-300x169.webp 300w, https:\/\/www.tgrthaber.com\/mavikadin\/wp-content\/uploads\/Sinan-Akcil-1-1-1536x864-1-1-768x432.webp 768w, https:\/\/www.tgrthaber.com\/mavikadin\/wp-content\/uploads\/Sinan-Akcil-1-1-1536x864-1-1.webp 1536w\" sizes=\"(max-width: 1208px) 100vw, 1208px\" \/><\/p>\n<hr \/>\n<p>43 ya\u015f\u0131ndaki \u00fcnl\u00fc \u015fark\u0131c\u0131 Sinan Ak\u00e7\u0131l, a\u00e7\u0131klamalar\u0131nda \u015fu ifadelere yer vermi\u015fti:<\/p>\n<p>\u201cArkada\u015flar esteti\u011fe kar\u015f\u0131 de\u011filim. Yapt\u0131rabilirim, yar\u0131n da yapt\u0131r\u0131r\u0131m hi\u00e7 umurumda da olmaz. Tipimle ilgili bir s\u0131k\u0131nt\u0131 oldu\u011funu d\u00fc\u015f\u00fcnd\u00fc\u011f\u00fcn\u00fcz zaman s\u00f6yleyin bana. Zaten 15-20 y\u0131ld\u0131r T\u00fcrk halk\u0131n\u0131n elinde do\u011fdum b\u00fcy\u00fcd\u00fcm denilebilir. Yapt\u0131r\u0131r\u0131z. Bunun yerine \u015fark\u0131n\u0131n ba\u015far\u0131s\u0131n\u0131n konu\u015fulmas\u0131n\u0131 tercih ederim. \u00dc\u00e7 g\u00fcnde nas\u0131l 500 bini ge\u00e7tik. Bunlar\u0131 da konu\u015fursan\u0131z mutlu olurum. Dedi\u011fim gibi tipimle ilgili bir s\u0131k\u0131nt\u0131 oldu\u011funu s\u00f6yledi\u011finiz zaman s\u00f6z veriyorum estetik yapt\u0131raca\u011f\u0131m. Herkes rahatlayacak. Sizi seviyorum. Allah\u2019a emanet olun. Konserlerde g\u00f6r\u00fc\u015f\u00fcr\u00fcz.\u201d<\/p>\n","protected":false},"excerpt":{"rendered":"<p>\u00dcnl\u00fc \u015fark\u0131c\u0131 Sinan Ak\u00e7\u0131l\u2019dan dikkat \u00e7eken tapu itiraf\u0131 geldi. Ku\u015fadas\u0131\u2019nda 8 milyon TL\u2019lik evinin in\u015faat\u0131n\u0131n tamamland\u0131\u011f\u0131n\u0131 a\u00e7\u0131klayan \u015fark\u0131c\u0131, bu kez \u00e7ok konu\u015fulacak bir itirafta bulundu. \u0130\u015fte detaylar\u2026<\/p>\n","protected":false},"author":26,"featured_media":183845,"comment_status":"closed","ping_status":"closed","sticky":false,"template":"","format":"standard","meta":{"rank_math_lock_modified_date":false,"footnotes":""},"categories":[76],"tags":[133,2218,3693,23019,23020],"class_list":["post-183844","post","type-post","status-publish","format-standard","has-post-thumbnail","hentry","category-magazin","tag-magazin","tag-magazin-haberleri","tag-sinan-akcil","tag-sinan-akcil-tapu-aciklamasi","tag-sinan-akcil-tapu-itirafi"],"_links":{"self":[{"href":"https:\/\/www.tgrthaber.com\/mavikadin\/wp-json\/wp\/v2\/posts\/183844"}],"collection":[{"href":"https:\/\/www.tgrthaber.com\/mavikadin\/wp-json\/wp\/v2\/posts"}],"about":[{"href":"https:\/\/www.tgrthaber.com\/mavikadin\/wp-json\/wp\/v2\/types\/post"}],"author":[{"embeddable":true,"href":"https:\/\/www.tgrthaber.com\/mavikadin\/wp-json\/wp\/v2\/users\/26"}],"replies":[{"embeddable":true,"href":"https:\/\/www.tgrthaber.com\/mavikadin\/wp-json\/wp\/v2\/comments?post=183844"}],"version-history":[{"count":2,"href":"https:\/\/www.tgrthaber.com\/mavikadin\/wp-json\/wp\/v2\/posts\/183844\/revisions"}],"predecessor-version":[{"id":183859,"href":"https:\/\/www.tgrthaber.com\/mavikadin\/wp-json\/wp\/v2\/posts\/183844\/revisions\/183859"}],"wp:featuredmedia":[{"embeddable":true,"href":"https:\/\/www.tgrthaber.com\/mavikadin\/wp-json\/wp\/v2\/media\/183845"}],"wp:attachment":[{"href":"https:\/\/www.tgrthaber.com\/mavikadin\/wp-json\/wp\/v2\/media?parent=183844"}],"wp:term":[{"taxonomy":"category","embeddable":true,"href":"https:\/\/www.tgrthaber.com\/mavikadin\/wp-json\/wp\/v2\/categories?post=183844"},{"taxonomy":"post_tag","embeddable":true,"href":"https:\/\/www.tgrthaber.com\/mavikadin\/wp-json\/wp\/v2\/tags?post=183844"}],"curies":[{"name":"wp","href":"https:\/\/api.w.org\/{rel}","templated":true}]}}