{"id":183864,"date":"2025-05-28T14:14:41","date_gmt":"2025-05-28T11:14:41","guid":{"rendered":"https:\/\/www.tgrthaber.com\/mavikadin\/?p=183864"},"modified":"2025-05-28T14:15:29","modified_gmt":"2025-05-28T11:15:29","slug":"hakan-altun-oktay-kaynarca-ve-seda-sayandan-istanbulda-surpriz-bulusma","status":"publish","type":"post","link":"https:\/\/www.tgrthaber.com\/mavikadin\/hakan-altun-oktay-kaynarca-ve-seda-sayandan-istanbulda-surpriz-bulusma\/","title":{"rendered":"Hakan Altun Oktay Kaynarca ve Seda Sayan\u2019dan \u0130stanbul\u2019da s\u00fcrpriz bulu\u015fma!"},"content":{"rendered":"<p>Sanat ve ekran d\u00fcnyas\u0131n\u0131n \u00fc\u00e7 sevilen ismi, \u0130stanbul gecelerinde bir araya geldi. Hakan Altun, Oktay Kaynarca ve Seda Sayan Arnavutk\u00f6y\u2019deki bir mek\u00e2ndan \u00e7\u0131karken g\u00f6r\u00fcnt\u00fclendi. \u0130stanbul\u2019un bo\u011faz k\u0131y\u0131s\u0131ndaki nezih mek\u00e2nlar\u0131ndan birinde ger\u00e7ekle\u015fen bu \u00f6zel bulu\u015fma hem dostluklar\u0131n\u0131 hem de yaz sezonu \u00f6ncesi yeni projelere haz\u0131rland\u0131klar\u0131n\u0131 g\u00f6zler \u00f6n\u00fcne serdi. \u0130\u015fte detaylar\u2026<\/p>\n<h3>SEV\u0130LEN SANAT\u00c7ILARDAN \u0130STANBUL\u2019DA S\u00dcRPR\u0130Z BULU\u015eMA!<\/h3>\n<p>Sanat d\u00fcnyas\u0131n\u0131n sevilen isimleri Hakan Altun, Oktay Kaynarca ve Seda Sayan, ge\u00e7ti\u011fimiz ak\u015fam Arnavutk\u00f6y&#8217;deki g\u00f6zde bir mek\u00e2nda bir araya geldi. Bu s\u00fcrpriz bulu\u015fman\u0131n nedeni ise, Altun\u2019un Bodrum\u2019dan \u0130stanbul\u2019a d\u00f6n\u00fc\u015f\u00fcn\u00fc kutlamakt\u0131. Uzun bir s\u00fcredir Bodrum\u2019da sakin bir ya\u015fam s\u00fcren Altun\u2019un \u0130stanbul\u2019a d\u00f6nmesi, yak\u0131n dostlar\u0131 taraf\u0131ndan kutland\u0131.<\/p>\n<p><img loading=\"lazy\" decoding=\"async\" class=\"alignnone wp-image-183876\" src=\"https:\/\/www.tgrthaber.com\/mavikadin\/wp-content\/uploads\/haber-gorselleri-fotoshop-91-8-1024x576.jpg\" alt=\"Hakan Altun Oktay Kaynarca ve Seda Sayan\u2019dan \u0130stanbul\u2019da s\u00fcrpriz bulu\u015fma!\" width=\"1208\" height=\"680\" title=\"\" srcset=\"https:\/\/www.tgrthaber.com\/mavikadin\/wp-content\/uploads\/haber-gorselleri-fotoshop-91-8-1024x576.jpg 1024w, https:\/\/www.tgrthaber.com\/mavikadin\/wp-content\/uploads\/haber-gorselleri-fotoshop-91-8-300x169.jpg 300w, https:\/\/www.tgrthaber.com\/mavikadin\/wp-content\/uploads\/haber-gorselleri-fotoshop-91-8-768x432.jpg 768w, https:\/\/www.tgrthaber.com\/mavikadin\/wp-content\/uploads\/haber-gorselleri-fotoshop-91-8-1536x864.jpg 1536w, https:\/\/www.tgrthaber.com\/mavikadin\/wp-content\/uploads\/haber-gorselleri-fotoshop-91-8.jpg 1600w\" sizes=\"(max-width: 1208px) 100vw, 1208px\" \/><\/p>\n<hr \/>\n<p>\u00dc\u00e7l\u00fcn\u00fcn keyifli anlar\u0131, mek\u00e2n \u00e7\u0131k\u0131\u015f\u0131nda objektiflere yans\u0131d\u0131. Samimi ve ne\u015feli halleriyle dikkat \u00e7eken ekip, sorular\u0131 yan\u0131tlarken dostluklar\u0131n\u0131n uzun y\u0131llara dayand\u0131\u011f\u0131n\u0131 vurgulad\u0131.<\/p>\n<h3><img loading=\"lazy\" decoding=\"async\" class=\"alignnone wp-image-183874\" src=\"https:\/\/www.tgrthaber.com\/mavikadin\/wp-content\/uploads\/haber-gorselleri-fotoshop-93-7-1024x576.jpg\" alt=\"Hakan Altun Oktay Kaynarca ve Seda Sayan\u2019dan \u0130stanbul\u2019da s\u00fcrpriz bulu\u015fma!\" width=\"1208\" height=\"680\" title=\"\" srcset=\"https:\/\/www.tgrthaber.com\/mavikadin\/wp-content\/uploads\/haber-gorselleri-fotoshop-93-7-1024x576.jpg 1024w, https:\/\/www.tgrthaber.com\/mavikadin\/wp-content\/uploads\/haber-gorselleri-fotoshop-93-7-300x169.jpg 300w, https:\/\/www.tgrthaber.com\/mavikadin\/wp-content\/uploads\/haber-gorselleri-fotoshop-93-7-768x432.jpg 768w, https:\/\/www.tgrthaber.com\/mavikadin\/wp-content\/uploads\/haber-gorselleri-fotoshop-93-7-1536x864.jpg 1536w, https:\/\/www.tgrthaber.com\/mavikadin\/wp-content\/uploads\/haber-gorselleri-fotoshop-93-7.jpg 1600w\" sizes=\"(max-width: 1208px) 100vw, 1208px\" \/><\/h3>\n<hr \/>\n<h3>&#8220;GER\u0130 D\u00d6N\u00dc\u015eLER \u00c7OK G\u00dcZEL\u201d<\/h3>\n<p>Habert\u00fcrk Gazetesi\u2019ne g\u00f6re, gazetecilerin sorular\u0131n\u0131 yan\u0131tlayan Hakan Altun, H\u00fclya Av\u015far ile seslendirdi\u011fi \u201cAh\u0131m Olsun\u201d d\u00fcetinden bahsederken, &#8220;Geri d\u00f6n\u00fc\u015fler \u00e7ok g\u00fczel, dinleyicilerimiz be\u011fenmi\u015f&#8221; ifadelerini kulland\u0131. \u015eark\u0131n\u0131n g\u00f6rd\u00fc\u011f\u00fc ilgiden olduk\u00e7a memnun olan Altun, klip \u00e7al\u0131\u015fmas\u0131n\u0131n da yolda oldu\u011funu belirtti. Yaz boyunca Harbiye A\u00e7\u0131khava sahnesinde verece\u011fi konserlere haz\u0131rland\u0131\u011f\u0131n\u0131 ve \u0130stanbul\u2019da yo\u011fun bir tempoya girece\u011fini s\u00f6yledi. Televizyon d\u00fcnyas\u0131n\u0131n sert mizac\u0131yla tan\u0131nan oyuncusu Oktay Kaynarca ise bu \u00f6zel ak\u015famda dostluk vurgusu yapt\u0131.<\/p>\n<p><img loading=\"lazy\" decoding=\"async\" class=\"alignnone wp-image-183872\" src=\"https:\/\/www.tgrthaber.com\/mavikadin\/wp-content\/uploads\/haber-gorselleri-fotoshop-95-8-1024x576.jpg\" alt=\"Hakan Altun Oktay Kaynarca ve Seda Sayan\u2019dan \u0130stanbul\u2019da s\u00fcrpriz bulu\u015fma!\" width=\"1208\" height=\"680\" title=\"\" srcset=\"https:\/\/www.tgrthaber.com\/mavikadin\/wp-content\/uploads\/haber-gorselleri-fotoshop-95-8-1024x576.jpg 1024w, https:\/\/www.tgrthaber.com\/mavikadin\/wp-content\/uploads\/haber-gorselleri-fotoshop-95-8-300x169.jpg 300w, https:\/\/www.tgrthaber.com\/mavikadin\/wp-content\/uploads\/haber-gorselleri-fotoshop-95-8-768x432.jpg 768w, https:\/\/www.tgrthaber.com\/mavikadin\/wp-content\/uploads\/haber-gorselleri-fotoshop-95-8-1536x864.jpg 1536w, https:\/\/www.tgrthaber.com\/mavikadin\/wp-content\/uploads\/haber-gorselleri-fotoshop-95-8.jpg 1600w\" sizes=\"(max-width: 1208px) 100vw, 1208px\" \/><\/p>\n<hr \/>\n<p>Gecede g\u00fczelli\u011fiyle dikkat \u00e7eken Seda Sayan da gazetecilerin sorular\u0131n\u0131 yan\u0131ts\u0131z b\u0131rakmad\u0131. Yak\u0131n dostu Hakan Altun\u2019un \u0130stanbul\u2019a d\u00f6n\u00fc\u015f\u00fcn\u00fc kutlamaktan b\u00fcy\u00fck mutluluk duydu\u011funu ifade eden Sayan, bir yandan da m\u00fczik \u00e7al\u0131\u015fmalar\u0131na h\u0131z kesmeden devam etti\u011fini aktard\u0131.<\/p>\n<h3><img loading=\"lazy\" decoding=\"async\" class=\"alignnone wp-image-183873\" src=\"https:\/\/www.tgrthaber.com\/mavikadin\/wp-content\/uploads\/haber-gorselleri-fotoshop-94-7-1024x576.jpg\" alt=\"Hakan Altun Oktay Kaynarca ve Seda Sayan\u2019dan \u0130stanbul\u2019da s\u00fcrpriz bulu\u015fma!\" width=\"1208\" height=\"680\" title=\"\" srcset=\"https:\/\/www.tgrthaber.com\/mavikadin\/wp-content\/uploads\/haber-gorselleri-fotoshop-94-7-1024x576.jpg 1024w, https:\/\/www.tgrthaber.com\/mavikadin\/wp-content\/uploads\/haber-gorselleri-fotoshop-94-7-300x169.jpg 300w, https:\/\/www.tgrthaber.com\/mavikadin\/wp-content\/uploads\/haber-gorselleri-fotoshop-94-7-768x432.jpg 768w, https:\/\/www.tgrthaber.com\/mavikadin\/wp-content\/uploads\/haber-gorselleri-fotoshop-94-7-1536x864.jpg 1536w, https:\/\/www.tgrthaber.com\/mavikadin\/wp-content\/uploads\/haber-gorselleri-fotoshop-94-7.jpg 1600w\" sizes=\"(max-width: 1208px) 100vw, 1208px\" \/><\/h3>\n<hr \/>\n<h3>&#8220;KIZILCIK \u015eERBET\u0130 \u0130\u00c7\u0130N HAZIRLADI\u011eIMIZ PAR\u00c7A\u201d<\/h3>\n<p>Son olarak Tan Ta\u015f\u00e7\u0131 ile ger\u00e7ekle\u015ftirdi\u011fi d\u00fcetten s\u00f6z eden \u00fcnl\u00fc sanat\u00e7\u0131, &#8220;K\u0131z\u0131lc\u0131k \u015eerbeti i\u00e7in haz\u0131rlad\u0131\u011f\u0131m\u0131z par\u00e7a \u00e7ok g\u00fczel geri d\u00f6n\u00fc\u015fler ald\u0131. Dinleyicilerimiz \u00e7ok be\u011fendi, bu da bizi motive ediyor&#8221; dedi. Yaz sezonunda hem sahne hem de televizyon projeleriyle yo\u011fun bir d\u00f6neme girece\u011fini belirtti.<\/p>\n","protected":false},"excerpt":{"rendered":"<p>\u00dcnl\u00fc isimler olan Hakan Altun, Oktay Kaynarca ve Seda Sayan, ge\u00e7ti\u011fimiz ak\u015fam Arnavutk\u00f6y\u2019deki bir mek\u00e2nda bulu\u015ftu. Bu \u00fcnl\u00fc isimlerin Altun\u2019un Bodrum\u2019dan \u0130stanbul\u2019a d\u00f6n\u00fc\u015f\u00fcn\u00fc kutlamak i\u00e7in bir araya geldikleri \u00f6\u011frenildi. \u0130\u015fte detaylar\u2026<\/p>\n","protected":false},"author":34,"featured_media":183875,"comment_status":"closed","ping_status":"closed","sticky":false,"template":"","format":"standard","meta":{"rank_math_lock_modified_date":false,"footnotes":""},"categories":[76],"tags":[16097,2218,3669,2811,23025],"class_list":["post-183864","post","type-post","status-publish","format-standard","has-post-thumbnail","hentry","category-magazin","tag-hakan-altun","tag-magazin-haberleri","tag-oktay-kaynarca","tag-seda-sayan","tag-supriz-bulusma"],"_links":{"self":[{"href":"https:\/\/www.tgrthaber.com\/mavikadin\/wp-json\/wp\/v2\/posts\/183864"}],"collection":[{"href":"https:\/\/www.tgrthaber.com\/mavikadin\/wp-json\/wp\/v2\/posts"}],"about":[{"href":"https:\/\/www.tgrthaber.com\/mavikadin\/wp-json\/wp\/v2\/types\/post"}],"author":[{"embeddable":true,"href":"https:\/\/www.tgrthaber.com\/mavikadin\/wp-json\/wp\/v2\/users\/34"}],"replies":[{"embeddable":true,"href":"https:\/\/www.tgrthaber.com\/mavikadin\/wp-json\/wp\/v2\/comments?post=183864"}],"version-history":[{"count":2,"href":"https:\/\/www.tgrthaber.com\/mavikadin\/wp-json\/wp\/v2\/posts\/183864\/revisions"}],"predecessor-version":[{"id":183878,"href":"https:\/\/www.tgrthaber.com\/mavikadin\/wp-json\/wp\/v2\/posts\/183864\/revisions\/183878"}],"wp:featuredmedia":[{"embeddable":true,"href":"https:\/\/www.tgrthaber.com\/mavikadin\/wp-json\/wp\/v2\/media\/183875"}],"wp:attachment":[{"href":"https:\/\/www.tgrthaber.com\/mavikadin\/wp-json\/wp\/v2\/media?parent=183864"}],"wp:term":[{"taxonomy":"category","embeddable":true,"href":"https:\/\/www.tgrthaber.com\/mavikadin\/wp-json\/wp\/v2\/categories?post=183864"},{"taxonomy":"post_tag","embeddable":true,"href":"https:\/\/www.tgrthaber.com\/mavikadin\/wp-json\/wp\/v2\/tags?post=183864"}],"curies":[{"name":"wp","href":"https:\/\/api.w.org\/{rel}","templated":true}]}}