{"id":183880,"date":"2025-05-28T14:31:55","date_gmt":"2025-05-28T11:31:55","guid":{"rendered":"https:\/\/www.tgrthaber.com\/mavikadin\/?p=183880"},"modified":"2025-05-28T14:31:55","modified_gmt":"2025-05-28T11:31:55","slug":"arda-guler-sesiyle-mest-etti-genc-futbolcunun-aya-benzer-performansi-yogun-ilgi-gordu","status":"publish","type":"post","link":"https:\/\/www.tgrthaber.com\/mavikadin\/arda-guler-sesiyle-mest-etti-genc-futbolcunun-aya-benzer-performansi-yogun-ilgi-gordu\/","title":{"rendered":"Arda G\u00fcler sesiyle mest etti! Gen\u00e7 futbolcunun \u201cAy\u2019a Benzer\u201d performans\u0131 yo\u011fun ilgi g\u00f6rd\u00fc"},"content":{"rendered":"<p>Ba\u015far\u0131l\u0131 futbol kariyeriyle tan\u0131nan milli futbolcu Arda G\u00fcler, bu kez sesiyle g\u00fcndeme geldi. \u015eimdilerde Real Madrid\u2019de top ko\u015fturan gen\u00e7 futbolcu mikrofonu eline alarak \u015fark\u0131 s\u00f6yledi. Sevgilisi Duru Nayman\u2019la Bodrum\u2019da tatil yapan Arda G\u00fcler\u2019in \u201cAy\u2019a Benzer\u201d performans\u0131 sosyal medyada yo\u011fun ilgi g\u00f6rd\u00fc. Enbe Orkestras\u0131 konserinde orkestra \u015fefi Behzat Ger\u00e7eker\u2019e e\u015flik eden y\u0131ld\u0131z futbolcu, magazin d\u00fcnyas\u0131n\u0131n g\u00fcndemine bomba gibi oturdu.<\/p>\n<h3>ARDA G\u00dcLER SES\u0130YLE MEST ETT\u0130!<\/h3>\n<p>\u015eimdilerde d\u00fcnya devi Real Madrid\u2019de top ko\u015fturan Arda G\u00fcler, ba\u015far\u0131l\u0131 futbol kariyerinin yan\u0131 s\u0131ra \u00f6zel hayat\u0131yla da dikkatleri \u00fczerine \u00e7ekiyor. Real Madrid\u2019deki performans\u0131, a\u015fk hayat\u0131, aile ya\u015fant\u0131s\u0131 ve efendi ki\u015fili\u011fiyle s\u0131k s\u0131k g\u00fcndeme gelen G\u00fcler, bu kez m\u00fczik performans\u0131yla g\u00fcndem oldu. Uzun s\u00fcredir birlikte oldu\u011fu sevgilisi Duru Nayman ile ili\u015fkisine tam gaz devam eden y\u0131ld\u0131z futbolcu, bu kez Bodrum tatilinde kameralara yakaland\u0131.<\/p>\n<p><img loading=\"lazy\" decoding=\"async\" class=\"alignnone wp-image-183884\" src=\"https:\/\/www.tgrthaber.com\/mavikadin\/wp-content\/uploads\/Arda-Guler-5-1024x576.jpg\" alt=\"Arda G\u00fcler sesiyle mest etti! Gen\u00e7 futbolcunun \u201cAy\u2019a Benzer\u201d performans\u0131 yo\u011fun ilgi g\u00f6rd\u00fc\" width=\"1208\" height=\"680\" title=\"\" srcset=\"https:\/\/www.tgrthaber.com\/mavikadin\/wp-content\/uploads\/Arda-Guler-5-1024x576.jpg 1024w, https:\/\/www.tgrthaber.com\/mavikadin\/wp-content\/uploads\/Arda-Guler-5-300x169.jpg 300w, https:\/\/www.tgrthaber.com\/mavikadin\/wp-content\/uploads\/Arda-Guler-5-768x432.jpg 768w, https:\/\/www.tgrthaber.com\/mavikadin\/wp-content\/uploads\/Arda-Guler-5-1536x864.jpg 1536w, https:\/\/www.tgrthaber.com\/mavikadin\/wp-content\/uploads\/Arda-Guler-5.jpg 1600w\" sizes=\"(max-width: 1208px) 100vw, 1208px\" \/><\/p>\n<hr \/>\n<p>Duru Nayman ile olan ili\u015fkisini g\u00f6zlerden uzak ya\u015famay\u0131 tercih eden Arda G\u00fcler, sevgilisiyle Bodrum tatilinde g\u00f6r\u00fcnt\u00fclendi. Sevgilisiyle Bodrum\u2019da l\u00fcks bir otelde Enbe Orkestras\u0131\u2019n\u0131 dinlemeye giden milli futbolcu, orkestra \u015fefi Behzat Ger\u00e7eker\u2018in \u015fark\u0131ya e\u015flik teklifini geri \u00e7evirmedi. Mikrofonu eline alarak \u015fark\u0131 s\u00f6yleyen G\u00fcler, sesiyle herkesi mest etti.<\/p>\n<p><img loading=\"lazy\" decoding=\"async\" class=\"alignnone wp-image-183885\" src=\"https:\/\/www.tgrthaber.com\/mavikadin\/wp-content\/uploads\/Arda-Guler-1-1024x576.jpg\" alt=\"Arda G\u00fcler sesiyle mest etti! Gen\u00e7 futbolcunun \u201cAy\u2019a Benzer\u201d performans\u0131 yo\u011fun ilgi g\u00f6rd\u00fc\" width=\"1208\" height=\"680\" title=\"\" srcset=\"https:\/\/www.tgrthaber.com\/mavikadin\/wp-content\/uploads\/Arda-Guler-1-1024x576.jpg 1024w, https:\/\/www.tgrthaber.com\/mavikadin\/wp-content\/uploads\/Arda-Guler-1-300x169.jpg 300w, https:\/\/www.tgrthaber.com\/mavikadin\/wp-content\/uploads\/Arda-Guler-1-768x432.jpg 768w, https:\/\/www.tgrthaber.com\/mavikadin\/wp-content\/uploads\/Arda-Guler-1-1536x864.jpg 1536w, https:\/\/www.tgrthaber.com\/mavikadin\/wp-content\/uploads\/Arda-Guler-1.jpg 1600w\" sizes=\"(max-width: 1208px) 100vw, 1208px\" \/><\/p>\n<hr \/>\n<h3>ARDA G\u00dcLER\u2019\u0130N \u201cAY\u2019A BENZER\u201d PERFORMANSI YO\u011eUN \u0130LG\u0130 G\u00d6RD\u00dc!<\/h3>\n<p>Sevgilisi Duru Nayman ile romantik bir ak\u015fam ge\u00e7iren gen\u00e7 futbolcu Arda G\u00fcler, ba\u015far\u0131l\u0131 futbol performans\u0131n\u0131n yan\u0131 s\u0131ra bu kez ses performans\u0131yla g\u00fcndeme geldi. Enbe Orkestras\u0131 konserinde orkestra \u015fefi Behzat Ger\u00e7eker\u2019e e\u015flik eden y\u0131ld\u0131z futbolcu, magazin d\u00fcnyas\u0131n\u0131n g\u00fcndemine bomba gibi oturdu. G\u00fcler\u2019in \u201cAy\u2019a Benzer\u201d performans\u0131 sosyal medyada yo\u011fun ilgi g\u00f6rd\u00fc.<\/p>\n<p><img loading=\"lazy\" decoding=\"async\" class=\"alignnone wp-image-183886\" src=\"https:\/\/www.tgrthaber.com\/mavikadin\/wp-content\/uploads\/adsiz-tasarim-29-1024x576.webp\" alt=\"Arda G\u00fcler sesiyle mest etti! Gen\u00e7 futbolcunun \u201cAy\u2019a Benzer\u201d performans\u0131 yo\u011fun ilgi g\u00f6rd\u00fc\" width=\"1208\" height=\"680\" title=\"\" srcset=\"https:\/\/www.tgrthaber.com\/mavikadin\/wp-content\/uploads\/adsiz-tasarim-29-1024x576.webp 1024w, https:\/\/www.tgrthaber.com\/mavikadin\/wp-content\/uploads\/adsiz-tasarim-29-300x169.webp 300w, https:\/\/www.tgrthaber.com\/mavikadin\/wp-content\/uploads\/adsiz-tasarim-29-768x432.webp 768w, https:\/\/www.tgrthaber.com\/mavikadin\/wp-content\/uploads\/adsiz-tasarim-29-1536x864.webp 1536w, https:\/\/www.tgrthaber.com\/mavikadin\/wp-content\/uploads\/adsiz-tasarim-29.webp 1600w\" sizes=\"(max-width: 1208px) 100vw, 1208px\" \/><\/p>\n<hr \/>\n<p>Arda G\u00fcler, k\u0131sa bir s\u00fcrede olsa Behzat Ger\u00e7eker\u2019in teklifini geri \u00e7evirmeyerek, \u00fcnl\u00fc sanat\u00e7\u0131ya e\u015flik etti. Y\u0131ld\u0131z futbolcunun, m\u00fczikle olan uyumu ve sahnedeki rahat tav\u0131rlar\u0131, geceye damga vurdu. G\u00fcler\u2019in \u015fark\u0131 s\u00f6yledi\u011fi anlar sosyal medyada h\u0131zla yay\u0131larak b\u00fcy\u00fck be\u011feni toplad\u0131. Sosyal medyan\u0131n g\u00fcndemine bomba gibi oturan G\u00fcler ve g\u00f6zlerinin i\u00e7i g\u00fclen sevgilisi Duru Nayman, takip\u00e7ilerinden \u201c\u00c7ok d\u00fczg\u00fcn \u00e7ocuk\u201d, \u201c\u00c7ok sempatikler\u201d ve \u201cSevgilisiyle \u00e7ok yak\u0131\u015f\u0131yorlar\u201d gibi yorumlar ald\u0131.<\/p>\n<p><img loading=\"lazy\" decoding=\"async\" class=\"alignnone wp-image-183887\" src=\"https:\/\/www.tgrthaber.com\/mavikadin\/wp-content\/uploads\/Arda-Guler-3-1024x576.jpg\" alt=\"Arda G\u00fcler sesiyle mest etti! Gen\u00e7 futbolcunun \u201cAy\u2019a Benzer\u201d performans\u0131 yo\u011fun ilgi g\u00f6rd\u00fc\" width=\"1208\" height=\"680\" title=\"\" srcset=\"https:\/\/www.tgrthaber.com\/mavikadin\/wp-content\/uploads\/Arda-Guler-3-1024x576.jpg 1024w, https:\/\/www.tgrthaber.com\/mavikadin\/wp-content\/uploads\/Arda-Guler-3-300x169.jpg 300w, https:\/\/www.tgrthaber.com\/mavikadin\/wp-content\/uploads\/Arda-Guler-3-768x432.jpg 768w, https:\/\/www.tgrthaber.com\/mavikadin\/wp-content\/uploads\/Arda-Guler-3-1536x864.jpg 1536w, https:\/\/www.tgrthaber.com\/mavikadin\/wp-content\/uploads\/Arda-Guler-3.jpg 1600w\" sizes=\"(max-width: 1208px) 100vw, 1208px\" \/><\/p>\n<hr \/>\n<p>\u0130\u015fte ba\u015far\u0131l\u0131 futbolcu Arda G\u00fcler&#8217;in \u015fark\u0131 performans\u0131&#8230;<\/p>\n<div style=\"width: 640px;\" class=\"wp-video\"><!--[if lt IE 9]><script>document.createElement('video');<\/script><![endif]-->\n<video class=\"wp-video-shortcode\" id=\"video-183880-1\" width=\"640\" height=\"640\" preload=\"metadata\" controls=\"controls\"><source type=\"video\/mp4\" src=\"https:\/\/www.tgrthaber.com\/mavikadin\/wp-content\/uploads\/Adsiz-tasarim-1-8.mp4?_=1\" \/><a href=\"https:\/\/www.tgrthaber.com\/mavikadin\/wp-content\/uploads\/Adsiz-tasarim-1-8.mp4\">https:\/\/www.tgrthaber.com\/mavikadin\/wp-content\/uploads\/Adsiz-tasarim-1-8.mp4<\/a><\/video><\/div>\n<hr \/>\n<p>Real Madrid\u2019in sevilen futbolcusu G\u00fcler gerek futbol kariyeri gerekse de \u00f6zel hayat\u0131yla magazin d\u00fcnyas\u0131n\u0131n g\u00fcndeminde yer almaya devam ediyor. \u0130li\u015fkisini g\u00f6zlerden uzak ya\u015famay\u0131 tercih eden y\u0131ld\u0131z futbolcu, efendi ki\u015fili\u011fiyle de kendine hayran b\u0131rak\u0131yor.<\/p>\n","protected":false},"excerpt":{"rendered":"<p>\u015eimdilerde d\u00fcnya devi Real Madrid\u2019de top ko\u015fturan Arda G\u00fcler, sesiyle herkesi mest etti. Sevgilisi Duru Nayman\u2019la Bodrum\u2019da tatil yapan gen\u00e7 futbolcunun \u201cAy\u2019a Benzer\u201d performans\u0131 sosyal medyada yo\u011fun ilgi g\u00f6rd\u00fc. \u0130\u015fte detaylar\u2026<\/p>\n","protected":false},"author":26,"featured_media":183883,"comment_status":"closed","ping_status":"closed","sticky":false,"template":"","format":"standard","meta":{"rank_math_lock_modified_date":false,"footnotes":""},"categories":[76],"tags":[3882,23029,3881,23030,133,2218],"class_list":["post-183880","post","type-post","status-publish","format-standard","has-post-thumbnail","hentry","category-magazin","tag-arda-guler","tag-arda-guler-duru-nayman","tag-duru-nayman","tag-enbe-orkestrasi","tag-magazin","tag-magazin-haberleri"],"_links":{"self":[{"href":"https:\/\/www.tgrthaber.com\/mavikadin\/wp-json\/wp\/v2\/posts\/183880"}],"collection":[{"href":"https:\/\/www.tgrthaber.com\/mavikadin\/wp-json\/wp\/v2\/posts"}],"about":[{"href":"https:\/\/www.tgrthaber.com\/mavikadin\/wp-json\/wp\/v2\/types\/post"}],"author":[{"embeddable":true,"href":"https:\/\/www.tgrthaber.com\/mavikadin\/wp-json\/wp\/v2\/users\/26"}],"replies":[{"embeddable":true,"href":"https:\/\/www.tgrthaber.com\/mavikadin\/wp-json\/wp\/v2\/comments?post=183880"}],"version-history":[{"count":2,"href":"https:\/\/www.tgrthaber.com\/mavikadin\/wp-json\/wp\/v2\/posts\/183880\/revisions"}],"predecessor-version":[{"id":183894,"href":"https:\/\/www.tgrthaber.com\/mavikadin\/wp-json\/wp\/v2\/posts\/183880\/revisions\/183894"}],"wp:featuredmedia":[{"embeddable":true,"href":"https:\/\/www.tgrthaber.com\/mavikadin\/wp-json\/wp\/v2\/media\/183883"}],"wp:attachment":[{"href":"https:\/\/www.tgrthaber.com\/mavikadin\/wp-json\/wp\/v2\/media?parent=183880"}],"wp:term":[{"taxonomy":"category","embeddable":true,"href":"https:\/\/www.tgrthaber.com\/mavikadin\/wp-json\/wp\/v2\/categories?post=183880"},{"taxonomy":"post_tag","embeddable":true,"href":"https:\/\/www.tgrthaber.com\/mavikadin\/wp-json\/wp\/v2\/tags?post=183880"}],"curies":[{"name":"wp","href":"https:\/\/api.w.org\/{rel}","templated":true}]}}