{"id":183965,"date":"2025-05-28T16:53:03","date_gmt":"2025-05-28T13:53:03","guid":{"rendered":"https:\/\/www.tgrthaber.com\/mavikadin\/?p=183965"},"modified":"2025-05-28T16:53:03","modified_gmt":"2025-05-28T13:53:03","slug":"guzellik-kralicesi-idil-bilgen-hint-dansiyla-costu-o-anlar-sosyal-medya-da-gundem-oldu","status":"publish","type":"post","link":"https:\/\/www.tgrthaber.com\/mavikadin\/guzellik-kralicesi-idil-bilgen-hint-dansiyla-costu-o-anlar-sosyal-medya-da-gundem-oldu\/","title":{"rendered":"G\u00fczellik krali\u00e7esi \u0130dil Bilgen Hint dans\u0131yla co\u015ftu! O anlar sosyal medya da g\u00fcndem oldu"},"content":{"rendered":"<p>T\u00fcrkiye\u2019nin gururu \u0130dil Bilgen, 2024 y\u0131l\u0131nda kazand\u0131\u011f\u0131 Miss Turkey T\u00fcrkiye G\u00fczeli unvan\u0131n\u0131 uluslararas\u0131 arenada da ba\u015far\u0131yla temsil etmeye devam ediyor. 72. Miss World yar\u0131\u015fmas\u0131nda \u00fclkemizi temsil eden Bilgen, \u00e7eyrek finale y\u00fckselerek b\u00fcy\u00fck bir ba\u015far\u0131ya imza att\u0131. Ancak onun ba\u015far\u0131s\u0131 sadece sahnedeki performans\u0131yla s\u0131n\u0131rl\u0131 kalmad\u0131 ve sosyal medyada payla\u015ft\u0131\u011f\u0131 Hint dans\u0131 videosu ile de b\u00fcy\u00fck be\u011feni toplad\u0131 ve adeta sosyal medyay\u0131 sallad\u0131. \u0130\u015fte detaylar\u2026<\/p>\n<h3>G\u00dcZELL\u0130K KRAL\u0130\u00c7ES\u0130 \u0130D\u0130L B\u0130LGEN H\u0130NT DANSIYLA CO\u015eTU!<\/h3>\n<p>T\u00fcrkiye G\u00fczeli \u0130dil Bilgen, Ko\u00e7 \u00dcniversitesi T\u0131p Fak\u00fcltesi mezunu ve New York \u00dcniversitesi Langone T\u0131p Merkezi\u2019nde radyasyon onkolojisi alan\u0131nda ara\u015ft\u0131rmalar yap\u0131yor. Akademik kariyeri ve g\u00fczelli\u011fiyle dikkat \u00e7eken Bilgen, Miss Turkey yar\u0131\u015fmas\u0131nda T\u00fcrkiye G\u00fczeli se\u00e7ilerek \u00fclkesini uluslararas\u0131 sahnede temsil etme hakk\u0131n\u0131 kazand\u0131. Miss World 2025 yar\u0131\u015fmas\u0131nda g\u00f6sterdi\u011fi performansla da b\u00fcy\u00fck be\u011feni toplad\u0131.<\/p>\n<p><img loading=\"lazy\" decoding=\"async\" class=\"alignnone wp-image-183971\" src=\"https:\/\/www.tgrthaber.com\/mavikadin\/wp-content\/uploads\/haber-gorselleri-fotoshop-2025-05-28T164744.361-1024x576.jpg\" alt=\"G\u00fczellik krali\u00e7esi \u0130dil Bilgen Hint dans\u0131yla co\u015ftu! O anlar sosyal medya da g\u00fcndem oldu\" width=\"1208\" height=\"680\" title=\"\" srcset=\"https:\/\/www.tgrthaber.com\/mavikadin\/wp-content\/uploads\/haber-gorselleri-fotoshop-2025-05-28T164744.361-1024x576.jpg 1024w, https:\/\/www.tgrthaber.com\/mavikadin\/wp-content\/uploads\/haber-gorselleri-fotoshop-2025-05-28T164744.361-300x169.jpg 300w, https:\/\/www.tgrthaber.com\/mavikadin\/wp-content\/uploads\/haber-gorselleri-fotoshop-2025-05-28T164744.361-768x432.jpg 768w, https:\/\/www.tgrthaber.com\/mavikadin\/wp-content\/uploads\/haber-gorselleri-fotoshop-2025-05-28T164744.361-1536x864.jpg 1536w, https:\/\/www.tgrthaber.com\/mavikadin\/wp-content\/uploads\/haber-gorselleri-fotoshop-2025-05-28T164744.361.jpg 1600w\" sizes=\"(max-width: 1208px) 100vw, 1208px\" \/><\/p>\n<hr \/>\n<p>Yar\u0131\u015fman\u0131n \u201cHead-to-Head Challenge\u201d kategorisinde g\u00f6sterdi\u011fi \u00fcst\u00fcn ba\u015far\u0131 sayesinde k\u0131ta temsili \u00e7eyrek finale y\u00fckselen Bilgen, T\u00fcrkiye\u2019yi gururla temsil ediyor. Yar\u0131\u015fma organizat\u00f6rleri de onun bu ba\u015far\u0131s\u0131n\u0131 \u201cGer\u00e7ek g\u00fczelli\u011fin \u015fefkat ve cesarette bulundu\u011funu kan\u0131tlad\u0131\u201d s\u00f6zleriyle takdir etti. Yar\u0131\u015fma i\u00e7in Hindistan\u2019da bulunan G\u00fczellik Krali\u00e7esi \u0130dil Bilgen Hint dans\u0131yla co\u015ftu<strong>. <\/strong>Sosyal medyas\u0131ndan payla\u015ft\u0131\u011f\u0131 dans ile g\u00fcndeme geldi.<\/p>\n<h3><img loading=\"lazy\" decoding=\"async\" class=\"alignnone wp-image-183970\" src=\"https:\/\/www.tgrthaber.com\/mavikadin\/wp-content\/uploads\/haber-gorselleri-fotoshop-2025-05-28T164820.115-1024x576.jpg\" alt=\"G\u00fczellik krali\u00e7esi \u0130dil Bilgen Hint dans\u0131yla co\u015ftu! O anlar sosyal medya da g\u00fcndem oldu\" width=\"1208\" height=\"680\" title=\"\" srcset=\"https:\/\/www.tgrthaber.com\/mavikadin\/wp-content\/uploads\/haber-gorselleri-fotoshop-2025-05-28T164820.115-1024x576.jpg 1024w, https:\/\/www.tgrthaber.com\/mavikadin\/wp-content\/uploads\/haber-gorselleri-fotoshop-2025-05-28T164820.115-300x169.jpg 300w, https:\/\/www.tgrthaber.com\/mavikadin\/wp-content\/uploads\/haber-gorselleri-fotoshop-2025-05-28T164820.115-768x432.jpg 768w, https:\/\/www.tgrthaber.com\/mavikadin\/wp-content\/uploads\/haber-gorselleri-fotoshop-2025-05-28T164820.115-1536x864.jpg 1536w, https:\/\/www.tgrthaber.com\/mavikadin\/wp-content\/uploads\/haber-gorselleri-fotoshop-2025-05-28T164820.115.jpg 1600w\" sizes=\"(max-width: 1208px) 100vw, 1208px\" \/><\/h3>\n<hr \/>\n<h3>O ANLAR SOSYAL MEDYA DA G\u00dcNDEM OLDU!<\/h3>\n<p>T\u00fcrkiye\u2019yi Hindistan\u2019da temsil eden \u0130dil Bilgen, Miss World\u2019\u00fcn a\u00e7\u0131l\u0131\u015f t\u00f6reninde sergiledi\u011fi performanslar ile sosyal medyada geni\u015f yank\u0131 uyand\u0131rm\u0131\u015ft\u0131. G\u00fczelli\u011fi ile dikkatleri \u00fczerine \u00e7eken Bilgen\u2019in bu performanslar\u0131 b\u00fcy\u00fck bir ilgi ile takip edilmi\u015f ve k\u0131sa s\u00fcrede binlerce be\u011feni alm\u0131\u015ft\u0131.<\/p>\n<div style=\"width: 640px;\" class=\"wp-video\"><!--[if lt IE 9]><script>document.createElement('video');<\/script><![endif]-->\n<video class=\"wp-video-shortcode\" id=\"video-183965-1\" width=\"640\" height=\"640\" preload=\"metadata\" controls=\"controls\"><source type=\"video\/mp4\" src=\"https:\/\/www.tgrthaber.com\/mavikadin\/wp-content\/uploads\/Adsiz-tasarim-1-9.mp4?_=1\" \/><a href=\"https:\/\/www.tgrthaber.com\/mavikadin\/wp-content\/uploads\/Adsiz-tasarim-1-9.mp4\">https:\/\/www.tgrthaber.com\/mavikadin\/wp-content\/uploads\/Adsiz-tasarim-1-9.mp4<\/a><\/video><\/div>\n<hr \/>\n<p>Ge\u00e7ti\u011fimiz saatlerde ise T\u00fcrkiye G\u00fczeli \u0130dil Bilgen, kendi sosyal medyas\u0131ndan Hint \u015fark\u0131s\u0131 ile yapt\u0131\u011f\u0131 dans ile g\u00fcndeme geldi. G\u00f6r\u00fcnt\u00fclerde e\u011flenceli halleri ile dikkat \u00e7eken Bilgen, b\u00fcy\u00fck bir ilgi ile takip ediliyor.<\/p>\n<p><img loading=\"lazy\" decoding=\"async\" class=\"alignnone wp-image-183972\" src=\"https:\/\/www.tgrthaber.com\/mavikadin\/wp-content\/uploads\/haber-gorselleri-fotoshop-2025-05-28T164732.750-1024x576.jpg\" alt=\"G\u00fczellik krali\u00e7esi \u0130dil Bilgen Hint dans\u0131yla co\u015ftu! O anlar sosyal medya da g\u00fcndem oldu\" width=\"1208\" height=\"680\" title=\"\" srcset=\"https:\/\/www.tgrthaber.com\/mavikadin\/wp-content\/uploads\/haber-gorselleri-fotoshop-2025-05-28T164732.750-1024x576.jpg 1024w, https:\/\/www.tgrthaber.com\/mavikadin\/wp-content\/uploads\/haber-gorselleri-fotoshop-2025-05-28T164732.750-300x169.jpg 300w, https:\/\/www.tgrthaber.com\/mavikadin\/wp-content\/uploads\/haber-gorselleri-fotoshop-2025-05-28T164732.750-768x432.jpg 768w, https:\/\/www.tgrthaber.com\/mavikadin\/wp-content\/uploads\/haber-gorselleri-fotoshop-2025-05-28T164732.750-1536x864.jpg 1536w, https:\/\/www.tgrthaber.com\/mavikadin\/wp-content\/uploads\/haber-gorselleri-fotoshop-2025-05-28T164732.750.jpg 1600w\" sizes=\"(max-width: 1208px) 100vw, 1208px\" \/><\/p>\n<hr \/>\n<p>Miss World 2025\u2019in b\u00fcy\u00fck finali 31 May\u0131s\u2019ta Hindistan\u2019\u0131n Haydarabad kentinde ger\u00e7ekle\u015ftirilecek. \u0130dil Bilgen, finale bir ad\u0131m kala T\u00fcrkiye\u2019nin umutlar\u0131n\u0131 ta\u015f\u0131yor ve \u00fclkesine gurur vermeye devam ediyor. Hem akademik hem de sanatsal ba\u015far\u0131s\u0131yla \u00f6rnek olan Bilgen, yar\u0131\u015fma boyunca g\u00f6sterdi\u011fi zarafet ve samimiyetle geni\u015f bir hayran kitlesi olu\u015fturdu.<\/p>\n","protected":false},"excerpt":{"rendered":"<p>T\u00fcrkiye G\u00fczeli \u0130dil Bilgen, Miss Worl yar\u0131\u015fmas\u0131 i\u00e7in Hindistan\u2019da ba\u015far\u0131dan ba\u015far\u0131ya ko\u015farak \u00e7eyrek finale y\u00fckselmi\u015fti. G\u00fczelli\u011fi ile dikkatleri \u00fczerine \u00e7eken \u0130dil Bilgen, sosyal medyas\u0131ndan Hint \u015fark\u0131s\u0131 ile yapt\u0131\u011f\u0131 dans ile adeta co\u015ftu. \u0130\u015fte detaylar\u2026<\/p>\n","protected":false},"author":34,"featured_media":183969,"comment_status":"closed","ping_status":"closed","sticky":false,"template":"","format":"standard","meta":{"rank_math_lock_modified_date":false,"footnotes":""},"categories":[76],"tags":[23046,22645,18487,133,2218],"class_list":["post-183965","post","type-post","status-publish","format-standard","has-post-thumbnail","hentry","category-magazin","tag-idil-bilgen-hint-dansi","tag-idil-bilgen-miss-world","tag-idil-ilgen","tag-magazin","tag-magazin-haberleri"],"_links":{"self":[{"href":"https:\/\/www.tgrthaber.com\/mavikadin\/wp-json\/wp\/v2\/posts\/183965"}],"collection":[{"href":"https:\/\/www.tgrthaber.com\/mavikadin\/wp-json\/wp\/v2\/posts"}],"about":[{"href":"https:\/\/www.tgrthaber.com\/mavikadin\/wp-json\/wp\/v2\/types\/post"}],"author":[{"embeddable":true,"href":"https:\/\/www.tgrthaber.com\/mavikadin\/wp-json\/wp\/v2\/users\/34"}],"replies":[{"embeddable":true,"href":"https:\/\/www.tgrthaber.com\/mavikadin\/wp-json\/wp\/v2\/comments?post=183965"}],"version-history":[{"count":1,"href":"https:\/\/www.tgrthaber.com\/mavikadin\/wp-json\/wp\/v2\/posts\/183965\/revisions"}],"predecessor-version":[{"id":183980,"href":"https:\/\/www.tgrthaber.com\/mavikadin\/wp-json\/wp\/v2\/posts\/183965\/revisions\/183980"}],"wp:featuredmedia":[{"embeddable":true,"href":"https:\/\/www.tgrthaber.com\/mavikadin\/wp-json\/wp\/v2\/media\/183969"}],"wp:attachment":[{"href":"https:\/\/www.tgrthaber.com\/mavikadin\/wp-json\/wp\/v2\/media?parent=183965"}],"wp:term":[{"taxonomy":"category","embeddable":true,"href":"https:\/\/www.tgrthaber.com\/mavikadin\/wp-json\/wp\/v2\/categories?post=183965"},{"taxonomy":"post_tag","embeddable":true,"href":"https:\/\/www.tgrthaber.com\/mavikadin\/wp-json\/wp\/v2\/tags?post=183965"}],"curies":[{"name":"wp","href":"https:\/\/api.w.org\/{rel}","templated":true}]}}