{"id":184007,"date":"2025-05-28T17:43:28","date_gmt":"2025-05-28T14:43:28","guid":{"rendered":"https:\/\/www.tgrthaber.com\/mavikadin\/?p=184007"},"modified":"2025-05-28T17:43:28","modified_gmt":"2025-05-28T14:43:28","slug":"survivor-2025-sema-aydemir-yarismaya-veda-etti-kardesi-seda-ocaktan-bomba-paylasim-geldi","status":"publish","type":"post","link":"https:\/\/www.tgrthaber.com\/mavikadin\/survivor-2025-sema-aydemir-yarismaya-veda-etti-kardesi-seda-ocaktan-bomba-paylasim-geldi\/","title":{"rendered":"Survivor 2025 Sema Aydemir yar\u0131\u015fmaya veda etti karde\u015fi Seda Ocak\u2019tan bomba payla\u015f\u0131m geldi!"},"content":{"rendered":"<p class=\"p2\">Survivor All Star 2025\u2019in son b\u00f6l\u00fcm\u00fcnde ya\u015fanan s\u00fcrpriz geli\u015fme, izleyicileri adeta ekran ba\u015f\u0131na kilitledi. M\u00fccadeleci yap\u0131s\u0131yla dikkat \u00e7eken Sema Aydemir, d\u00fcello finalinde tak\u0131m arkada\u015f\u0131 Aycan Yana\u00e7 kar\u015f\u0131s\u0131nda ma\u011flup olarak yar\u0131\u015fmaya veda etti. Bu vedan\u0131n ard\u0131ndan gelen bir payla\u015f\u0131m ise sosyal medyan\u0131n g\u00fcndemine oturdu. Sema\u2019n\u0131n karde\u015fi Seda Ocak\u2019\u0131n yapt\u0131\u011f\u0131 o a\u00e7\u0131klama sosyal medyada k\u0131sa s\u00fcre i\u00e7erisinde g\u00fcndem oldu.<\/p>\n<h3>SURV\u0130VOR&#8217;DA BEKLENMED\u0130K VEDA! SEMA AYDEM\u0130R YARI\u015eMAYA VEDA ETT\u0130<\/h3>\n<p class=\"p2\">Yar\u0131\u015fman\u0131n final haftalar\u0131na yakla\u015f\u0131l\u0131rken, elenen her isim adeta k\u00fc\u00e7\u00fck bir \u015fok etkisine neden oluyor.\u00a0 27 May\u0131s ak\u015fam\u0131 yay\u0131nlanan b\u00f6l\u00fcmde, d\u00f6rt iddial\u0131 isim elemeye kald\u0131: Aycan Yana\u00e7, Adem K\u0131l\u0131\u00e7c\u0131, Hikmet Tu\u011fsuz ve Sema Aydemir. K\u0131ran k\u0131rana ge\u00e7en d\u00fcellolar sonunda yar\u0131\u015fmaya veda eden isim, beklenmedik bir \u015fekilde Sema oldu.<\/p>\n<p><img loading=\"lazy\" decoding=\"async\" class=\"alignnone wp-image-184022 size-large\" src=\"https:\/\/www.tgrthaber.com\/mavikadin\/wp-content\/uploads\/Ekran-Resmi-2025-05-28-17.34.18-1024x589.png\" alt=\"\" width=\"1024\" height=\"589\" title=\"\" srcset=\"https:\/\/www.tgrthaber.com\/mavikadin\/wp-content\/uploads\/Ekran-Resmi-2025-05-28-17.34.18-1024x589.png 1024w, https:\/\/www.tgrthaber.com\/mavikadin\/wp-content\/uploads\/Ekran-Resmi-2025-05-28-17.34.18-300x173.png 300w, https:\/\/www.tgrthaber.com\/mavikadin\/wp-content\/uploads\/Ekran-Resmi-2025-05-28-17.34.18-768x442.png 768w, https:\/\/www.tgrthaber.com\/mavikadin\/wp-content\/uploads\/Ekran-Resmi-2025-05-28-17.34.18.png 1290w\" sizes=\"(max-width: 1024px) 100vw, 1024px\" \/><\/p>\n<hr \/>\n<p class=\"p2\">Sema\u2019n\u0131n vedas\u0131n\u0131n hemen ard\u0131ndan k\u0131z karde\u015fi Seda Ocak\u2019\u0131n sosyal medya hesab\u0131ndan yapt\u0131\u011f\u0131 payla\u015f\u0131m, adeta g\u00fcndeme bomba gibi d\u00fc\u015ft\u00fc. \u0130sim vermeden yazd\u0131\u011f\u0131 mesajda dikkat \u00e7eken ifadeler kullanmas\u0131, izleyiciler aras\u0131nda \u00e7e\u015fitli yorumlar\u0131n yap\u0131lmas\u0131na neden oldu.<\/p>\n<p class=\"p1\"><i>\u0130\u015fte Sema Aydemir&#8217;in karde\u015fi Seda Ocak&#8217;\u0131n o payla\u015f\u0131m\u0131:\u00a0<\/i><i><\/i><\/p>\n<p class=\"p1\">&#8221;Seninle gurur duyuyorum. Sonu\u00e7 ne olursa olsun yine yapt\u0131n \u015fovunu. Biliyorum \u00e7ok zor bir sezondu ama yine biliyorum ki en b\u00fcy\u00fck darbeyi en de\u011fer verdi\u011finden g\u00f6rmek son darbe oldu. Her \u015feyin hay\u0131rl\u0131s\u0131 k\u0131z karde\u015fim. D\u00f6n bir an \u00f6nce seni bekliyoruz.&#8221;<\/p>\n<p><img loading=\"lazy\" decoding=\"async\" class=\"alignnone wp-image-184023 size-large\" src=\"https:\/\/www.tgrthaber.com\/mavikadin\/wp-content\/uploads\/Ekran-Resmi-2025-05-28-17.34.07-1024x564.png\" alt=\"\" width=\"1024\" height=\"564\" title=\"\" srcset=\"https:\/\/www.tgrthaber.com\/mavikadin\/wp-content\/uploads\/Ekran-Resmi-2025-05-28-17.34.07-1024x564.png 1024w, https:\/\/www.tgrthaber.com\/mavikadin\/wp-content\/uploads\/Ekran-Resmi-2025-05-28-17.34.07-300x165.png 300w, https:\/\/www.tgrthaber.com\/mavikadin\/wp-content\/uploads\/Ekran-Resmi-2025-05-28-17.34.07-768x423.png 768w, https:\/\/www.tgrthaber.com\/mavikadin\/wp-content\/uploads\/Ekran-Resmi-2025-05-28-17.34.07.png 1350w\" sizes=\"(max-width: 1024px) 100vw, 1024px\" \/><\/p>\n<hr \/>\n<h3 class=\"p2\"><b>PAYLA\u015eIMDAK\u0130 HEDEF MERYEM M\u0130YD\u0130?<\/b><b><\/b><\/h3>\n<p class=\"p2\">Seda Ocak\u2019\u0131n yapt\u0131\u011f\u0131 payla\u015f\u0131mda herhangi bir isim ge\u00e7mese de dikkatli izleyiciler mesaj\u0131n hedefinde Meryem Kasap oldu\u011funu \u00f6ne s\u00fcrd\u00fc. \u00c7\u00fcnk\u00fc d\u00fcello s\u0131ras\u0131nda Adem ve Hikmet, Sema\u2019n\u0131n kazanmas\u0131 i\u00e7in destek verirken, Meryem\u2019in Aycan\u2019\u0131n yan\u0131nda durmas\u0131 izleyenlerin g\u00f6z\u00fcnden ka\u00e7mad\u0131. Bu detaylar, Seda\u2019n\u0131n mesaj\u0131n\u0131n sat\u0131r aralar\u0131n\u0131 daha da anlaml\u0131 hale getirdi.<\/p>\n<p><img loading=\"lazy\" decoding=\"async\" class=\"alignnone wp-image-184025 size-large\" src=\"https:\/\/www.tgrthaber.com\/mavikadin\/wp-content\/uploads\/Ekran-Resmi-2025-05-28-17.33.51-1024x633.png\" alt=\"\" width=\"1024\" height=\"633\" title=\"\" srcset=\"https:\/\/www.tgrthaber.com\/mavikadin\/wp-content\/uploads\/Ekran-Resmi-2025-05-28-17.33.51-1024x633.png 1024w, https:\/\/www.tgrthaber.com\/mavikadin\/wp-content\/uploads\/Ekran-Resmi-2025-05-28-17.33.51-300x185.png 300w, https:\/\/www.tgrthaber.com\/mavikadin\/wp-content\/uploads\/Ekran-Resmi-2025-05-28-17.33.51-768x475.png 768w, https:\/\/www.tgrthaber.com\/mavikadin\/wp-content\/uploads\/Ekran-Resmi-2025-05-28-17.33.51.png 1378w\" sizes=\"(max-width: 1024px) 100vw, 1024px\" \/><\/p>\n<hr \/>\n<h3 class=\"p2\"><b>SEMA\u2019NIN G\u0130D\u0130\u015e\u0130 TAKIMDA DENGELER\u0130 DE\u011e\u0130\u015eT\u0130REB\u0130L\u0130R<\/b><b><\/b><\/h3>\n<p class=\"p2\">Sema Aydemir\u2019in yar\u0131\u015fmadan elenmesi sadece duygusal bir veda olmad\u0131, ayn\u0131 zamanda tak\u0131m i\u00e7i dengeleri de de\u011fi\u015ftirecek bir geli\u015fme olarak g\u00f6r\u00fcl\u00fcyor. \u00d6zellikle son haftalara girilirken ya\u015fanan bu ayr\u0131l\u0131k, kalan yar\u0131\u015fmac\u0131lar aras\u0131nda yeni ittifaklar ve hesapla\u015fmalar\u0131n habercisi olabilir.<\/p>\n","protected":false},"excerpt":{"rendered":"<p>Survivor All Star 2025\u2019te Sema Aydemir\u2019in beklenmedik vedas\u0131 kadar, karde\u015fi Seda Ocak\u2019\u0131n yapt\u0131\u011f\u0131 o payla\u015f\u0131m da b\u00fcy\u00fck yank\u0131 uyand\u0131rd\u0131. \u0130sim vermeden yazd\u0131\u011f\u0131 mesaj, k\u0131sa s\u00fcrede g\u00fcndem olurken, hedefinde kimin oldu\u011fu sorusu sosyal medyada tart\u0131\u015fmalara neden oldu. \u0130\u015fte t\u00fcm detaylar.. <\/p>\n","protected":false},"author":16,"featured_media":184035,"comment_status":"closed","ping_status":"closed","sticky":false,"template":"","format":"standard","meta":{"rank_math_lock_modified_date":false,"footnotes":""},"categories":[76],"tags":[133,2218,23066,23068,23067],"class_list":["post-184007","post","type-post","status-publish","format-standard","has-post-thumbnail","hentry","category-magazin","tag-magazin","tag-magazin-haberleri","tag-survivor-elenen-semanin-kardesi-sedadan-paylasim","tag-survivor-sema-aydemir-kardesi-seda-ocak-paylasim","tag-survivor-semanin-kardesi-seda-ocak-paylasim"],"_links":{"self":[{"href":"https:\/\/www.tgrthaber.com\/mavikadin\/wp-json\/wp\/v2\/posts\/184007"}],"collection":[{"href":"https:\/\/www.tgrthaber.com\/mavikadin\/wp-json\/wp\/v2\/posts"}],"about":[{"href":"https:\/\/www.tgrthaber.com\/mavikadin\/wp-json\/wp\/v2\/types\/post"}],"author":[{"embeddable":true,"href":"https:\/\/www.tgrthaber.com\/mavikadin\/wp-json\/wp\/v2\/users\/16"}],"replies":[{"embeddable":true,"href":"https:\/\/www.tgrthaber.com\/mavikadin\/wp-json\/wp\/v2\/comments?post=184007"}],"version-history":[{"count":1,"href":"https:\/\/www.tgrthaber.com\/mavikadin\/wp-json\/wp\/v2\/posts\/184007\/revisions"}],"predecessor-version":[{"id":184036,"href":"https:\/\/www.tgrthaber.com\/mavikadin\/wp-json\/wp\/v2\/posts\/184007\/revisions\/184036"}],"wp:featuredmedia":[{"embeddable":true,"href":"https:\/\/www.tgrthaber.com\/mavikadin\/wp-json\/wp\/v2\/media\/184035"}],"wp:attachment":[{"href":"https:\/\/www.tgrthaber.com\/mavikadin\/wp-json\/wp\/v2\/media?parent=184007"}],"wp:term":[{"taxonomy":"category","embeddable":true,"href":"https:\/\/www.tgrthaber.com\/mavikadin\/wp-json\/wp\/v2\/categories?post=184007"},{"taxonomy":"post_tag","embeddable":true,"href":"https:\/\/www.tgrthaber.com\/mavikadin\/wp-json\/wp\/v2\/tags?post=184007"}],"curies":[{"name":"wp","href":"https:\/\/api.w.org\/{rel}","templated":true}]}}