{"id":184475,"date":"2025-05-29T15:55:47","date_gmt":"2025-05-29T12:55:47","guid":{"rendered":"https:\/\/www.tgrthaber.com\/mavikadin\/?p=184475"},"modified":"2025-05-29T15:55:48","modified_gmt":"2025-05-29T12:55:48","slug":"girisimci-kadinlarin-muhtesem-defilesi-atiklar-taki-elbise-olup-defilede-sergilendi","status":"publish","type":"post","link":"https:\/\/www.tgrthaber.com\/mavikadin\/girisimci-kadinlarin-muhtesem-defilesi-atiklar-taki-elbise-olup-defilede-sergilendi\/","title":{"rendered":"Giri\u015fimci kad\u0131nlar\u0131n muhte\u015fem defilesi! At\u0131klar tak\u0131 elbise olup defilede sergilendi"},"content":{"rendered":"<p>Ankara Zeytindal\u0131 Kad\u0131n \u00c7evre K\u00fclt\u00fcr ve \u0130\u015fletme Kooperatifi Mamak At\u00f6lyesi ile Bika Birle\u015fmi\u015f Kad\u0131n Giri\u015fimi \u00dcretim ve \u0130\u015fletme Kooperatifi, \u2018\u00dcretimde S\u0131f\u0131r At\u0131k\u2019 defilesiyle at\u0131klar\u0131 bamba\u015fka formlara d\u00f6n\u00fc\u015ft\u00fcrd\u00fc.<\/p>\n<h3>G\u0130R\u0130\u015e\u0130MC\u0130 KADINLARIN MUHTE\u015eEM DEF\u0130LES\u0130!<\/h3>\n<p>Avrupa Birli\u011fi taraf\u0131ndan fonlanan ve Uluslararas\u0131 G\u00f6\u00e7 Politikalar\u0131 Geli\u015ftirme Merkezi (ICMPD) taraf\u0131ndan Sanayi ve Teknoloji Bakanl\u0131\u011f\u0131 Kalk\u0131nma Ajanslar\u0131 Genel M\u00fcd\u00fcrl\u00fc\u011f\u00fc koordinasyonuyla y\u00fcr\u00fct\u00fclen ve Zeytindal\u0131 ile Bika Kooperatifleri taraf\u0131ndan yap\u0131lan \u2018\u0130\u011fnelerin Dans\u0131\u2019 projesi bir defile ile son buldu. Tasar\u0131mc\u0131 Zeliha Sunal taraf\u0131ndan verilen e\u011fitimlerle iki kooperatifin \u00fcyeleri, tekstil at\u0131klar\u0131ndan fermuar at\u0131\u011f\u0131na kadar at\u0131klara farkl\u0131 bir a\u00e7\u0131dan bakmay\u0131 \u00f6\u011frenerek, yeni tasar\u0131mlara imzalar\u0131n\u0131 att\u0131lar.<\/p>\n<p><img loading=\"lazy\" decoding=\"async\" class=\"alignnone size-full wp-image-184476\" src=\"https:\/\/www.tgrthaber.com\/mavikadin\/wp-content\/uploads\/2-1127.png\" alt=\"\" width=\"1208\" height=\"680\" title=\"\" srcset=\"https:\/\/www.tgrthaber.com\/mavikadin\/wp-content\/uploads\/2-1127.png 1208w, https:\/\/www.tgrthaber.com\/mavikadin\/wp-content\/uploads\/2-1127-300x169.png 300w, https:\/\/www.tgrthaber.com\/mavikadin\/wp-content\/uploads\/2-1127-1024x576.png 1024w, https:\/\/www.tgrthaber.com\/mavikadin\/wp-content\/uploads\/2-1127-768x432.png 768w\" sizes=\"(max-width: 1208px) 100vw, 1208px\" \/><\/p>\n<hr \/>\n<p>Defilede \u00e7anta saplar\u0131n\u0131n b\u00fcstiyere, ete\u011fe d\u00f6n\u00fc\u015fmesi, sand\u0131kta kalan dantellerin bamba\u015fka formlarda hayat bulmas\u0131, fermuar d\u00fc\u011fme at\u0131klar\u0131ndan \u00fcretilen tak\u0131larla zenginle\u015fen k\u0131yafetlerin deneyimli mankenler taraf\u0131ndan ta\u015f\u0131nmas\u0131 kad\u0131n kooperatiflerinin g\u00fcc\u00fcn\u00fc ve potansiyelini ortaya koydu.<\/p>\n<p><img loading=\"lazy\" decoding=\"async\" class=\"alignnone size-full wp-image-184479\" src=\"https:\/\/www.tgrthaber.com\/mavikadin\/wp-content\/uploads\/4-913.png\" alt=\"\" width=\"1208\" height=\"680\" title=\"\" srcset=\"https:\/\/www.tgrthaber.com\/mavikadin\/wp-content\/uploads\/4-913.png 1208w, https:\/\/www.tgrthaber.com\/mavikadin\/wp-content\/uploads\/4-913-300x169.png 300w, https:\/\/www.tgrthaber.com\/mavikadin\/wp-content\/uploads\/4-913-1024x576.png 1024w, https:\/\/www.tgrthaber.com\/mavikadin\/wp-content\/uploads\/4-913-768x432.png 768w\" sizes=\"(max-width: 1208px) 100vw, 1208px\" \/><\/p>\n<hr \/>\n<p>Kat\u0131l\u0131mc\u0131lar, bu hareketin devam etmesini isteyerek, kooperatifle\u015fmenin getirdi\u011fi ba\u015far\u0131ya \u00f6rnek olan \u00e7al\u0131\u015fman\u0131n di\u011fer kooperatiflere de ilham olmas\u0131n\u0131 temenni ettiler.<\/p>\n","protected":false},"excerpt":{"rendered":"<p>Giri\u015fimci kad\u0131nlar muhte\u015fem bir defileye imza att\u0131. Bika Birle\u015fmi\u015f Kad\u0131n Giri\u015fimi \u00dcretim ve \u0130\u015fletme Kooperatifi \u2018\u00dcretimde S\u0131f\u0131r At\u0131k\u2019 defilesiyle at\u0131klar\u0131 bamba\u015fka formlarda sahneye ta\u015f\u0131d\u0131.<\/p>\n","protected":false},"author":5,"featured_media":184477,"comment_status":"closed","ping_status":"closed","sticky":false,"template":"","format":"standard","meta":{"rank_math_lock_modified_date":false,"footnotes":""},"categories":[2149],"tags":[10447,3455,23177],"class_list":["post-184475","post","type-post","status-publish","format-standard","has-post-thumbnail","hentry","category-guclu-kadin","tag-girisimci-kadinlar","tag-guclu-kadin","tag-uretimde-sifir-atik"],"_links":{"self":[{"href":"https:\/\/www.tgrthaber.com\/mavikadin\/wp-json\/wp\/v2\/posts\/184475"}],"collection":[{"href":"https:\/\/www.tgrthaber.com\/mavikadin\/wp-json\/wp\/v2\/posts"}],"about":[{"href":"https:\/\/www.tgrthaber.com\/mavikadin\/wp-json\/wp\/v2\/types\/post"}],"author":[{"embeddable":true,"href":"https:\/\/www.tgrthaber.com\/mavikadin\/wp-json\/wp\/v2\/users\/5"}],"replies":[{"embeddable":true,"href":"https:\/\/www.tgrthaber.com\/mavikadin\/wp-json\/wp\/v2\/comments?post=184475"}],"version-history":[{"count":2,"href":"https:\/\/www.tgrthaber.com\/mavikadin\/wp-json\/wp\/v2\/posts\/184475\/revisions"}],"predecessor-version":[{"id":184483,"href":"https:\/\/www.tgrthaber.com\/mavikadin\/wp-json\/wp\/v2\/posts\/184475\/revisions\/184483"}],"wp:featuredmedia":[{"embeddable":true,"href":"https:\/\/www.tgrthaber.com\/mavikadin\/wp-json\/wp\/v2\/media\/184477"}],"wp:attachment":[{"href":"https:\/\/www.tgrthaber.com\/mavikadin\/wp-json\/wp\/v2\/media?parent=184475"}],"wp:term":[{"taxonomy":"category","embeddable":true,"href":"https:\/\/www.tgrthaber.com\/mavikadin\/wp-json\/wp\/v2\/categories?post=184475"},{"taxonomy":"post_tag","embeddable":true,"href":"https:\/\/www.tgrthaber.com\/mavikadin\/wp-json\/wp\/v2\/tags?post=184475"}],"curies":[{"name":"wp","href":"https:\/\/api.w.org\/{rel}","templated":true}]}}