{"id":184526,"date":"2025-05-29T16:36:16","date_gmt":"2025-05-29T13:36:16","guid":{"rendered":"https:\/\/www.tgrthaber.com\/mavikadin\/?p=184526"},"modified":"2025-05-29T16:36:16","modified_gmt":"2025-05-29T13:36:16","slug":"duzcede-kadin-aricilara-hibe-destegi-ari-yemi-dagitimi-yapildi","status":"publish","type":"post","link":"https:\/\/www.tgrthaber.com\/mavikadin\/duzcede-kadin-aricilara-hibe-destegi-ari-yemi-dagitimi-yapildi\/","title":{"rendered":"D\u00fczce\u2019de kad\u0131n ar\u0131c\u0131lara hibe deste\u011fi! Ar\u0131 yemi da\u011f\u0131t\u0131m\u0131 yap\u0131ld\u0131"},"content":{"rendered":"<p>D\u00fczce ar\u0131c\u0131l\u0131k faaliyeti y\u00fcr\u00fcten gen\u00e7 ve kad\u0131n ar\u0131c\u0131lara y\u00fczde 94 hibe deste\u011fi ile ar\u0131 yemi da\u011f\u0131t\u0131m\u0131 yap\u0131ld\u0131. D\u00fczce Valili\u011fi koordinasyonunda Tar\u0131m ve Orman M\u00fcd\u00fcrl\u00fc\u011f\u00fc i\u015f birli\u011fi \u00e7er\u00e7evesinde y\u00fcr\u00fct\u00fclen &#8220;Tar\u0131msal ve Hayvansal \u00dcretimin Geli\u015ftirilmesi Projesi&#8221; dahilinde, ar\u0131c\u0131l\u0131k faaliyetlerinin desteklenmesine y\u00f6nelik girdi temini da\u011f\u0131t\u0131m t\u00f6reni ger\u00e7ekle\u015ftirildi.<\/p>\n<h3>D\u00dcZCE\u2019DE KADIN ARICILARA DESTEK<\/h3>\n<p>Vali Sel\u00e7uk Aslan, tar\u0131mda s\u00fcrd\u00fcr\u00fclebilirlik ve k\u0131rsalda kalk\u0131nma i\u00e7in kararl\u0131l\u0131kla \u00e7al\u0131\u015fmaya devam ettiklerini s\u00f6yledi. T\u00f6rende yap\u0131lan konu\u015fmalarda ayr\u0131ca \u00fcreticilerin girdi maliyetlerinin azalt\u0131lmas\u0131n\u0131n ve koloni verimlili\u011finin art\u0131r\u0131lmas\u0131n\u0131n \u00f6ncelikli hedefler aras\u0131nda oldu\u011fu vurguland\u0131. Ayr\u0131ca, bu desteklerin b\u00f6lgedeki ar\u0131c\u0131l\u0131k faaliyetlerinin s\u00fcrd\u00fcr\u00fclebilirli\u011fine \u00f6nemli katk\u0131lar sa\u011flayaca\u011f\u0131, \u00f6zellikle gen\u00e7 ve kad\u0131n ar\u0131c\u0131lar\u0131n sekt\u00f6re te\u015fvik edilmesinde etkili olaca\u011f\u0131 ifade edildi. T\u00f6ren kapsam\u0131nda, ar\u0131c\u0131lara ar\u0131 yemi da\u011f\u0131t\u0131ld\u0131.<\/p>\n<p><img loading=\"lazy\" decoding=\"async\" class=\"alignnone size-full wp-image-184529\" src=\"https:\/\/www.tgrthaber.com\/mavikadin\/wp-content\/uploads\/Duzce-1-2.png\" alt=\"\" width=\"1208\" height=\"680\" title=\"\" srcset=\"https:\/\/www.tgrthaber.com\/mavikadin\/wp-content\/uploads\/Duzce-1-2.png 1208w, https:\/\/www.tgrthaber.com\/mavikadin\/wp-content\/uploads\/Duzce-1-2-300x169.png 300w, https:\/\/www.tgrthaber.com\/mavikadin\/wp-content\/uploads\/Duzce-1-2-1024x576.png 1024w, https:\/\/www.tgrthaber.com\/mavikadin\/wp-content\/uploads\/Duzce-1-2-768x432.png 768w\" sizes=\"(max-width: 1208px) 100vw, 1208px\" \/><\/p>\n<hr \/>\n<p>Bu proje ile b\u00f6lgedeki ar\u0131c\u0131l\u0131k faaliyetlerinin yayg\u0131nla\u015fmas\u0131 ve bal \u00fcretimindeki verimlili\u011fin ve kalitenin artmas\u0131 hedeflenmekte. B\u00f6ylece, ar\u0131c\u0131lar\u0131n \u00fcretkenli\u011fi y\u00fckselirken, D\u00fczce ekonomisine de \u00f6nemli katk\u0131lar sa\u011flayaca\u011f\u0131 d\u00fc\u015f\u00fcn\u00fclmekte.<\/p>\n<p>D\u00fczce \u0130l \u00d6zel \u0130daresi b\u00fct\u00e7esiyle finanse edilen proje ile, ar\u0131c\u0131l\u0131k faaliyetlerinde bulunan 177 i\u015fletmeye toplamda 4,8 ton fondan \u015feker da\u011f\u0131t\u0131m\u0131 ger\u00e7ekle\u015ftirildi. Bu kapsamda; 51 kad\u0131n ar\u0131c\u0131ya ait 3 bin 46 kovan ve 126 gen\u00e7 ar\u0131c\u0131ya ait 9 bin 774 kovan destekleme kapsam\u0131na al\u0131nd\u0131.<\/p>\n","protected":false},"excerpt":{"rendered":"<p>D\u00fczce\u2019de kad\u0131n ar\u0131c\u0131lara y\u00fczde 94 hibe deste\u011fi sa\u011flanarak ar\u0131 yemi da\u011f\u0131t\u0131m\u0131 yap\u0131ld\u0131. Vali Sel\u00e7uk Aslan, tar\u0131mda s\u00fcrd\u00fcr\u00fclebilirlik ve k\u0131rsalda kalk\u0131nma i\u00e7in kararl\u0131l\u0131kla \u00e7al\u0131\u015fmaya devam ettiklerini ifade etti.<\/p>\n","protected":false},"author":5,"featured_media":184530,"comment_status":"closed","ping_status":"closed","sticky":false,"template":"","format":"standard","meta":{"rank_math_lock_modified_date":false,"footnotes":""},"categories":[2149],"tags":[4606,23189,20091,3455,23188],"class_list":["post-184526","post","type-post","status-publish","format-standard","has-post-thumbnail","hentry","category-guclu-kadin","tag-aricilik","tag-aricilik-hibe-destegi","tag-duzce","tag-guclu-kadin","tag-kadin-aricilar"],"_links":{"self":[{"href":"https:\/\/www.tgrthaber.com\/mavikadin\/wp-json\/wp\/v2\/posts\/184526"}],"collection":[{"href":"https:\/\/www.tgrthaber.com\/mavikadin\/wp-json\/wp\/v2\/posts"}],"about":[{"href":"https:\/\/www.tgrthaber.com\/mavikadin\/wp-json\/wp\/v2\/types\/post"}],"author":[{"embeddable":true,"href":"https:\/\/www.tgrthaber.com\/mavikadin\/wp-json\/wp\/v2\/users\/5"}],"replies":[{"embeddable":true,"href":"https:\/\/www.tgrthaber.com\/mavikadin\/wp-json\/wp\/v2\/comments?post=184526"}],"version-history":[{"count":1,"href":"https:\/\/www.tgrthaber.com\/mavikadin\/wp-json\/wp\/v2\/posts\/184526\/revisions"}],"predecessor-version":[{"id":184532,"href":"https:\/\/www.tgrthaber.com\/mavikadin\/wp-json\/wp\/v2\/posts\/184526\/revisions\/184532"}],"wp:featuredmedia":[{"embeddable":true,"href":"https:\/\/www.tgrthaber.com\/mavikadin\/wp-json\/wp\/v2\/media\/184530"}],"wp:attachment":[{"href":"https:\/\/www.tgrthaber.com\/mavikadin\/wp-json\/wp\/v2\/media?parent=184526"}],"wp:term":[{"taxonomy":"category","embeddable":true,"href":"https:\/\/www.tgrthaber.com\/mavikadin\/wp-json\/wp\/v2\/categories?post=184526"},{"taxonomy":"post_tag","embeddable":true,"href":"https:\/\/www.tgrthaber.com\/mavikadin\/wp-json\/wp\/v2\/tags?post=184526"}],"curies":[{"name":"wp","href":"https:\/\/api.w.org\/{rel}","templated":true}]}}