{"id":184535,"date":"2025-05-29T17:02:49","date_gmt":"2025-05-29T14:02:49","guid":{"rendered":"https:\/\/www.tgrthaber.com\/mavikadin\/?p=184535"},"modified":"2025-05-29T17:04:38","modified_gmt":"2025-05-29T14:04:38","slug":"kiliste-55-yasindaki-fatma-demir-lisans-egitimini-tamamladi-turkiyenin-okumus-bilincli-genclere-ihtiyaci-var","status":"publish","type":"post","link":"https:\/\/www.tgrthaber.com\/mavikadin\/kiliste-55-yasindaki-fatma-demir-lisans-egitimini-tamamladi-turkiyenin-okumus-bilincli-genclere-ihtiyaci-var\/","title":{"rendered":"Kilis\u2019te 55 ya\u015f\u0131ndaki Fatma Demir lisans e\u011fitimini tamamlad\u0131! \u2018T\u00fcrkiye&#8217;nin okumu\u015f bilin\u00e7li gen\u00e7lere ihtiyac\u0131 var\u2019"},"content":{"rendered":"<p>Gaziantep&#8217;te ya\u015fayan 55 ya\u015f\u0131ndaki Fatma Demir Tav\u015fano\u011flu, Kilis 7 Aral\u0131k \u00dcniversitesi&#8217;nde 4 y\u0131ll\u0131k e\u011fitimini tamamlad\u0131. Gaziantep&#8217;ten her g\u00fcn Kilis&#8217;e gelerek e\u011fitim g\u00f6ren Tav\u015fano\u011flu, t\u00fcm zorluklara ra\u011fmen Tarih B\u00f6l\u00fcm\u00fcn\u00fc tamamlayarak mezun olman\u0131n gururunu ya\u015fad\u0131.<\/p>\n<h3>55 YA\u015eINDAK\u0130 FATMA DEM\u0130R L\u0130SANS E\u011e\u0130T\u0130M\u0130N\u0130 TAMAMLADI<\/h3>\n<p>Gaziantep&#8217;te ya\u015fayan 55 ya\u015f\u0131ndaki Fatma Demir Tav\u015fano\u011flu, azmiyle \u00f6rnek oldu. Kilis 7 Aral\u0131k \u00dcniversitesi Fen-Edebiyat Fak\u00fcltesi Tarih B\u00f6l\u00fcm\u00fcn\u00fc ba\u015far\u0131yla tamamlayan Tav\u015fano\u011flu, 4 y\u0131l boyunca her g\u00fcn Gaziantep&#8217;ten Kilis&#8217;e gidip gelerek e\u011fitimine devam etti.<\/p>\n<p><img loading=\"lazy\" decoding=\"async\" class=\"alignnone size-full wp-image-184536\" src=\"https:\/\/www.tgrthaber.com\/mavikadin\/wp-content\/uploads\/2-1130.png\" alt=\"\" width=\"1208\" height=\"680\" title=\"\" srcset=\"https:\/\/www.tgrthaber.com\/mavikadin\/wp-content\/uploads\/2-1130.png 1208w, https:\/\/www.tgrthaber.com\/mavikadin\/wp-content\/uploads\/2-1130-300x169.png 300w, https:\/\/www.tgrthaber.com\/mavikadin\/wp-content\/uploads\/2-1130-1024x576.png 1024w, https:\/\/www.tgrthaber.com\/mavikadin\/wp-content\/uploads\/2-1130-768x432.png 768w\" sizes=\"(max-width: 1208px) 100vw, 1208px\" \/><\/p>\n<hr \/>\n<h3>&#8220;T\u00dcRK\u0130YE&#8217;N\u0130N OKUMU\u015e, B\u0130L\u0130N\u00c7L\u0130 GEN\u00c7LERE \u0130HT\u0130YACI VAR&#8221;<\/h3>\n<p>Okuma tutkusunu dile getiren Tav\u015fano\u011flu, &#8220;\u0130nsanlar\u0131n okumas\u0131 laz\u0131m. T\u00fcrkiye&#8217;nin okumu\u015f, bilin\u00e7li gen\u00e7lere ihtiyac\u0131 var. \u00c7ocuklar\u0131ma ve \u00e7evreme \u00f6rnek olmak i\u00e7in elimden geleni yapt\u0131m. Bu y\u0131l 4&#8217;\u00fcnc\u00fc senem ve mezun oluyorum&#8221; dedi.<\/p>\n<h3>&#8220;RABB\u0130M \u0130STEYEN HERKESE NAS\u0130P ETS\u0130N&#8221;<\/h3>\n<p>\u00dcniversiteye ba\u015flama s\u00fcrecinin de zorluklarla dolu oldu\u011funu belirten Tav\u015fano\u011flu, &#8220;\u0130lk sene \u00fcniversiteyi kazanamad\u0131m. \u0130kinci sene kazand\u0131m ama gitmeyece\u011fim diye tercih yapmad\u0131m. \u00dc\u00e7\u00fcnc\u00fc y\u0131l son g\u00fcn, son saat ek yerle\u015ftirme ile ba\u015fvurdum. Rabbim nasip etti, Fen-Edebiyat Fak\u00fcltesi Tarih B\u00f6l\u00fcm\u00fcn\u00fc kazand\u0131m. \u015eimdi mezuniyetimi ya\u015f\u0131yorum. Rabbim isteyen herkese nasip etsin&#8221; \u015feklinde konu\u015ftu.<\/p>\n<p>E\u011fitimin \u00f6nemine dikkat \u00e7eken Tav\u015fano\u011flu, &#8220;Siz \u00f6rnek olursan\u0131z, \u00e7ocuklar\u0131n\u0131za yap\u0131n demenize gerek kalmaz. Onlar sizi izleyerek \u00f6\u011frenirler. Benim k\u0131rm\u0131z\u0131 \u00e7izgim e\u011fitim. Her zaman okumaktan ve okuldan yana oldum&#8221; dedi.<\/p>\n<p><img loading=\"lazy\" decoding=\"async\" class=\"alignnone size-full wp-image-184537\" src=\"https:\/\/www.tgrthaber.com\/mavikadin\/wp-content\/uploads\/4-916.png\" alt=\"\" width=\"1208\" height=\"680\" title=\"\" srcset=\"https:\/\/www.tgrthaber.com\/mavikadin\/wp-content\/uploads\/4-916.png 1208w, https:\/\/www.tgrthaber.com\/mavikadin\/wp-content\/uploads\/4-916-300x169.png 300w, https:\/\/www.tgrthaber.com\/mavikadin\/wp-content\/uploads\/4-916-1024x576.png 1024w, https:\/\/www.tgrthaber.com\/mavikadin\/wp-content\/uploads\/4-916-768x432.png 768w\" sizes=\"(max-width: 1208px) 100vw, 1208px\" \/><\/p>\n<hr \/>\n<h3>&#8220;E\u015e\u0130MDEN AYRILDIM, TEK BA\u015eIMAYIM AMA E\u011e\u0130T\u0130MDEN VAZGE\u00c7MED\u0130M&#8221;<\/h3>\n<p>Kad\u0131nlara seslenen Tav\u015fano\u011flu, &#8220;Korkmay\u0131n, y\u0131lmay\u0131n. E\u011fitiminize devam edin. G\u00fc\u00e7l\u00fc olun, e\u011fitimli olun. G\u00fczel birer anne olun. Ben e\u015fimden ayr\u0131ld\u0131m, tek ba\u015f\u0131may\u0131m ama e\u011fitimden vazge\u00e7medim. \u00c7ocuklar\u0131mla birlikte g\u00fczel bir \u00f6rnek oldum. Her g\u00fcn Gaziantep&#8217;ten Kilis&#8217;e gidip geldim. Burada anlatamad\u0131\u011f\u0131m bir\u00e7ok hikayem var&#8221; ifadelerini kulland\u0131.<\/p>\n<h3>&#8220;OKUYAMAYAN KADINLAR ADINA DA OKUDUM&#8221;<\/h3>\n<p>Okuma arzusunu sadece kendi ad\u0131na ta\u015f\u0131mad\u0131\u011f\u0131n\u0131 da vurgulayan Tav\u015fano\u011flu, &#8220;Okuyamayan kad\u0131nlar ad\u0131na da okudum. Bir\u00e7ok arkada\u015f\u0131m okuyamad\u0131. Ben onlar ad\u0131na da kep att\u0131m&#8221; dedi.<\/p>\n<p><img loading=\"lazy\" decoding=\"async\" class=\"alignnone size-full wp-image-184538\" src=\"https:\/\/www.tgrthaber.com\/mavikadin\/wp-content\/uploads\/3-1108.png\" alt=\"\" width=\"1208\" height=\"680\" title=\"\" srcset=\"https:\/\/www.tgrthaber.com\/mavikadin\/wp-content\/uploads\/3-1108.png 1208w, https:\/\/www.tgrthaber.com\/mavikadin\/wp-content\/uploads\/3-1108-300x169.png 300w, https:\/\/www.tgrthaber.com\/mavikadin\/wp-content\/uploads\/3-1108-1024x576.png 1024w, https:\/\/www.tgrthaber.com\/mavikadin\/wp-content\/uploads\/3-1108-768x432.png 768w\" sizes=\"(max-width: 1208px) 100vw, 1208px\" \/><\/p>\n<hr \/>\n<h3>&#8220;TAR\u0130H\u0130N\u0130 B\u0130LMEYEN Y\u00d6N\u00dcN\u00dc BEL\u0130RLEYEMEZ&#8221;<\/h3>\n<p>Tarihe olan ilgisini de dile getiren Tav\u015fano\u011flu, &#8220;Tarihini bilmeyen y\u00f6n\u00fcn\u00fc belirleyemez. Ge\u00e7mi\u015fini bilmeyen gelece\u011fe y\u00f6n veremez&#8221; dedi.<\/p>\n<h3>&#8220;\u00d6\u011eRENC\u0130LER\u0130N ANNES\u0130, TEYZES\u0130, ABLASI OLDUM&#8221;<\/h3>\n<p>Mezuniyet s\u00fcrecinde gen\u00e7lerle kurdu\u011fu ba\u011f\u0131 da anlatan Tav\u015fano\u011flu, &#8220;\u00c7evremdekiler \u00f6nce \u015fa\u015f\u0131rd\u0131. Ama sonra \u00f6\u011frencilerin annesi, teyzesi, ablas\u0131 oldum. Hepsiyle arkada\u015f olduk, \u00e7ok g\u00fczel ba\u011f kurduk. Hepsi birbirinden iyi, p\u0131rlanta gibi \u00e7ocuklar&#8221; dedi.<\/p>\n<p>Fatma Demir Tav\u015fano\u011flu, azmiyle bir\u00e7ok ki\u015fiye ilham olurken, &#8220;Kolunuzda bir alt\u0131n bilezi\u011finiz olsun. Okuyun, \u00e7al\u0131\u015f\u0131n, \u00e7abalay\u0131n. Hi\u00e7bir \u015fey i\u00e7in ge\u00e7 de\u011fil&#8221; diyerek s\u00f6zlerini tamamlad\u0131.<\/p>\n","protected":false},"excerpt":{"rendered":"<p>Kilis\u2019te 55 ya\u015f\u0131ndaki Fatma Demir Tav\u015fano\u011flu t\u00fcm zorluklara ra\u011fmen 4 y\u0131ll\u0131k Tarih e\u011fitimini tamamlad\u0131. Tav\u015fano\u011flu, y\u0131l boyunca her g\u00fcn Gaziantep&#8217;ten Kilis&#8217;e gidip gelerek e\u011fitimini bitirdi.<\/p>\n","protected":false},"author":5,"featured_media":184539,"comment_status":"closed","ping_status":"closed","sticky":false,"template":"","format":"standard","meta":{"rank_math_lock_modified_date":false,"footnotes":""},"categories":[2149],"tags":[23190,3455,13211],"class_list":["post-184535","post","type-post","status-publish","format-standard","has-post-thumbnail","hentry","category-guclu-kadin","tag-fatma-demir","tag-guclu-kadin","tag-kilis"],"_links":{"self":[{"href":"https:\/\/www.tgrthaber.com\/mavikadin\/wp-json\/wp\/v2\/posts\/184535"}],"collection":[{"href":"https:\/\/www.tgrthaber.com\/mavikadin\/wp-json\/wp\/v2\/posts"}],"about":[{"href":"https:\/\/www.tgrthaber.com\/mavikadin\/wp-json\/wp\/v2\/types\/post"}],"author":[{"embeddable":true,"href":"https:\/\/www.tgrthaber.com\/mavikadin\/wp-json\/wp\/v2\/users\/5"}],"replies":[{"embeddable":true,"href":"https:\/\/www.tgrthaber.com\/mavikadin\/wp-json\/wp\/v2\/comments?post=184535"}],"version-history":[{"count":2,"href":"https:\/\/www.tgrthaber.com\/mavikadin\/wp-json\/wp\/v2\/posts\/184535\/revisions"}],"predecessor-version":[{"id":184541,"href":"https:\/\/www.tgrthaber.com\/mavikadin\/wp-json\/wp\/v2\/posts\/184535\/revisions\/184541"}],"wp:featuredmedia":[{"embeddable":true,"href":"https:\/\/www.tgrthaber.com\/mavikadin\/wp-json\/wp\/v2\/media\/184539"}],"wp:attachment":[{"href":"https:\/\/www.tgrthaber.com\/mavikadin\/wp-json\/wp\/v2\/media?parent=184535"}],"wp:term":[{"taxonomy":"category","embeddable":true,"href":"https:\/\/www.tgrthaber.com\/mavikadin\/wp-json\/wp\/v2\/categories?post=184535"},{"taxonomy":"post_tag","embeddable":true,"href":"https:\/\/www.tgrthaber.com\/mavikadin\/wp-json\/wp\/v2\/tags?post=184535"}],"curies":[{"name":"wp","href":"https:\/\/api.w.org\/{rel}","templated":true}]}}