{"id":184586,"date":"2025-05-29T18:23:59","date_gmt":"2025-05-29T15:23:59","guid":{"rendered":"https:\/\/www.tgrthaber.com\/mavikadin\/?p=184586"},"modified":"2025-05-29T18:23:58","modified_gmt":"2025-05-29T15:23:58","slug":"gozenekleri-yok-et-ve-parla-kuflenmis-yogurt-maskesi","status":"publish","type":"post","link":"https:\/\/www.tgrthaber.com\/mavikadin\/gozenekleri-yok-et-ve-parla-kuflenmis-yogurt-maskesi\/","title":{"rendered":"G\u00f6zenekleri yok et ve parla! K\u00fcflenmi\u015f yo\u011furt maskesi"},"content":{"rendered":"<p>Cilt bak\u0131m\u0131 d\u00fcnyas\u0131nda s\u0131ra d\u0131\u015f\u0131 bir y\u00f6ntem daha g\u00fcndemde: K\u00fcflenmi\u015f yo\u011furt maskesi! \u0130lk duydu\u011funuzda sizi \u015fa\u015f\u0131rtabilir, hatta tedirgin edebilir ama sosyal medyada h\u0131zla yay\u0131lan bu y\u00f6ntem, b\u00fcy\u00fck g\u00f6zeneklerden ve cans\u0131z ciltten \u015fikayet\u00e7i olanlar i\u00e7in do\u011fal ve etkili bir \u00e7\u00f6z\u00fcm olarak \u00f6ne \u00e7\u0131k\u0131yor. Peki, ger\u00e7ekten i\u015fe yar\u0131yor mu? \u0130\u015fte detaylar\u2026<\/p>\n<h3>K\u00dcFLENM\u0130\u015e YO\u011eURT MASKES\u0130 NED\u0130R?<\/h3>\n<p>K\u00fcflenmi\u015f yo\u011furt, asl\u0131nda son kullanma tarihi ge\u00e7mi\u015f, \u00fcst k\u0131sm\u0131nda ye\u015filimsi veya mavimsi k\u00fcf olu\u015fmu\u015f yo\u011furt anlam\u0131na geliyor. Cilt bak\u0131m\u0131nda kullan\u0131lan k\u0131sm\u0131 ise sadece bu k\u00fcfl\u00fc tabakan\u0131n hemen alt\u0131ndaki yo\u011furt k\u0131sm\u0131. \u0130\u00e7erdi\u011fi probiyotikler, laktik asit ve do\u011fal fermente maddeler sayesinde bu t\u00fcr yo\u011furtlar cilt \u00fczerinde do\u011fal bir peeling etkisi olu\u015fturuyor.<\/p>\n<p>Ancak uzmanlar burada dikkat edilmesi gereken bir noktan\u0131n alt\u0131n\u0131 \u00e7iziyor: K\u00fcf\u00fcn kendisi de\u011fil, onun alt\u0131ndaki k\u0131sm\u0131 kullan\u0131lmal\u0131. Ayr\u0131ca maskeyi uygulamadan \u00f6nce ciltte k\u00fc\u00e7\u00fck bir alanda test yap\u0131lmal\u0131.<\/p>\n<p><img loading=\"lazy\" decoding=\"async\" class=\"alignnone size-full wp-image-184619\" src=\"https:\/\/www.tgrthaber.com\/mavikadin\/wp-content\/uploads\/3-1110.png\" alt=\"\" width=\"1280\" height=\"720\" title=\"\" srcset=\"https:\/\/www.tgrthaber.com\/mavikadin\/wp-content\/uploads\/3-1110.png 1280w, https:\/\/www.tgrthaber.com\/mavikadin\/wp-content\/uploads\/3-1110-300x169.png 300w, https:\/\/www.tgrthaber.com\/mavikadin\/wp-content\/uploads\/3-1110-1024x576.png 1024w, https:\/\/www.tgrthaber.com\/mavikadin\/wp-content\/uploads\/3-1110-768x432.png 768w\" sizes=\"(max-width: 1280px) 100vw, 1280px\" \/><\/p>\n<hr \/>\n<h3>S\u0130V\u0130LCE VE AKNEYE KAR\u015eI ETK\u0130L\u0130 B\u0130R \u00c7\u00d6Z\u00dcM<\/h3>\n<p>Yo\u011furt, do\u011fal antibakteriyel ve antifungal \u00f6zelliklere sahip bir besindir. \u0130\u00e7eri\u011findeki laktik asit, ciltteki \u00f6l\u00fc h\u00fccreleri nazik\u00e7e temizlerken, probiyotikler ciltteki zararl\u0131 bakterilerin \u00e7o\u011falmas\u0131n\u0131 engeller. Bu \u00f6zellikleri sayesinde, yo\u011furt maskesi sivilce ve akne olu\u015fumunu azaltmaya yard\u0131mc\u0131 olabilir.<\/p>\n<p>K\u00fcflenmi\u015f yo\u011furt maskesi, \u00f6zellikle sivilceye e\u011filimli ciltlerde sebum dengesini sa\u011flayarak, ciltteki iltihaplar\u0131 azaltabilir ve yeni sivilce olu\u015fumunu engelleyebilir. Ancak, bu maskeyi uygulamadan \u00f6nce ciltte k\u00fc\u00e7\u00fck bir alanda test yapmak \u00f6nemlidir.<\/p>\n<p><img loading=\"lazy\" decoding=\"async\" class=\"alignnone size-full wp-image-184618\" src=\"https:\/\/www.tgrthaber.com\/mavikadin\/wp-content\/uploads\/2-1132.png\" alt=\"\" width=\"1280\" height=\"720\" title=\"\" srcset=\"https:\/\/www.tgrthaber.com\/mavikadin\/wp-content\/uploads\/2-1132.png 1280w, https:\/\/www.tgrthaber.com\/mavikadin\/wp-content\/uploads\/2-1132-300x169.png 300w, https:\/\/www.tgrthaber.com\/mavikadin\/wp-content\/uploads\/2-1132-1024x576.png 1024w, https:\/\/www.tgrthaber.com\/mavikadin\/wp-content\/uploads\/2-1132-768x432.png 768w\" sizes=\"(max-width: 1280px) 100vw, 1280px\" \/><\/p>\n<hr \/>\n<h3>MASKE NASIL HAZIRLANIR?<\/h3>\n<p><strong>Malzemeler:<\/strong><\/p>\n<p>1 yemek ka\u015f\u0131\u011f\u0131 k\u00fcflenmi\u015f yo\u011furdun sadece temiz i\u00e7 k\u0131sm\u0131<\/p>\n<p>1 \u00e7ay ka\u015f\u0131\u011f\u0131 bal<\/p>\n<p>\u0130ste\u011fe ba\u011fl\u0131 birka\u00e7 damla limon suyu (ya\u011fl\u0131 ciltler i\u00e7in)<\/p>\n<p><img loading=\"lazy\" decoding=\"async\" class=\"alignnone size-full wp-image-184620\" src=\"https:\/\/www.tgrthaber.com\/mavikadin\/wp-content\/uploads\/4-918.png\" alt=\"\" width=\"1280\" height=\"720\" title=\"\" srcset=\"https:\/\/www.tgrthaber.com\/mavikadin\/wp-content\/uploads\/4-918.png 1280w, https:\/\/www.tgrthaber.com\/mavikadin\/wp-content\/uploads\/4-918-300x169.png 300w, https:\/\/www.tgrthaber.com\/mavikadin\/wp-content\/uploads\/4-918-1024x576.png 1024w, https:\/\/www.tgrthaber.com\/mavikadin\/wp-content\/uploads\/4-918-768x432.png 768w\" sizes=\"(max-width: 1280px) 100vw, 1280px\" \/><\/p>\n<hr \/>\n<p><strong>Uygulama:<\/strong><\/p>\n<p>Malzemeleri bir kapta iyice kar\u0131\u015ft\u0131r\u0131n.<\/p>\n<p>Temizlenmi\u015f cilde parmak u\u00e7lar\u0131n\u0131zla dairesel hareketlerle uygulay\u0131n.<\/p>\n<p>G\u00f6z \u00e7evresinden ka\u00e7\u0131narak 10-15 dakika bekletin.<\/p>\n<p>Il\u0131k suyla durulay\u0131n ve ard\u0131ndan nemlendiricinizi s\u00fcr\u00fcn.<\/p>\n<p><img loading=\"lazy\" decoding=\"async\" class=\"alignnone size-full wp-image-184621\" src=\"https:\/\/www.tgrthaber.com\/mavikadin\/wp-content\/uploads\/5-567.png\" alt=\"\" width=\"1280\" height=\"720\" title=\"\" srcset=\"https:\/\/www.tgrthaber.com\/mavikadin\/wp-content\/uploads\/5-567.png 1280w, https:\/\/www.tgrthaber.com\/mavikadin\/wp-content\/uploads\/5-567-300x169.png 300w, https:\/\/www.tgrthaber.com\/mavikadin\/wp-content\/uploads\/5-567-1024x576.png 1024w, https:\/\/www.tgrthaber.com\/mavikadin\/wp-content\/uploads\/5-567-768x432.png 768w\" sizes=\"(max-width: 1280px) 100vw, 1280px\" \/><\/p>\n<hr \/>\n<h3>UZMANLAR NE D\u0130YOR?<\/h3>\n<p>Dermatologlar, bu y\u00f6ntemin ilgin\u00e7 ve etkili olabilece\u011fini ancak potansiyel riskler bar\u0131nd\u0131rd\u0131\u011f\u0131n\u0131 vurguluyor. K\u00fcf mantarlar\u0131n\u0131n ciltte tahri\u015fe yol a\u00e7abilece\u011fini belirten uzmanlar, yaln\u0131zca k\u00fc\u00e7\u00fck bir alanda denenmesini ve a\u00e7\u0131k yaralara uygulanmamas\u0131n\u0131 \u00f6neriyor.<\/p>\n<p>Ayr\u0131ca, ba\u011f\u0131\u015f\u0131kl\u0131k sistemi hassas olan ki\u015filer ya da alerjik b\u00fcnyeler i\u00e7in bu t\u00fcr maskelerin \u00f6nerilmedi\u011fini de hat\u0131rlat\u0131yorlar.<\/p>\n<p><img loading=\"lazy\" decoding=\"async\" class=\"alignnone size-full wp-image-184623\" src=\"https:\/\/www.tgrthaber.com\/mavikadin\/wp-content\/uploads\/6-271.png\" alt=\"\" width=\"1280\" height=\"720\" title=\"\" srcset=\"https:\/\/www.tgrthaber.com\/mavikadin\/wp-content\/uploads\/6-271.png 1280w, https:\/\/www.tgrthaber.com\/mavikadin\/wp-content\/uploads\/6-271-300x169.png 300w, https:\/\/www.tgrthaber.com\/mavikadin\/wp-content\/uploads\/6-271-1024x576.png 1024w, https:\/\/www.tgrthaber.com\/mavikadin\/wp-content\/uploads\/6-271-768x432.png 768w\" sizes=\"(max-width: 1280px) 100vw, 1280px\" \/><\/p>\n<hr \/>\n<h3>DO\u011eAL AMA D\u0130KAKTL\u0130 OLUNMALI<\/h3>\n<p>Do\u011fal cilt bak\u0131m y\u00f6ntemleri her ge\u00e7en g\u00fcn pop\u00fclerli\u011fini art\u0131r\u0131yor. Ancak her do\u011fal malzeme herkes i\u00e7in uygun olmayabilir. K\u00fcflenmi\u015f yo\u011furt maskesi de bu s\u0131ra d\u0131\u015f\u0131 \u00e7\u00f6z\u00fcmlerden biri. Ciltte parlakl\u0131k ve tazelik vaat eden bu maske, do\u011fru uyguland\u0131\u011f\u0131nda etkili olabilir; ancak hijyen ve sa\u011fl\u0131k kurallar\u0131na dikkat edilmeden uygulanmas\u0131 ciddi sonu\u00e7lar do\u011furabilir.<\/p>\n","protected":false},"excerpt":{"rendered":"<p>Sosyal medyada zaman zaman ilgin\u00e7 ve riskli g\u00fczellik trendleri g\u00fcndeme geliyor. Bunlardan biri de son g\u00fcnlerde ad\u0131ndan s\u00f6z ettiren \u201ck\u00fcflenmi\u015f yo\u011furt maskesi\u201d. Peki, bu uygulama ger\u00e7ekten i\u015fe yar\u0131yor mu yoksa cilt sa\u011fl\u0131\u011f\u0131n\u0131z i\u00e7in b\u00fcy\u00fck bir tehlike mi bar\u0131nd\u0131r\u0131yor? \u0130\u015fte detaylar&#8230;<\/p>\n","protected":false},"author":28,"featured_media":184616,"comment_status":"closed","ping_status":"closed","sticky":false,"template":"","format":"standard","meta":{"rank_math_lock_modified_date":true,"footnotes":""},"categories":[95],"tags":[3836,106,23204,23205,276],"class_list":["post-184586","post","type-post","status-publish","format-standard","has-post-thumbnail","hentry","category-guzellik","tag-cilt-bakimi","tag-guzellik","tag-kuflenmis-yogurt-maskesi","tag-kuflenmis-yogurt-maskesi-nedir","tag-sivilce"],"_links":{"self":[{"href":"https:\/\/www.tgrthaber.com\/mavikadin\/wp-json\/wp\/v2\/posts\/184586"}],"collection":[{"href":"https:\/\/www.tgrthaber.com\/mavikadin\/wp-json\/wp\/v2\/posts"}],"about":[{"href":"https:\/\/www.tgrthaber.com\/mavikadin\/wp-json\/wp\/v2\/types\/post"}],"author":[{"embeddable":true,"href":"https:\/\/www.tgrthaber.com\/mavikadin\/wp-json\/wp\/v2\/users\/28"}],"replies":[{"embeddable":true,"href":"https:\/\/www.tgrthaber.com\/mavikadin\/wp-json\/wp\/v2\/comments?post=184586"}],"version-history":[{"count":1,"href":"https:\/\/www.tgrthaber.com\/mavikadin\/wp-json\/wp\/v2\/posts\/184586\/revisions"}],"predecessor-version":[{"id":184624,"href":"https:\/\/www.tgrthaber.com\/mavikadin\/wp-json\/wp\/v2\/posts\/184586\/revisions\/184624"}],"wp:featuredmedia":[{"embeddable":true,"href":"https:\/\/www.tgrthaber.com\/mavikadin\/wp-json\/wp\/v2\/media\/184616"}],"wp:attachment":[{"href":"https:\/\/www.tgrthaber.com\/mavikadin\/wp-json\/wp\/v2\/media?parent=184586"}],"wp:term":[{"taxonomy":"category","embeddable":true,"href":"https:\/\/www.tgrthaber.com\/mavikadin\/wp-json\/wp\/v2\/categories?post=184586"},{"taxonomy":"post_tag","embeddable":true,"href":"https:\/\/www.tgrthaber.com\/mavikadin\/wp-json\/wp\/v2\/tags?post=184586"}],"curies":[{"name":"wp","href":"https:\/\/api.w.org\/{rel}","templated":true}]}}