{"id":184613,"date":"2025-05-29T18:27:35","date_gmt":"2025-05-29T15:27:35","guid":{"rendered":"https:\/\/www.tgrthaber.com\/mavikadin\/?p=184613"},"modified":"2025-05-29T18:30:14","modified_gmt":"2025-05-29T15:30:14","slug":"hem-saciniz-hem-cildiniz-tam-10-yas-genclessin-tek-yapmaniz-gereken","status":"publish","type":"post","link":"https:\/\/www.tgrthaber.com\/mavikadin\/hem-saciniz-hem-cildiniz-tam-10-yas-genclessin-tek-yapmaniz-gereken\/","title":{"rendered":"Hem sa\u00e7\u0131n\u0131z hem cildiniz tam 10 ya\u015f gen\u00e7le\u015fsin! Tek yapman\u0131z gereken"},"content":{"rendered":"<p>Zaman\u0131n izleri en \u00e7ok y\u00fcz\u00fcm\u00fczde ve sa\u00e7lar\u0131m\u0131zda belirginle\u015fiyor. Aynaya bakt\u0131\u011f\u0131n\u0131zda eskisinden daha yorgun, daha solgun bir g\u00f6r\u00fcn\u00fcmle kar\u015f\u0131la\u015f\u0131yorsan\u0131z, yaln\u0131z de\u011filsiniz. Fakat g\u00fczel haber \u015fu ki, birka\u00e7 k\u00fc\u00e7\u00fck ama etkili ad\u0131mla bu gidi\u015fat\u0131 tersine \u00e7evirmek m\u00fcmk\u00fcn. Ne pahal\u0131 kozmetik \u00fcr\u00fcnlerine ne de zorlay\u0131c\u0131 i\u015flemlere gerek var. Evinizde, kendi imkanlar\u0131n\u0131zla hem sa\u00e7\u0131n\u0131z\u0131 hem de cildinizi y\u0131llar \u00f6ncesine d\u00f6nd\u00fcrebilirsiniz. Yani mesele ya\u015f almak de\u011fil, \u00f6nemli olan, ya\u015f al\u0131rken sa\u011fl\u0131kl\u0131 ve canl\u0131 g\u00f6r\u00fcnmeye devam edebilmek. \u00dcstelik bu san\u0131ld\u0131\u011f\u0131 kadar karma\u015f\u0131k bir i\u015f de de\u011fil.<\/p>\n<h3>D\u00dcZENL\u0130 BAKIM GEN\u00c7 G\u00d6R\u00dcN\u00dcM \u0130\u00c7\u0130N \u015eART<\/h3>\n<p>Cildinizin eskisi kadar parlak olmad\u0131\u011f\u0131n\u0131 ya da sa\u00e7lar\u0131n\u0131z\u0131n art\u0131k kolayca d\u00f6k\u00fcld\u00fc\u011f\u00fcn\u00fc fark ettiyseniz, i\u015fe bak\u0131m al\u0131\u015fkanl\u0131klar\u0131n\u0131z\u0131 g\u00f6zden ge\u00e7irerek ba\u015flay\u0131n.<\/p>\n<p><img loading=\"lazy\" decoding=\"async\" class=\"alignnone wp-image-184617\" src=\"https:\/\/www.tgrthaber.com\/mavikadin\/wp-content\/uploads\/1251962dd7a0b1b8bf9d9fec4fb21593-300x143.jpg\" alt=\"\" width=\"1208\" height=\"575\" title=\"\" srcset=\"https:\/\/www.tgrthaber.com\/mavikadin\/wp-content\/uploads\/1251962dd7a0b1b8bf9d9fec4fb21593-300x143.jpg 300w, https:\/\/www.tgrthaber.com\/mavikadin\/wp-content\/uploads\/1251962dd7a0b1b8bf9d9fec4fb21593.jpg 735w\" sizes=\"(max-width: 1208px) 100vw, 1208px\" \/><\/p>\n<hr \/>\n<p>Cilt i\u00e7in sabah-ak\u015fam temizlik ve ard\u0131ndan uygun bir nemlendirici kullan\u0131m\u0131, asl\u0131nda en temel ama en etkili ad\u0131md\u0131r. Haftada bir uygulayaca\u011f\u0131n\u0131z nazik bir peeling ise cildin nefes almas\u0131n\u0131 sa\u011flar.<\/p>\n<p>Sa\u00e7 i\u00e7inse haftada bir kez do\u011fal ya\u011flarla yap\u0131lan bak\u0131m maskeleri, hem sa\u00e7 derisini besler hem de y\u0131pranm\u0131\u015f telleri onar\u0131r. \u00d6zellikle zeytinya\u011f\u0131, hindistancevizi ya\u011f\u0131 ya da argan ya\u011f\u0131 gibi besleyici ya\u011flar, d\u00fczenli kullan\u0131mda g\u00f6zle g\u00f6r\u00fcl\u00fcr fark yarat\u0131r.<\/p>\n<p><img loading=\"lazy\" decoding=\"async\" class=\"alignnone wp-image-184622\" src=\"https:\/\/www.tgrthaber.com\/mavikadin\/wp-content\/uploads\/Hem-saciniz-hem-cildiniz-tam-10-yas-genclessin-300x125.webp\" alt=\"\" width=\"1208\" height=\"502\" title=\"\" srcset=\"https:\/\/www.tgrthaber.com\/mavikadin\/wp-content\/uploads\/Hem-saciniz-hem-cildiniz-tam-10-yas-genclessin-300x125.webp 300w, https:\/\/www.tgrthaber.com\/mavikadin\/wp-content\/uploads\/Hem-saciniz-hem-cildiniz-tam-10-yas-genclessin.webp 650w\" sizes=\"(max-width: 1208px) 100vw, 1208px\" \/><\/p>\n<hr \/>\n<h3>HEM SA\u00c7INIZ HEM C\u0130LD\u0130N\u0130Z TAM 10 YA\u015e GEN\u00c7LE\u015eS\u0130N<\/h3>\n<p>Bu iddial\u0131 c\u00fcmle asl\u0131nda m\u00fcmk\u00fcn. \u00c7\u00fcnk\u00fc cildin ve sa\u00e7\u0131n ihtiya\u00e7 duydu\u011fu temel besin maddeleri kar\u015f\u0131land\u0131\u011f\u0131nda, g\u00f6r\u00fcn\u00fcmde ciddi bir yenilenme g\u00f6zlemleniyor. Kolajen deste\u011fi, C ve E vitamini, omega-3 i\u00e7eren takviyeler ya da g\u0131dalar; hem h\u00fccre yenilenmesini destekliyor hem de ya\u015flanma belirtilerinin hafiflemesine yard\u0131mc\u0131 oluyor.<\/p>\n<p>\u00d6zellikle g\u00fcne\u015ften korunma, art\u0131k l\u00fcks de\u011fil temel bir ihtiya\u00e7. Cilt kadar sa\u00e7 da UV \u0131\u015f\u0131nlar\u0131ndan olumsuz etkileniyor. Bu y\u00fczden g\u00fcne\u015fe \u00e7\u0131kmadan \u00f6nce cildinize uygun koruyucu krem, sa\u00e7lar\u0131n\u0131za ise koruyucu sprey kullanmak olduk\u00e7a faydal\u0131.<\/p>\n<p><img loading=\"lazy\" decoding=\"async\" class=\"alignnone wp-image-184625\" src=\"https:\/\/www.tgrthaber.com\/mavikadin\/wp-content\/uploads\/i-112-300x169.webp\" alt=\"\" width=\"1208\" height=\"680\" title=\"\" srcset=\"https:\/\/www.tgrthaber.com\/mavikadin\/wp-content\/uploads\/i-112-300x169.webp 300w, https:\/\/www.tgrthaber.com\/mavikadin\/wp-content\/uploads\/i-112.webp 480w\" sizes=\"(max-width: 1208px) 100vw, 1208px\" \/><\/p>\n<hr \/>\n<h3>BESLENME DE G\u00d6R\u00dcN\u00dcM\u00dc DO\u011eRUDAN ETK\u0130L\u0130YOR<\/h3>\n<p>G\u00fczel bir cilt ve sa\u011fl\u0131kl\u0131 sa\u00e7 i\u00e7in sadece d\u0131\u015fardan m\u00fcdahale yetmiyor. Bol su i\u00e7mek, antioksidan bak\u0131m\u0131ndan zengin sebze-meyveler t\u00fcketmek ve i\u015flenmi\u015f g\u0131dalardan m\u00fcmk\u00fcn oldu\u011funca uzak durmak en az d\u0131\u015f bak\u0131m kadar etkili. \u00d6rne\u011fin, her g\u00fcn d\u00fczenli olarak ceviz, avokado, havu\u00e7 ya da yaban mersini t\u00fcketenlerin ciltlerinde k\u0131sa s\u00fcrede parlakl\u0131k fark ediliyor.<\/p>\n","protected":false},"excerpt":{"rendered":"<p>G\u00fcn\u00fcm\u00fczde aynaya her bakt\u0131\u011f\u0131nda \u201cEskisinden daha yorgun mu g\u00f6r\u00fcn\u00fcyorum?\u201d diye d\u00fc\u015f\u00fcnenlerin say\u0131s\u0131 hi\u00e7 az de\u011fil. Yo\u011fun hayat temposu, \u015fehir havas\u0131, yanl\u0131\u015f \u00fcr\u00fcn kullan\u0131m\u0131 derken hem cilt hem sa\u00e7 zamanla solgunla\u015fabiliyor. Oysa ya\u015f al\u0131rken bile daha canl\u0131, daha bak\u0131ml\u0131 g\u00f6r\u00fcnmek m\u00fcmk\u00fcn. Do\u011fru i\u00e7eriklerle desteklenen basit ad\u0131mlar sayesinde, cilt de sa\u00e7 da k\u0131sa s\u00fcrede kendini toparlamaya ba\u015fl\u0131yor. Peki hem sa\u00e7\u0131n\u0131z\u0131n hem de cildinizin gen\u00e7le\u015fmesi m\u00fcmk\u00fcn m\u00fc? \u0130\u015fte yapman\u0131z gereken&#8230;<\/p>\n","protected":false},"author":35,"featured_media":184628,"comment_status":"closed","ping_status":"closed","sticky":false,"template":"","format":"standard","meta":{"rank_math_lock_modified_date":false,"footnotes":""},"categories":[95],"tags":[106,4640,23206],"class_list":["post-184613","post","type-post","status-publish","format-standard","has-post-thumbnail","hentry","category-guzellik","tag-guzellik","tag-sac-maskesi","tag-zeytinyagi-maskesi"],"_links":{"self":[{"href":"https:\/\/www.tgrthaber.com\/mavikadin\/wp-json\/wp\/v2\/posts\/184613"}],"collection":[{"href":"https:\/\/www.tgrthaber.com\/mavikadin\/wp-json\/wp\/v2\/posts"}],"about":[{"href":"https:\/\/www.tgrthaber.com\/mavikadin\/wp-json\/wp\/v2\/types\/post"}],"author":[{"embeddable":true,"href":"https:\/\/www.tgrthaber.com\/mavikadin\/wp-json\/wp\/v2\/users\/35"}],"replies":[{"embeddable":true,"href":"https:\/\/www.tgrthaber.com\/mavikadin\/wp-json\/wp\/v2\/comments?post=184613"}],"version-history":[{"count":1,"href":"https:\/\/www.tgrthaber.com\/mavikadin\/wp-json\/wp\/v2\/posts\/184613\/revisions"}],"predecessor-version":[{"id":184626,"href":"https:\/\/www.tgrthaber.com\/mavikadin\/wp-json\/wp\/v2\/posts\/184613\/revisions\/184626"}],"wp:featuredmedia":[{"embeddable":true,"href":"https:\/\/www.tgrthaber.com\/mavikadin\/wp-json\/wp\/v2\/media\/184628"}],"wp:attachment":[{"href":"https:\/\/www.tgrthaber.com\/mavikadin\/wp-json\/wp\/v2\/media?parent=184613"}],"wp:term":[{"taxonomy":"category","embeddable":true,"href":"https:\/\/www.tgrthaber.com\/mavikadin\/wp-json\/wp\/v2\/categories?post=184613"},{"taxonomy":"post_tag","embeddable":true,"href":"https:\/\/www.tgrthaber.com\/mavikadin\/wp-json\/wp\/v2\/tags?post=184613"}],"curies":[{"name":"wp","href":"https:\/\/api.w.org\/{rel}","templated":true}]}}